{"id":11777806,"date":"2026-01-19T09:59:00","date_gmt":"2026-01-19T13:59:00","guid":{"rendered":"https:\/\/www.corumbaonline.com.br\/news\/?p=11777806"},"modified":"2026-01-19T10:33:25","modified_gmt":"2026-01-19T14:33:25","slug":"inscricoes-para-concurso-de-marchinhas-carnavalescas-comecam-nesta-segunda","status":"publish","type":"post","link":"https:\/\/www.corumbaonline.com.br\/news\/inscricoes-para-concurso-de-marchinhas-carnavalescas-comecam-nesta-segunda\/","title":{"rendered":"Inscri\u00e7\u00f5es para Concurso de Marchinhas Carnavalescas come\u00e7am nesta segunda"},"content":{"rendered":"<p data-start=\"21\" data-end=\"438\">A Funda\u00e7\u00e3o da Cultura de Corumb\u00e1 abriu nesta segunda-feira, 19 de janeiro, as inscri\u00e7\u00f5es para o Concurso de Marchinhas Carnavalescas do Carnaval de Corumb\u00e1 2026. O concurso ser\u00e1 realizado no dia 11 de fevereiro, no Jardim da Independ\u00eancia. A iniciativa tem como objetivo valorizar a cultura popular e estimular a produ\u00e7\u00e3o musical carnavalesca no munic\u00edpio.<\/p>\n<p data-start=\"440\" data-end=\"803\">As inscri\u00e7\u00f5es s\u00e3o gratuitas e devem ser feitas presencialmente no Museu Casa do Dr. Gabi Espa\u00e7o de Mem\u00f3ria, na rua Cuiab\u00e1, n\u00ba 1181, esquina com a rua 15 de Novembro, no centro da cidade, das 08 horas \u00e0s 13h30. O edital estabelece o limite m\u00e1ximo de 24 marchinhas inscritas, com encerramento autom\u00e1tico das inscri\u00e7\u00f5es caso esse n\u00famero seja atingido antes do prazo final.<\/p>\n<p data-start=\"805\" data-end=\"1301\">Podem participar do concurso pessoas com idade superior a 18 anos, brasileiras natas ou naturalizadas, exceto servidores da Funda\u00e7\u00e3o da Cultura de Corumb\u00e1 e seus parentes at\u00e9 o segundo grau. Ser\u00e3o aceitas apenas marchinhas in\u00e9ditas e originais, com tem\u00e1tica livre, desde que respeitados os padr\u00f5es do g\u00eanero e a legisla\u00e7\u00e3o de direitos autorais. Cada participante poder\u00e1 inscrever at\u00e9 duas m\u00fasicas, individualmente ou em parceria, sendo permitida a premia\u00e7\u00e3o de apenas uma composi\u00e7\u00e3o por inscrito.<\/p>\n<p data-start=\"1303\" data-end=\"1589\">As apresenta\u00e7\u00f5es ser\u00e3o avaliadas por uma comiss\u00e3o julgadora designada pela organiza\u00e7\u00e3o. Os crit\u00e9rios de avalia\u00e7\u00e3o incluem letra, originalidade da tem\u00e1tica, interpreta\u00e7\u00e3o musical e performance, com entrosamento com o p\u00fablico. As decis\u00f5es da comiss\u00e3o s\u00e3o definitivas, n\u00e3o cabendo recurso.<\/p>\n<p data-start=\"1591\" data-end=\"2203\">O edital estabelece que o n\u00famero de marchinhas premiadas ser\u00e1 definido de acordo com a quantidade de composi\u00e7\u00f5es inscritas e efetivamente apresentadas no concurso. Caso haja de uma a cinco marchinhas concorrentes, apenas a primeira colocada receber\u00e1 premia\u00e7\u00e3o. Se o total variar entre seis e nove, ser\u00e3o premiadas a primeira e a segunda colocadas. Com dez a doze marchinhas, a premia\u00e7\u00e3o alcan\u00e7ar\u00e1 da primeira \u00e0 terceira colocadas. J\u00e1 entre 13 e 15 concorrentes, haver\u00e1 premia\u00e7\u00e3o da primeira \u00e0 quarta colocadas. A partir de 16 marchinhas inscritas e apresentadas, o concurso premiar\u00e1 as cinco primeiras colocadas.<\/p>\n<p data-start=\"2205\" data-end=\"2464\">O valor total destinado \u00e0 premia\u00e7\u00e3o poder\u00e1 chegar a at\u00e9 R$ 12.500,00. A distribui\u00e7\u00e3o dos recursos prev\u00ea R$ 3.500,00 para o primeiro lugar, R$ 3.000,00 para o segundo, R$ 2.500,00 para o terceiro, R$ 2.000,00 para o quarto e R$ 1.500,00 para o quinto colocado.<\/p>\n<p data-start=\"2466\" data-end=\"2696\">De acordo com as regras, os valores ser\u00e3o pagos em parcela \u00fanica, no prazo de at\u00e9 60 dias ap\u00f3s a realiza\u00e7\u00e3o do concurso. O repasse ser\u00e1 feito por meio de dep\u00f3sito banc\u00e1rio na conta informada pelo candidato no momento da inscri\u00e7\u00e3o.<\/p>\n<p data-start=\"2698\" data-end=\"3010\">O edital prev\u00ea ainda que os participantes classificados dever\u00e3o autorizar o uso de imagem, voz e obra musical para fins de divulga\u00e7\u00e3o institucional, sem direito a pagamento adicional. As regras completas, a documenta\u00e7\u00e3o exigida e as demais disposi\u00e7\u00f5es est\u00e3o dispon\u00edveis no Di\u00e1rio Oficial do Munic\u00edpio de Corumb\u00e1.<\/p>\n<p data-start=\"2698\" data-end=\"3010\">A \u00edntegra do Edital n\u00ba 02\/2026,\u00a0que regulamenta o Concurso de Marchinhas Carnavalescas pode ser conferida na edi\u00e7\u00e3o de quinta-feira, 08 de janeiro, do\u00a0<a href=\"https:\/\/do.corumba.ms.gov.br\/\">DIOCORUMB\u00c1<\/a>.<\/p>\n","protected":false},"excerpt":{"rendered":"<p>A Funda\u00e7\u00e3o da Cultura de Corumb\u00e1 abriu nesta segunda-feira, 19 de janeiro, as inscri\u00e7\u00f5es para&#8230;<\/p>\n","protected":false},"author":70,"featured_media":11777807,"comment_status":"closed","ping_status":"closed","sticky":false,"template":"","format":"standard","meta":{"footnotes":""},"categories":[833,8],"tags":[873,184],"class_list":["post-11777806","post","type-post","status-publish","format-standard","has-post-thumbnail","hentry","category-carnaval-2026","category-destaque","tag-carnaval-2026","tag-cultura"],"_links":{"self":[{"href":"https:\/\/www.corumbaonline.com.br\/news\/wp-json\/wp\/v2\/posts\/11777806","targetHints":{"allow":["GET"]}}],"collection":[{"href":"https:\/\/www.corumbaonline.com.br\/news\/wp-json\/wp\/v2\/posts"}],"about":[{"href":"https:\/\/www.corumbaonline.com.br\/news\/wp-json\/wp\/v2\/types\/post"}],"author":[{"embeddable":true,"href":"https:\/\/www.corumbaonline.com.br\/news\/wp-json\/wp\/v2\/users\/70"}],"replies":[{"embeddable":true,"href":"https:\/\/www.corumbaonline.com.br\/news\/wp-json\/wp\/v2\/comments?post=11777806"}],"version-history":[{"count":1,"href":"https:\/\/www.corumbaonline.com.br\/news\/wp-json\/wp\/v2\/posts\/11777806\/revisions"}],"predecessor-version":[{"id":11777808,"href":"https:\/\/www.corumbaonline.com.br\/news\/wp-json\/wp\/v2\/posts\/11777806\/revisions\/11777808"}],"wp:featuredmedia":[{"embeddable":true,"href":"https:\/\/www.corumbaonline.com.br\/news\/wp-json\/wp\/v2\/media\/11777807"}],"wp:attachment":[{"href":"https:\/\/www.corumbaonline.com.br\/news\/wp-json\/wp\/v2\/media?parent=11777806"}],"wp:term":[{"taxonomy":"category","embeddable":true,"href":"https:\/\/www.corumbaonline.com.br\/news\/wp-json\/wp\/v2\/categories?post=11777806"},{"taxonomy":"post_tag","embeddable":true,"href":"https:\/\/www.corumbaonline.com.br\/news\/wp-json\/wp\/v2\/tags?post=11777806"}],"curies":[{"name":"wp","href":"https:\/\/api.w.org\/{rel}","templated":true}]}}