{"id":11777822,"date":"2026-01-19T10:57:00","date_gmt":"2026-01-19T14:57:00","guid":{"rendered":"https:\/\/www.corumbaonline.com.br\/news\/?p=11777822"},"modified":"2026-01-19T11:08:16","modified_gmt":"2026-01-19T15:08:16","slug":"sisu-2026-inscricoes-para-o-ensino-superior-comecam-nesta-segunda","status":"publish","type":"post","link":"https:\/\/www.corumbaonline.com.br\/news\/sisu-2026-inscricoes-para-o-ensino-superior-comecam-nesta-segunda\/","title":{"rendered":"Sisu 2026: inscri\u00e7\u00f5es para o ensino superior come\u00e7am nesta segunda"},"content":{"rendered":"<p>As inscri\u00e7\u00f5es para a edi\u00e7\u00e3o de 2026 do Sistema de Sele\u00e7\u00e3o Unificada (Sisu) come\u00e7aram nesta segunda-feira (19) e poder\u00e3o ser feitas at\u00e9 as 23 horas e 59 minutos de sexta-feira (23), no hor\u00e1rio de Bras\u00edlia.<img decoding=\"async\" src=\"https:\/\/agenciabrasil.ebc.com.br\/ebc.png?id=1675303&amp;o=node\" \/><img decoding=\"async\" src=\"https:\/\/agenciabrasil.ebc.com.br\/ebc.gif?id=1675303&amp;o=node\" \/><\/p>\n<p>O Sisu \u00e9 o processo seletivo para ingresso em cursos de gradua\u00e7\u00e3o gratuitos em institui\u00e7\u00f5es p\u00fablicas de educa\u00e7\u00e3o superior em todo o pa\u00eds.<\/p>\n<p>A novidade desta edi\u00e7\u00e3o \u00e9 que o Sisu passar\u00e1 a considerar o resultado das tr\u00eas edi\u00e7\u00f5es mais recentes do Exame Nacional do Ensino M\u00e9dio (Enem) \u2014 2023, 2024 e 2025 \u2500\u00a0para acesso \u00e0s vagas ofertadas pelas institui\u00e7\u00f5es p\u00fablicas participantes.<\/p>\n<p>As regras e o cronograma oficial do Sisu 2026 foram publicados pelo Minist\u00e9rio da Educa\u00e7\u00e3o (MEC) no\u00a0<a href=\"https:\/\/sisu.mec.gov.br\/#\/legislacao\" target=\"_blank\" rel=\"noopener\">Edital n\u00ba 29\/2025<\/a>.<\/p>\n<h2>Inscri\u00e7\u00f5es<\/h2>\n<p>Os candidatos devem se inscrever pela internet, exclusivamente por meio do Portal \u00danico de Acesso ao Ensino Superior,\u00a0<a href=\"https:\/\/acessounico.mec.gov.br\/sisu\" target=\"_blank\" rel=\"noopener\">na aba do Sisu<\/a>. A pessoa interessada poder\u00e1 se inscrever em at\u00e9 duas op\u00e7\u00f5es de cursos superiores. O Minist\u00e9rio da Educa\u00e7\u00e3o (MEC) alerta que n\u00e3o h\u00e1 cobran\u00e7a de taxa de inscri\u00e7\u00e3o dos candidatos.<\/p>\n<p>Esta edi\u00e7\u00e3o do Sisu ter\u00e1 somente uma etapa de inscri\u00e7\u00e3o.\u00a0Dessa forma, os inscritos concorrer\u00e3o, em um \u00fanico processo seletivo, \u00e0s vagas disponibilizadas para todo o ano letivo (primeiro e segundo semestres) pelas universidades p\u00fablicas.<\/p>\n<p>Ao se inscrever, o candidato dever\u00e1, obrigatoriamente, preencher tamb\u00e9m o cadastro socioecon\u00f4mico dispon\u00edvel.<\/p>\n<h2>Vagas<\/h2>\n<p>S\u00e3o\u00a0mais de\u00a0274,8 mil vagas\u00a0em\u00a07.388 cursos, oferecidos por 136 institui\u00e7\u00f5es, em 587 munic\u00edpios\u00a0do pa\u00eds.<\/p>\n<p>Com isso,\u00a0a edi\u00e7\u00e3o de 2026 \u00e9 considerada a maior da hist\u00f3ria do Sisu em quantidade de institui\u00e7\u00f5es participantes, tanto para o primeiro quanto para o segundo semestre de 2026.<\/p>\n<p>Entre as 274 mil vagas disponibilizadas, mais de 73 mil s\u00e3o para cursos de licenciaturas presenciais. Os estudantes que optarem por esses cursos poder\u00e3o se inscrever no P\u00e9-de-Meia Licenciaturas. A iniciativa do Minist\u00e9rio da Educa\u00e7\u00e3o (MEC) garante um incentivo financeiro mensal no valor de R$ 1.050.<\/p>\n<p>O MEC avisa que \u00e9 de responsabilidade do candidato verificar previamente essa informa\u00e7\u00e3o antes de realizar a inscri\u00e7\u00e3o no Sisu 2026, n\u00e3o sendo poss\u00edvel a escolha do semestre de ingresso, o qual ser\u00e1 definido de acordo com a nota do candidato.<\/p>\n<h2>A\u00e7\u00f5es afirmativas<\/h2>\n<p>O Sisu considera diferentes modalidades de concorr\u00eancia, que levam em conta o perfil socioecon\u00f4mico dos candidatos, de acordo com a Lei de Cotas (<a href=\"https:\/\/www.planalto.gov.br\/ccivil_03\/_ato2011-2014\/2012\/lei\/l12711.htm\" target=\"_blank\" rel=\"noopener\">n\u00ba 12.711\/2012<\/a>) e a\u00a0<a href=\"https:\/\/www.planalto.gov.br\/ccivil_03\/_ato2023-2026\/2024\/lei\/l14945.htm\" target=\"_blank\" rel=\"noopener\">Lei n\u00ba 14.945\/2024<\/a>, e tamb\u00e9m de acordo com as a\u00e7\u00f5es afirmativas definidas em cada institui\u00e7\u00e3o.<\/p>\n<p>No momento da inscri\u00e7\u00e3o, caso possua o perfil para concorrer a essas vagas, os candidatos pretos, pardos, ind\u00edgenas e quilombolas e pessoas com defici\u00eancia (PCD), bem como daqueles que tenham cursado integralmente o ensino m\u00e9dio ou fundamental em escola p\u00fablica dever\u00e3o, obrigatoriamente, indicar as modalidades de reserva de vagas \u00e0s quais desejam concorrer.<\/p>\n<p>Ser\u00e1 permitida a op\u00e7\u00e3o por apenas uma a\u00e7\u00e3o afirmativa do tipo b\u00f4nus e uma a\u00e7\u00e3o afirmativa do tipo reserva de vagas.<\/p>\n<p>A oferta de vagas reservadas ocorre somente ap\u00f3s a etapa de classifica\u00e7\u00e3o e observa a propor\u00e7\u00e3o de estudantes de escolas p\u00fablicas, de baixa renda, com defici\u00eancia, pretos, pardos, ind\u00edgenas e quilombolas.<\/p>\n<h2>Sele\u00e7\u00e3o<\/h2>\n<p>Todos os candidatos inscritos no Sisu 2026 ser\u00e3o classificados com base no desempenho obtido nas edi\u00e7\u00f5es do Enem dos anos de 2023, 2024 ou 2025.<\/p>\n<p>Caso o candidato tenha participado de uma ou mais edi\u00e7\u00f5es do Enem, o sistema de inscri\u00e7\u00e3o do Sisu selecionar\u00e1 automaticamente a melhor nota m\u00e9dia ponderada das edi\u00e7\u00f5es do Enem, levando em conta a\u00e7\u00f5es afirmativas e a op\u00e7\u00e3o de curso.<\/p>\n<p>Por\u00e9m, \u00e9 preciso que o participante tenha tirado nota superior a zero na reda\u00e7\u00e3o e n\u00e3o tenha sido treineiro (estudante que n\u00e3o terminou o ensino m\u00e9dio e faz o exame para fins de autoavalia\u00e7\u00e3o).<\/p>\n<p>O MEC explica que, em caso de empate no uso das m\u00e9dias ponderadas, ser\u00e1 considerada a edi\u00e7\u00e3o do Enem em que obteve a maior nota em uma das disciplinas que t\u00eam maior peso para o curso escolhido e conforme a ordem de prioridade.<\/p>\n<h2>Resultado<\/h2>\n<p>O resultado da chamada regular ser\u00e1 divulgado no dia 29 de janeiro de 2026.<\/p>\n<p>Todos os estudantes selecionados dentro das vagas dispon\u00edveis, tanto na chamada regular quanto por meio da lista de espera, dever\u00e3o realizar a matr\u00edcula na institui\u00e7\u00e3o a partir de 2 de fevereiro.<\/p>\n<p>O candidato que n\u00e3o for selecionado na chamada regular poder\u00e1 manifestar interesse em participar da lista de espera no per\u00edodo de 29 de janeiro a 2 de fevereiro, tamb\u00e9m pelo\u00a0<a href=\"https:\/\/acessounico.mec.gov.br\/sisu\" target=\"_blank\" rel=\"noopener\">Portal \u00danico de Acesso ao Ensino Superior na aba do Sisu<\/a>.<\/p>\n<p>A lista de espera poder\u00e1 ser usada pelas institui\u00e7\u00f5es de educa\u00e7\u00e3o superior participantes, durante todo o ano, para preenchimento das vagas eventualmente n\u00e3o ocupadas na chamada regular.<\/p>\n<p><a href=\"https:\/\/www.gov.br\/mec\/pt-br\/sisu\" target=\"_blank\" rel=\"noopener\">Saiba mais sobre o Sisu aqui<\/a>. A central de atendimento do MEC funciona no telefone: 0800-616161.<\/p>\n","protected":false},"excerpt":{"rendered":"<p>As inscri\u00e7\u00f5es para a edi\u00e7\u00e3o de 2026 do Sistema de Sele\u00e7\u00e3o Unificada (Sisu) come\u00e7aram nesta&#8230;<\/p>\n","protected":false},"author":4,"featured_media":11777823,"comment_status":"closed","ping_status":"closed","sticky":false,"template":"","format":"standard","meta":{"footnotes":""},"categories":[10],"tags":[194],"class_list":["post-11777822","post","type-post","status-publish","format-standard","has-post-thumbnail","hentry","category-educacao","tag-educacao"],"_links":{"self":[{"href":"https:\/\/www.corumbaonline.com.br\/news\/wp-json\/wp\/v2\/posts\/11777822","targetHints":{"allow":["GET"]}}],"collection":[{"href":"https:\/\/www.corumbaonline.com.br\/news\/wp-json\/wp\/v2\/posts"}],"about":[{"href":"https:\/\/www.corumbaonline.com.br\/news\/wp-json\/wp\/v2\/types\/post"}],"author":[{"embeddable":true,"href":"https:\/\/www.corumbaonline.com.br\/news\/wp-json\/wp\/v2\/users\/4"}],"replies":[{"embeddable":true,"href":"https:\/\/www.corumbaonline.com.br\/news\/wp-json\/wp\/v2\/comments?post=11777822"}],"version-history":[{"count":1,"href":"https:\/\/www.corumbaonline.com.br\/news\/wp-json\/wp\/v2\/posts\/11777822\/revisions"}],"predecessor-version":[{"id":11777824,"href":"https:\/\/www.corumbaonline.com.br\/news\/wp-json\/wp\/v2\/posts\/11777822\/revisions\/11777824"}],"wp:featuredmedia":[{"embeddable":true,"href":"https:\/\/www.corumbaonline.com.br\/news\/wp-json\/wp\/v2\/media\/11777823"}],"wp:attachment":[{"href":"https:\/\/www.corumbaonline.com.br\/news\/wp-json\/wp\/v2\/media?parent=11777822"}],"wp:term":[{"taxonomy":"category","embeddable":true,"href":"https:\/\/www.corumbaonline.com.br\/news\/wp-json\/wp\/v2\/categories?post=11777822"},{"taxonomy":"post_tag","embeddable":true,"href":"https:\/\/www.corumbaonline.com.br\/news\/wp-json\/wp\/v2\/tags?post=11777822"}],"curies":[{"name":"wp","href":"https:\/\/api.w.org\/{rel}","templated":true}]}}