{"id":11777891,"date":"2026-01-20T11:04:00","date_gmt":"2026-01-20T15:04:00","guid":{"rendered":"https:\/\/www.corumbaonline.com.br\/news\/?p=11777891"},"modified":"2026-01-20T11:14:08","modified_gmt":"2026-01-20T15:14:08","slug":"ifms-divulga-primeira-chamada-para-tecnicos-subsequentes","status":"publish","type":"post","link":"https:\/\/www.corumbaonline.com.br\/news\/ifms-divulga-primeira-chamada-para-tecnicos-subsequentes\/","title":{"rendered":"IFMS divulga primeira chamada para t\u00e9cnicos subsequentes"},"content":{"rendered":"<p dir=\"ltr\">O Instituto Federal de Mato Grosso do Sul (IFMS) divulgou na segunda-feira (19) o resultado final e a primeira chamada para matr\u00edculas nos cursos t\u00e9cnicos subsequentes, oferecidos na modalidade Educa\u00e7\u00e3o a Dist\u00e2ncia (semipresencial) em 20 munic\u00edpios, com ingresso neste primeiro semestre letivo.<\/p>\n<p dir=\"ltr\">O\u00a0<a href=\"https:\/\/email.ifms.edu.br\/lists\/lt.php?tid=KxlRAwBbAlFQV0sBBVcATlBdU1ROWFsLBBtcVlFVAQlXAQdXBwofVFFZVVRRWVROU1QKVk4NAAsEGwAFBABPUlNdUQADCVcFV1AAH1ICAwYCUlcDTghaXAYbDFZQBk8JVlZUH1AKVgBWAgNWVAIABw\" target=\"_blank\" rel=\"noopener noreferrer\">resultado lista os candidatos convocados por local de oferta e curso<\/a>. O candidato \u2018apto \u00e0 matr\u00edcula\u2019 convocado nesta primeira chamada, deve realizar a matr\u00edcula a partir desta ter\u00e7a-feira, 20, at\u00e9 o dia 2 de fevereiro.<\/p>\n<p dir=\"ltr\">Ao todo, foram abertas 1.880 vagas distribu\u00eddas em 20 munic\u00edpios, em tr\u00eas op\u00e7\u00f5es de cursos t\u00e9cnicos: Administra\u00e7\u00e3o, Log\u00edstica e Manuten\u00e7\u00e3o e Suporte em Inform\u00e1tica, dependendo do munic\u00edpio.<\/p>\n<p dir=\"ltr\">O edital 84\/2025 com todas s regras e demais documentos deste processo seletivo est\u00e3o dispon\u00edveis na\u00a0<a href=\"https:\/\/email.ifms.edu.br\/lists\/lt.php?tid=KxkMAAQKBQZWVUtUBVMDTlADVlZOAAoADxsLUAAEUwcBUlQBAAAfVFFZVVRRWVROU1QKVk4NAAsEGwAFBABPUlNdUQADCVcFV1AAH1ICAwYCUlcDTghaXAYbDFZQBk8JVlZUH1AKVgBWAgNWVAIABw\" target=\"_blank\" rel=\"noopener noreferrer\">Central de Sele\u00e7\u00e3o do IFMS<\/a>.<\/p>\n<p dir=\"ltr\"><strong>Matr\u00edculas<\/strong>\u00a0&#8211; Podem ser feitas de forma on-line no\u00a0<a href=\"https:\/\/email.ifms.edu.br\/lists\/lt.php?tid=KxlTAAYBAVVbUktSBVMHTlBSUFpOWA0MABsKVwsABwYCAVAHU1sfVFFZVVRRWVROU1QKVk4NAAsEGwAFBABPUlNdUQADCVcFV1AAH1ICAwYCUlcDTghaXAYbDFZQBk8JVlZUH1AKVgBWAgNWVAIABw\" target=\"_blank\" rel=\"noopener noreferrer\">Sistema de Matr\u00edculas<\/a>\u00a0ou presencialmente, no campus ou polo indicado no edital.<\/p>\n<p dir=\"ltr\">No ato da matr\u00edcula, o(a) candidato(a) ou seu(sua) respons\u00e1vel legal deve apresentar todos os documentos listados a seguir, conforme o caso:<\/p>\n<ol>\n<li>Hist\u00f3rico Escolar do Ensino M\u00e9dio ou equivalente;<\/li>\n<li>Documento oficial de identifica\u00e7\u00e3o com foto;<\/li>\n<li>CPF, caso n\u00e3o conste no documento de identifica\u00e7\u00e3o apresentado.<\/li>\n<li>Uma foto digital atual, no formato 3&#215;4 ou selfie frontal;<\/li>\n<li>Documento de quita\u00e7\u00e3o com o Servi\u00e7o Militar;<\/li>\n<\/ol>\n<p dir=\"ltr\">Para candidatos de a\u00e7\u00f5es afirmativas:<\/p>\n<ol>\n<li>Documentos previstos no Anexo IV do Edital, para candidatos(as) de A\u00e7\u00e3o Afirmativa (cotas) com renda per capita igual ou inferior a um sal\u00e1rio m\u00ednimo.<\/li>\n<li>Rani, Certid\u00e3o de Nascimento Ind\u00edgena ou Declara\u00e7\u00e3o de Pertencimento \u00e0 Etnia, assinada por lideran\u00e7a ind\u00edgena, para candidatos de A\u00e7\u00e3o Afirmativa (cotas) na condi\u00e7\u00e3o de pessoa ind\u00edgena.<\/li>\n<li>Laudo m\u00e9dico, acompanhado do formul\u00e1rio do\u00a0<a href=\"https:\/\/email.ifms.edu.br\/lists\/lt.php?tid=KxlTBAALAFZWVksHVAVXTlAAUFJOAFkOBBteVFFVVAUFUAAEAF0fVFFZVVRRWVROU1QKVk4NAAsEGwAFBABPUlNdUQADCVcFV1AAH1ICAwYCUlcDTghaXAYbDFZQBk8JVlZUH1AKVgBWAgNWVAIABw\" target=\"_blank\" rel=\"noopener noreferrer\">Anexo VI<\/a>, devidamente preenchido e assinado, para candidatos de A\u00e7\u00e3o Afirmativa (cotas) na condi\u00e7\u00e3o de pessoa com defici\u00eancia.<\/li>\n<li>Declara\u00e7\u00e3o de Pertencimento \u00e0 Comunidade Remanescente de Quilombo, emitida pela associa\u00e7\u00e3o da comunidade e assinada por lideran\u00e7a, para candidatos de A\u00e7\u00e3o Afirmativa (cotas) quilombolas.<\/li>\n<li>Foto para verifica\u00e7\u00e3o da autodeclara\u00e7\u00e3o, conforme instru\u00e7\u00f5es do Anexo III, para candidatos de A\u00e7\u00e3o Afirmativa (cotas) autodeclarados pretos ou pardos.<\/li>\n<li>Declara\u00e7\u00e3o de Veracidade da Autodeclara\u00e7\u00e3o (<a href=\"https:\/\/email.ifms.edu.br\/lists\/lt.php?tid=KxkDAFFeAggBA0tWDwJRTlABAFNOW1oIAhsKUFEKAFdSBA0GXQEfVFFZVVRRWVROU1QKVk4NAAsEGwAFBABPUlNdUQADCVcFV1AAH1ICAwYCUlcDTghaXAYbDFZQBk8JVlZUH1AKVgBWAgNWVAIABw\" target=\"_blank\" rel=\"noopener noreferrer\">Anexo VIII<\/a>), tamb\u00e9m conforme o Anexo III, para candidatos de A\u00e7\u00e3o Afirmativa (cotas) autodeclarados pretos ou pardos.<\/li>\n<\/ol>\n<p dir=\"ltr\">Na impossibilidade de apresentar o Hist\u00f3rico Escolar, poder\u00e3o ser aceitas, de forma condicional:<\/p>\n<p>14. Declara\u00e7\u00e3o de conclus\u00e3o do ensino m\u00e9dio, emitida pela institui\u00e7\u00e3o de ensino, sendo:<\/p>\n<ul>\n<li>para candidatos de A\u00e7\u00e3o Afirmativa (cotas), com comprova\u00e7\u00e3o de que todos os anos foram cursados e conclu\u00eddos em escola p\u00fablica;<\/li>\n<li>para candidatos n\u00e3o cotistas, declara\u00e7\u00e3o simples de conclus\u00e3o.<\/li>\n<\/ul>\n<p dir=\"ltr\">Nesses casos, o Hist\u00f3rico Escolar definitivo deve ser entregue \u00e0 Cerel do campus em at\u00e9 60 dias.<\/p>\n<p dir=\"ltr\">O candidato dever\u00e1 realizar o upload dos documentos listados, sempre clicando em \u2018Enviar Comprovante\u2019 para efetivar o carregamento de cada arquivo e observando a confirma\u00e7\u00e3o de que o arquivo foi salvo.<\/p>\n<p dir=\"ltr\">Finalizado o upload de todos os documentos, o candidato dever\u00e1 clicar em \u2018Salvar e Finalizar\u2019 para encerrar o processo de solicita\u00e7\u00e3o de matr\u00edcula e, ao final do procedimento, um comprovante ser\u00e1 exibido.<\/p>\n<p dir=\"ltr\">Ao t\u00e9rmino do per\u00edodo de inscri\u00e7\u00e3o, casos restem vagas n\u00e3o ocupadas, uma lista de espera e convoca\u00e7\u00e3o de segunda chamada deve ser divulgada no dia 19 de fevereiro, com matr\u00edculas previstas para 20 a 27 de fevereiro.<\/p>\n<p dir=\"ltr\"><strong>EAD Semipresencial<\/strong>\u00a0&#8211; Embora sejam cursos da modalidade Educa\u00e7\u00e3o a Dist\u00e2ncia (EAD), o modelo adotado pelo IFMS \u00e9 o semipresencial.<\/p>\n<p dir=\"ltr\">Assim, a maior parte do conte\u00fado fica disponibilizada no ambiente virtual, mas o estudante deve participar obrigatoriamente de um encontro presencial por semana, no per\u00edodo noturno (a \u00fanica exce\u00e7\u00e3o \u00e9 uma turma de Administra\u00e7\u00e3o de Jardim, que ter\u00e1 encontros aos s\u00e1bados de manh\u00e3).<\/p>\n<p dir=\"ltr\">As aulas ir\u00e3o come\u00e7ar entre os dias 16 e 21 de mar\u00e7o de 2026, dependendo do munic\u00edpio. J\u00e1 a dura\u00e7\u00e3o dos cursos varia de um ano (dois semestres) a um ano e meio (tr\u00eas semestres).<\/p>\n<p dir=\"ltr\">Para tirar d\u00favidas, envie e-mail para\u00a0<a href=\"mailto:cursos.ead@ifms.edu.br\" rel=\"noreferrer\">cursos.ead@ifms.edu.br<\/a>\u00a0ou acesse o menu\u00a0<a href=\"https:\/\/email.ifms.edu.br\/lists\/lt.php?tid=KxkMAAQKBQZWVUtUBVMDTlADVlZOAAoADxsLUAAEUwcBUlQBAAAfVFFZVVRRWVROU1QKVk4NAAsEGwAFBABPUlNdUQADCVcFV1AAH1ICAwYCUlcDTghaXAYbDFZQBk8JVlZUH1AKVgBWAgNWVAIABw\" target=\"_blank\" rel=\"noopener noreferrer\">Perguntas Frequentes<\/a>\u00a0na p\u00e1gina do edital.<\/p>\n","protected":false},"excerpt":{"rendered":"<p>O Instituto Federal de Mato Grosso do Sul (IFMS) divulgou na segunda-feira (19) o resultado&#8230;<\/p>\n","protected":false},"author":9,"featured_media":11771693,"comment_status":"closed","ping_status":"closed","sticky":false,"template":"","format":"standard","meta":{"footnotes":""},"categories":[10],"tags":[194],"class_list":["post-11777891","post","type-post","status-publish","format-standard","has-post-thumbnail","hentry","category-educacao","tag-educacao"],"_links":{"self":[{"href":"https:\/\/www.corumbaonline.com.br\/news\/wp-json\/wp\/v2\/posts\/11777891","targetHints":{"allow":["GET"]}}],"collection":[{"href":"https:\/\/www.corumbaonline.com.br\/news\/wp-json\/wp\/v2\/posts"}],"about":[{"href":"https:\/\/www.corumbaonline.com.br\/news\/wp-json\/wp\/v2\/types\/post"}],"author":[{"embeddable":true,"href":"https:\/\/www.corumbaonline.com.br\/news\/wp-json\/wp\/v2\/users\/9"}],"replies":[{"embeddable":true,"href":"https:\/\/www.corumbaonline.com.br\/news\/wp-json\/wp\/v2\/comments?post=11777891"}],"version-history":[{"count":1,"href":"https:\/\/www.corumbaonline.com.br\/news\/wp-json\/wp\/v2\/posts\/11777891\/revisions"}],"predecessor-version":[{"id":11777892,"href":"https:\/\/www.corumbaonline.com.br\/news\/wp-json\/wp\/v2\/posts\/11777891\/revisions\/11777892"}],"wp:featuredmedia":[{"embeddable":true,"href":"https:\/\/www.corumbaonline.com.br\/news\/wp-json\/wp\/v2\/media\/11771693"}],"wp:attachment":[{"href":"https:\/\/www.corumbaonline.com.br\/news\/wp-json\/wp\/v2\/media?parent=11777891"}],"wp:term":[{"taxonomy":"category","embeddable":true,"href":"https:\/\/www.corumbaonline.com.br\/news\/wp-json\/wp\/v2\/categories?post=11777891"},{"taxonomy":"post_tag","embeddable":true,"href":"https:\/\/www.corumbaonline.com.br\/news\/wp-json\/wp\/v2\/tags?post=11777891"}],"curies":[{"name":"wp","href":"https:\/\/api.w.org\/{rel}","templated":true}]}}