{"id":11777897,"date":"2026-01-20T11:52:00","date_gmt":"2026-01-20T15:52:00","guid":{"rendered":"https:\/\/www.corumbaonline.com.br\/news\/?p=11777897"},"modified":"2026-01-20T11:33:30","modified_gmt":"2026-01-20T15:33:30","slug":"com-inscricoes-ate-sexta-feira-uems-divulga-edital-do-sisu-com-mais-de-12-mil-vagas","status":"publish","type":"post","link":"https:\/\/www.corumbaonline.com.br\/news\/com-inscricoes-ate-sexta-feira-uems-divulga-edital-do-sisu-com-mais-de-12-mil-vagas\/","title":{"rendered":"Com inscri\u00e7\u00f5es at\u00e9 sexta-feira, UEMS divulga edital do Sisu com mais de 1,2 mil vagas"},"content":{"rendered":"<p>A UEMS (Universidade Estadual de Mato Grosso do Sul) divulgou o edital do Sisu, com a oferta de 1.284 vagas em cursos de gradua\u00e7\u00e3o presenciais, distribu\u00eddas em diversas unidades universit\u00e1rias do Estado. As inscri\u00e7\u00f5es est\u00e3o abertas desde o dia19 de janeiro e seguem at\u00e9 sexta-feira (23), exclusivamente pelo portal do Minist\u00e9rio da Educa\u00e7\u00e3o, no endere\u00e7o:\u00a0<a href=\"https:\/\/sisualuno.mec.gov.br\/login\">https:\/\/sisualuno.mec.gov.br\/login<\/a>\u00a0.<\/p>\n<p>Do total de vagas, 836 s\u00e3o destinadas \u00e0 ampla concorr\u00eancia, enquanto 448 contemplam pol\u00edticas de a\u00e7\u00f5es afirmativas, sendo 258 para candidatos negros (pretos e pardos), 122 para ind\u00edgenas e 68 para pessoas com defici\u00eancia (PCD). A sele\u00e7\u00e3o utiliza as notas do Exame Nacional do Ensino M\u00e9dio (Enem) das edi\u00e7\u00f5es de 2023, 2024\u00a0ou 2025.<\/p>\n<p>Cada candidato pode escolher at\u00e9 duas op\u00e7\u00f5es de curso, indicando tamb\u00e9m a modalidade de concorr\u00eancia: ampla concorr\u00eancia, cotas para negros, ind\u00edgenas ou pessoas com defici\u00eancia. Durante o per\u00edodo de inscri\u00e7\u00e3o, \u00e9 poss\u00edvel alterar as op\u00e7\u00f5es, sendo considerada v\u00e1lida a \u00faltima confirma\u00e7\u00e3o no sistema.<\/p>\n<p>O resultado da chamada regular do Sisu ser\u00e1 divulgado no dia 29 de janeiro. J\u00e1 as matr\u00edculas dos aprovados come\u00e7am a partir de 2 de fevereiro, conforme cronograma oficial da UEMS. Quem n\u00e3o for selecionado na chamada regular poder\u00e1 manifestar interesse na lista de espera entre 29 de janeiro e 2 de fevereiro.<\/p>\n<p>As aulas do ano letivo de 2026 est\u00e3o previstas para iniciar em 19 de fevereiro. A UEMS refor\u00e7a que \u00e9 responsabilidade do candidato acompanhar todas as publica\u00e7\u00f5es de editais, convoca\u00e7\u00f5es e orienta\u00e7\u00f5es no site institucional:\u00a0<a href=\"https:\/\/www.uems.br\/pro-reitoria\/proe\/dind\/sisu\">https:\/\/www.uems.br\/pro-reitoria\/proe\/dind\/sisu<\/a><\/p>\n<p>Com a ampla distribui\u00e7\u00e3o de cursos e pol\u00edticas de inclus\u00e3o, o SiSU 2026 da UEMS representa uma das principais portas de acesso ao ensino superior p\u00fablico em Mato Grosso do Sul.<\/p>\n<p><strong>Confira o edital completo:<\/strong>\u00a0<a href=\"https:\/\/www.uems.br\/anexos\/download\/28389\">Clique Aqui<\/a><\/p>\n","protected":false},"excerpt":{"rendered":"<p>A UEMS (Universidade Estadual de Mato Grosso do Sul) divulgou o edital do Sisu, com&#8230;<\/p>\n","protected":false},"author":13,"featured_media":11773439,"comment_status":"closed","ping_status":"closed","sticky":false,"template":"","format":"standard","meta":{"footnotes":""},"categories":[8,10],"tags":[194],"class_list":["post-11777897","post","type-post","status-publish","format-standard","has-post-thumbnail","hentry","category-destaque","category-educacao","tag-educacao"],"_links":{"self":[{"href":"https:\/\/www.corumbaonline.com.br\/news\/wp-json\/wp\/v2\/posts\/11777897","targetHints":{"allow":["GET"]}}],"collection":[{"href":"https:\/\/www.corumbaonline.com.br\/news\/wp-json\/wp\/v2\/posts"}],"about":[{"href":"https:\/\/www.corumbaonline.com.br\/news\/wp-json\/wp\/v2\/types\/post"}],"author":[{"embeddable":true,"href":"https:\/\/www.corumbaonline.com.br\/news\/wp-json\/wp\/v2\/users\/13"}],"replies":[{"embeddable":true,"href":"https:\/\/www.corumbaonline.com.br\/news\/wp-json\/wp\/v2\/comments?post=11777897"}],"version-history":[{"count":1,"href":"https:\/\/www.corumbaonline.com.br\/news\/wp-json\/wp\/v2\/posts\/11777897\/revisions"}],"predecessor-version":[{"id":11777899,"href":"https:\/\/www.corumbaonline.com.br\/news\/wp-json\/wp\/v2\/posts\/11777897\/revisions\/11777899"}],"wp:featuredmedia":[{"embeddable":true,"href":"https:\/\/www.corumbaonline.com.br\/news\/wp-json\/wp\/v2\/media\/11773439"}],"wp:attachment":[{"href":"https:\/\/www.corumbaonline.com.br\/news\/wp-json\/wp\/v2\/media?parent=11777897"}],"wp:term":[{"taxonomy":"category","embeddable":true,"href":"https:\/\/www.corumbaonline.com.br\/news\/wp-json\/wp\/v2\/categories?post=11777897"},{"taxonomy":"post_tag","embeddable":true,"href":"https:\/\/www.corumbaonline.com.br\/news\/wp-json\/wp\/v2\/tags?post=11777897"}],"curies":[{"name":"wp","href":"https:\/\/api.w.org\/{rel}","templated":true}]}}