{"id":11777904,"date":"2026-01-21T08:05:00","date_gmt":"2026-01-21T12:05:00","guid":{"rendered":"https:\/\/www.corumbaonline.com.br\/news\/?p=11777904"},"modified":"2026-01-21T07:57:58","modified_gmt":"2026-01-21T11:57:58","slug":"resgate-de-tucano-filhote-na-praca-independencia-mobiliza-bombeiros-em-corumba","status":"publish","type":"post","link":"https:\/\/www.corumbaonline.com.br\/news\/resgate-de-tucano-filhote-na-praca-independencia-mobiliza-bombeiros-em-corumba\/","title":{"rendered":"Resgate de tucano filhote na Pra\u00e7a Independ\u00eancia mobiliza Bombeiros em Corumb\u00e1"},"content":{"rendered":"<p>Na tarde desta quarta-feira (20), o 3\u00ba Grupamento de Bombeiros Militar realizou o resgate de um tucano filhote no Jardim da Pra\u00e7a Independ\u00eancia, regi\u00e3o central de Corumb\u00e1. A ave havia ca\u00eddo do ninho e permanecia ao solo, sem conseguir retornar ao local onde estavam os pais. Sem ferimentos aparentes, o animal foi recolhido pela equipe e encaminhado \u00e0 Funda\u00e7\u00e3o de Meio Ambiente de Corumb\u00e1 para receber acompanhamento veterin\u00e1rio. A suspeita \u00e9 de que, por ser muito jovem ou estar desidratado, n\u00e3o conseguiu al\u00e7ar voo de volta ao ninho.<\/p>\n\n\n<figure class=\"wp-block-image size-large\"><img loading=\"lazy\" decoding=\"async\" width=\"576\" height=\"1024\" src=\"https:\/\/www.corumbaonline.com.br\/news\/wp-content\/uploads\/2026\/01\/foto125048-576x1024.jpeg\" alt=\"\" class=\"wp-image-11777906\" srcset=\"https:\/\/www.corumbaonline.com.br\/news\/wp-content\/uploads\/2026\/01\/foto125048-576x1024.jpeg 576w, https:\/\/www.corumbaonline.com.br\/news\/wp-content\/uploads\/2026\/01\/foto125048-169x300.jpeg 169w, https:\/\/www.corumbaonline.com.br\/news\/wp-content\/uploads\/2026\/01\/foto125048-768x1366.jpeg 768w, https:\/\/www.corumbaonline.com.br\/news\/wp-content\/uploads\/2026\/01\/foto125048-864x1536.jpeg 864w, https:\/\/www.corumbaonline.com.br\/news\/wp-content\/uploads\/2026\/01\/foto125048.jpeg 899w\" sizes=\"auto, (max-width: 576px) 100vw, 576px\" \/><\/figure>\n","protected":false},"excerpt":{"rendered":"<p>Na tarde desta quarta-feira (20), o 3\u00ba Grupamento de Bombeiros Militar realizou o resgate de&#8230;<\/p>\n","protected":false},"author":6,"featured_media":11777905,"comment_status":"closed","ping_status":"closed","sticky":false,"template":"","format":"standard","meta":{"footnotes":""},"categories":[18],"tags":[249],"class_list":["post-11777904","post","type-post","status-publish","format-standard","has-post-thumbnail","hentry","category-seguranca","tag-seguranca"],"_links":{"self":[{"href":"https:\/\/www.corumbaonline.com.br\/news\/wp-json\/wp\/v2\/posts\/11777904","targetHints":{"allow":["GET"]}}],"collection":[{"href":"https:\/\/www.corumbaonline.com.br\/news\/wp-json\/wp\/v2\/posts"}],"about":[{"href":"https:\/\/www.corumbaonline.com.br\/news\/wp-json\/wp\/v2\/types\/post"}],"author":[{"embeddable":true,"href":"https:\/\/www.corumbaonline.com.br\/news\/wp-json\/wp\/v2\/users\/6"}],"replies":[{"embeddable":true,"href":"https:\/\/www.corumbaonline.com.br\/news\/wp-json\/wp\/v2\/comments?post=11777904"}],"version-history":[{"count":1,"href":"https:\/\/www.corumbaonline.com.br\/news\/wp-json\/wp\/v2\/posts\/11777904\/revisions"}],"predecessor-version":[{"id":11777907,"href":"https:\/\/www.corumbaonline.com.br\/news\/wp-json\/wp\/v2\/posts\/11777904\/revisions\/11777907"}],"wp:featuredmedia":[{"embeddable":true,"href":"https:\/\/www.corumbaonline.com.br\/news\/wp-json\/wp\/v2\/media\/11777905"}],"wp:attachment":[{"href":"https:\/\/www.corumbaonline.com.br\/news\/wp-json\/wp\/v2\/media?parent=11777904"}],"wp:term":[{"taxonomy":"category","embeddable":true,"href":"https:\/\/www.corumbaonline.com.br\/news\/wp-json\/wp\/v2\/categories?post=11777904"},{"taxonomy":"post_tag","embeddable":true,"href":"https:\/\/www.corumbaonline.com.br\/news\/wp-json\/wp\/v2\/tags?post=11777904"}],"curies":[{"name":"wp","href":"https:\/\/api.w.org\/{rel}","templated":true}]}}