{"id":11777960,"date":"2026-01-22T09:27:00","date_gmt":"2026-01-22T13:27:00","guid":{"rendered":"https:\/\/www.corumbaonline.com.br\/news\/?p=11777960"},"modified":"2026-01-22T09:23:23","modified_gmt":"2026-01-22T13:23:23","slug":"consorcio-brasil-central-governador-de-ms-assume-presidencia-e-defende-acoes-conjuntas-entre-estados","status":"publish","type":"post","link":"https:\/\/www.corumbaonline.com.br\/news\/consorcio-brasil-central-governador-de-ms-assume-presidencia-e-defende-acoes-conjuntas-entre-estados\/","title":{"rendered":"Cons\u00f3rcio Brasil Central: governador de MS assume presid\u00eancia e defende a\u00e7\u00f5es conjuntas entre estados"},"content":{"rendered":"<p>O governador de Mato Grosso do Sul, Eduardo Riedel, assumiu nesta quarta-feira (21) a presid\u00eancia do Cons\u00f3rcio Interestadual Brasil Central. A posse aconteceu em solenidade realizada em Bras\u00edlia (DF), onde ele destacou que \u00e9 um orgulho estar a frente de um grupo com a participa\u00e7\u00e3o de sete estados, que juntos conseguem trazer benef\u00edcios importantes em \u00e1reas como sa\u00fade, educa\u00e7\u00e3o e seguran\u00e7a, al\u00e9m de for\u00e7a pol\u00edtica para defender os interesses da regi\u00e3o. O foco \u00e9 ampliar as a\u00e7\u00f5es conjuntas entre as unidades federativas.<\/p>\n<p>\u201cAssumo com muita responsabilidade, orgulho e o desafio muito grande de suceder a gest\u00e3o do governador [Ronaldo] Caiado, que sem d\u00favida foi muito exitosa. Participei da cria\u00e7\u00e3o do cons\u00f3rcio h\u00e1 dez anos quando ainda era secret\u00e1rio de Estado. Acompanhei de perto tudo que aconteceu at\u00e9 chegar hoje e ver o n\u00edvel de maturidade do grupo\u201d, afirmou Riedel.<\/p>\n<p>O governador de Mato Grosso do Sul ressaltou que o cons\u00f3rcio consegue trazer benef\u00edcios aos sete estados em diferentes segmentos, no contexto administrativo, econ\u00f4mico e pol\u00edtico. Um dos exemplos \u00e9 na sa\u00fade p\u00fablica com a compra coletiva de medicamentos.<\/p>\n<p>\u201cN\u00f3s compramos 136 milh\u00f5es de medicamentos de forma coletiva para serem entregues nos seus respectivos estados. Rond\u00f4nia nos contou que n\u00e3o teria condi\u00e7\u00f5es de ter alguns medicamentos pela log\u00edstica, mas pelo cons\u00f3rcio conseguiu. Uma redu\u00e7\u00e3o [de pre\u00e7o] em m\u00e9dia de 14% a 30% pela forma como foi feito\u201d.<\/p>\n<figure id=\"attachment_531647\" class=\"wp-caption aligncenter\" aria-describedby=\"caption-attachment-531647\"><a href=\"https:\/\/agenciadenoticias.ms.gov.br\/wp-content\/uploads\/2026\/01\/Reuniao-da-Assembleia-Geral-do-Consorcio-Brasil-Central-Secom-MS-9.jpeg\"><img loading=\"lazy\" decoding=\"async\" class=\"wp-image-531647 size-large\" src=\"https:\/\/agenciadenoticias.ms.gov.br\/wp-content\/uploads\/2026\/01\/Reuniao-da-Assembleia-Geral-do-Consorcio-Brasil-Central-Secom-MS-9-1024x683.jpeg\" sizes=\"auto, (max-width: 1024px) 100vw, 1024px\" srcset=\"https:\/\/agenciadenoticias.ms.gov.br\/wp-content\/uploads\/2026\/01\/Reuniao-da-Assembleia-Geral-do-Consorcio-Brasil-Central-Secom-MS-9-1024x683.jpeg 1024w, https:\/\/agenciadenoticias.ms.gov.br\/wp-content\/uploads\/2026\/01\/Reuniao-da-Assembleia-Geral-do-Consorcio-Brasil-Central-Secom-MS-9-300x200.jpeg 300w, https:\/\/agenciadenoticias.ms.gov.br\/wp-content\/uploads\/2026\/01\/Reuniao-da-Assembleia-Geral-do-Consorcio-Brasil-Central-Secom-MS-9-768x512.jpeg 768w, https:\/\/agenciadenoticias.ms.gov.br\/wp-content\/uploads\/2026\/01\/Reuniao-da-Assembleia-Geral-do-Consorcio-Brasil-Central-Secom-MS-9-1536x1024.jpeg 1536w, https:\/\/agenciadenoticias.ms.gov.br\/wp-content\/uploads\/2026\/01\/Reuniao-da-Assembleia-Geral-do-Consorcio-Brasil-Central-Secom-MS-9-350x232.jpeg 350w, https:\/\/agenciadenoticias.ms.gov.br\/wp-content\/uploads\/2026\/01\/Reuniao-da-Assembleia-Geral-do-Consorcio-Brasil-Central-Secom-MS-9.jpeg 1620w\" alt=\"\" width=\"1024\" height=\"683\" \/><\/a><figcaption id=\"caption-attachment-531647\" class=\"wp-caption-text\"><em>Governador Eduardo Riedel durante solenidade do Brasil Central<\/em><\/figcaption><\/figure>\n<p>Riedel tamb\u00e9m citou os ganhos em a\u00e7\u00f5es comuns na educa\u00e7\u00e3o, seguran\u00e7a e trabalho conjunto. \u201cRepresentamos uma regi\u00e3o com mais de um ter\u00e7o do territ\u00f3rio brasileiro, que consegue crescer duas a tr\u00eas vezes a m\u00e9dia do Brasil. Esta regi\u00e3o tem dado grandes oportunidades a sua popula\u00e7\u00e3o e grandes desafios. Com uma agenda internacional sobre seguran\u00e7a alimentar, transi\u00e7\u00e3o energ\u00e9tica, infraestrutura e novas rotas, onde o cons\u00f3rcio atua com protagonismo\u201d.<\/p>\n<p>No campo pol\u00edtico o cons\u00f3rcio trabalha de forma conjunta para defender os interesses dos estados nas pautas que est\u00e3o no Congresso Nacional e em \u00f3rg\u00e3os como STF (Supremo Tribunal Federal).<\/p>\n<p>A passagem da presid\u00eancia foi feita pelo governador de Goi\u00e1s, Ronaldo Caiado, que exerceu a fun\u00e7\u00e3o nos \u00faltimos dois anos. Ele fez quest\u00e3o de elogiar Eduardo Riedel, que agora estar\u00e1 \u00e0 frente do bloco.<\/p>\n<p>\u201cUma honra passar a presid\u00eancia ao Eduardo Riedel. Todos v\u00e3o ver a din\u00e2mica que ele vai dar tamb\u00e9m a este cons\u00f3rcio. Ele \u00e9 ousado, determinado e preparado para conduzir este cons\u00f3rcio. Talvez as pessoas n\u00e3o tenham a dimens\u00e3o da import\u00e2ncia do Brasil Central, que cada vez mais vai ampliar suas a\u00e7\u00f5es, no sentido de proteger os interesses dos estados\u201d, disse Caiado.<\/p>\n<figure id=\"attachment_531648\" class=\"wp-caption aligncenter\" aria-describedby=\"caption-attachment-531648\"><a href=\"https:\/\/agenciadenoticias.ms.gov.br\/wp-content\/uploads\/2026\/01\/Reuniao-da-Assembleia-Geral-do-Consorcio-Brasil-Central-Secom-MS-10.jpeg\"><img loading=\"lazy\" decoding=\"async\" class=\"wp-image-531648 size-large\" src=\"https:\/\/agenciadenoticias.ms.gov.br\/wp-content\/uploads\/2026\/01\/Reuniao-da-Assembleia-Geral-do-Consorcio-Brasil-Central-Secom-MS-10-1024x683.jpeg\" sizes=\"auto, (max-width: 1024px) 100vw, 1024px\" srcset=\"https:\/\/agenciadenoticias.ms.gov.br\/wp-content\/uploads\/2026\/01\/Reuniao-da-Assembleia-Geral-do-Consorcio-Brasil-Central-Secom-MS-10-1024x683.jpeg 1024w, https:\/\/agenciadenoticias.ms.gov.br\/wp-content\/uploads\/2026\/01\/Reuniao-da-Assembleia-Geral-do-Consorcio-Brasil-Central-Secom-MS-10-300x200.jpeg 300w, https:\/\/agenciadenoticias.ms.gov.br\/wp-content\/uploads\/2026\/01\/Reuniao-da-Assembleia-Geral-do-Consorcio-Brasil-Central-Secom-MS-10-768x512.jpeg 768w, https:\/\/agenciadenoticias.ms.gov.br\/wp-content\/uploads\/2026\/01\/Reuniao-da-Assembleia-Geral-do-Consorcio-Brasil-Central-Secom-MS-10-1536x1024.jpeg 1536w, https:\/\/agenciadenoticias.ms.gov.br\/wp-content\/uploads\/2026\/01\/Reuniao-da-Assembleia-Geral-do-Consorcio-Brasil-Central-Secom-MS-10-350x232.jpeg 350w, https:\/\/agenciadenoticias.ms.gov.br\/wp-content\/uploads\/2026\/01\/Reuniao-da-Assembleia-Geral-do-Consorcio-Brasil-Central-Secom-MS-10.jpeg 1620w\" alt=\"\" width=\"1024\" height=\"683\" \/><\/a><figcaption id=\"caption-attachment-531648\" class=\"wp-caption-text\"><em>Assembleia do Brasil Central ocorreu nesta quarta em Bras\u00edlia<\/em><\/figcaption><\/figure>\n<p>O governador de Goi\u00e1s citou o potencial dos sete estados no contexto nacional. \u201cMato Grosso do Sul, por exemplo, tem uma das maiores estruturas da Am\u00e9rica Latina na produ\u00e7\u00e3o de celulose. Cada estado teve o seu devido avan\u00e7o, com sua caracter\u00edstica pr\u00f3pria. Uma regi\u00e3o com potencial \u00edmpar, com diversas riquezas\u201d.<\/p>\n<p><strong>Grupo<\/strong><\/p>\n<p>O Cons\u00f3rcio Brasil Central conta com participa\u00e7\u00e3o do Distrito Federal, Goi\u00e1s, Maranh\u00e3o, Mato Grosso, Mato Grosso do Sul, Rond\u00f4nia e Tocantins. Nesta assembleia geral al\u00e9m da posse da nova presid\u00eancia, teve a discuss\u00e3o e delibera\u00e7\u00e3o sobre o contrato de rateio administrativo para o exerc\u00edcio de 2026, assim como assuntos gerais de interesse dos estados membros.<\/p>\n<p>O grupo atua de forma integrada no planejamento e na execu\u00e7\u00e3o de pol\u00edticas p\u00fablicas regionais, fortalecendo a coopera\u00e7\u00e3o entre os estados do Brasil Central em \u00e1reas estrat\u00e9gicas como desenvolvimento econ\u00f4mico, infraestrutura, sa\u00fade, educa\u00e7\u00e3o e seguran\u00e7a p\u00fablica.<\/p>\n","protected":false},"excerpt":{"rendered":"<p>O governador de Mato Grosso do Sul, Eduardo Riedel, assumiu nesta quarta-feira (21) a presid\u00eancia&#8230;<\/p>\n","protected":false},"author":13,"featured_media":11777961,"comment_status":"closed","ping_status":"closed","sticky":false,"template":"","format":"standard","meta":{"footnotes":""},"categories":[8,19],"tags":[188],"class_list":["post-11777960","post","type-post","status-publish","format-standard","has-post-thumbnail","hentry","category-destaque","category-politica","tag-politica"],"_links":{"self":[{"href":"https:\/\/www.corumbaonline.com.br\/news\/wp-json\/wp\/v2\/posts\/11777960","targetHints":{"allow":["GET"]}}],"collection":[{"href":"https:\/\/www.corumbaonline.com.br\/news\/wp-json\/wp\/v2\/posts"}],"about":[{"href":"https:\/\/www.corumbaonline.com.br\/news\/wp-json\/wp\/v2\/types\/post"}],"author":[{"embeddable":true,"href":"https:\/\/www.corumbaonline.com.br\/news\/wp-json\/wp\/v2\/users\/13"}],"replies":[{"embeddable":true,"href":"https:\/\/www.corumbaonline.com.br\/news\/wp-json\/wp\/v2\/comments?post=11777960"}],"version-history":[{"count":1,"href":"https:\/\/www.corumbaonline.com.br\/news\/wp-json\/wp\/v2\/posts\/11777960\/revisions"}],"predecessor-version":[{"id":11777962,"href":"https:\/\/www.corumbaonline.com.br\/news\/wp-json\/wp\/v2\/posts\/11777960\/revisions\/11777962"}],"wp:featuredmedia":[{"embeddable":true,"href":"https:\/\/www.corumbaonline.com.br\/news\/wp-json\/wp\/v2\/media\/11777961"}],"wp:attachment":[{"href":"https:\/\/www.corumbaonline.com.br\/news\/wp-json\/wp\/v2\/media?parent=11777960"}],"wp:term":[{"taxonomy":"category","embeddable":true,"href":"https:\/\/www.corumbaonline.com.br\/news\/wp-json\/wp\/v2\/categories?post=11777960"},{"taxonomy":"post_tag","embeddable":true,"href":"https:\/\/www.corumbaonline.com.br\/news\/wp-json\/wp\/v2\/tags?post=11777960"}],"curies":[{"name":"wp","href":"https:\/\/api.w.org\/{rel}","templated":true}]}}