{"id":11779272,"date":"2026-03-05T10:21:00","date_gmt":"2026-03-05T14:21:00","guid":{"rendered":"https:\/\/www.corumbaonline.com.br\/news\/?p=11779272"},"modified":"2026-03-05T11:15:30","modified_gmt":"2026-03-05T15:15:30","slug":"semed-convoca-professores-do-processo-simplificado-para-educacao-infantil-e-fundamental","status":"publish","type":"post","link":"https:\/\/www.corumbaonline.com.br\/news\/semed-convoca-professores-do-processo-simplificado-para-educacao-infantil-e-fundamental\/","title":{"rendered":"SEMED convoca professores do Processo Simplificado para Educa\u00e7\u00e3o Infantil e Fundamental"},"content":{"rendered":"<p>A Prefeitura de Corumb\u00e1 publicou no\u00a0<em><strong><a href=\"https:\/\/do.corumba.ms.gov.br\/portal\/edicoes\/download\/5524\">Di\u00e1rio Oficial<\/a><\/strong><\/em> desta quarta-feira, 4 de mar\u00e7o, o Edital n\u00ba 001\/033\/2025, que convoca candidatos aprovados em Processo Seletivo Simplificado para contrata\u00e7\u00e3o tempor\u00e1ria na Rede Municipal de Ensino (REME). Ao todo, 33 profissionais da educa\u00e7\u00e3o foram chamados para entrega de documentos e posterior contrata\u00e7\u00e3o.<\/p>\n<p>As vagas contemplam diferentes \u00e1reas de atua\u00e7\u00e3o do magist\u00e9rio, com oportunidades tanto para a zona urbana quanto para a \u00e1rea rural do munic\u00edpio. A maior parte das convoca\u00e7\u00f5es \u00e9 para professor de Apoio Educacional Inclusivo, com 10 vagas, sendo uma para a \u00e1rea rural com carga de 40 horas semanais e nove para a \u00e1rea urbana com carga de 20 horas.<\/p>\n<p>Tamb\u00e9m foram convocados profissionais para outras \u00e1reas espec\u00edficas da educa\u00e7\u00e3o b\u00e1sica. Entre elas est\u00e3o professor de Educa\u00e7\u00e3o Infantil (6 vagas) e professor de Letras \u2013 L\u00edngua Portuguesa\/Ingl\u00eas (7 vagas), ambos para atua\u00e7\u00e3o na \u00e1rea urbana com jornada de 20 horas semanais. O edital ainda prev\u00ea vagas para as seguintes fun\u00e7\u00f5es:<\/p>\n<p>Professor de Ensino Fundamental I \u2013 4 vagas (\u00e1rea rural, 40 horas);<\/p>\n<p>Professor de Ci\u00eancias \u2013 1 vaga (\u00e1rea rural, 40 horas);<\/p>\n<p>Professor de Matem\u00e1tica \u2013 1 vaga (\u00e1rea rural, 40 horas);<\/p>\n<p>Professor de Educa\u00e7\u00e3o F\u00edsica \u2013 1 vaga (\u00e1rea urbana, 20 horas);<\/p>\n<p>Professor de Geografia \u2013 1 vaga (\u00e1rea urbana, 20 horas);<\/p>\n<p>Professor de Hist\u00f3ria \u2013 1 vaga (\u00e1rea urbana, 20 horas);<\/p>\n<p>Professor de Letras \u2013 L\u00edngua Portuguesa\/Espanhol \u2013 1 vaga (\u00e1rea urbana, 20 horas).<\/p>\n<p><strong>Entrega de documentos<\/strong><\/p>\n<p>Os candidatos convocados devem comparecer no s\u00e1bado, 7 de mar\u00e7o, das 8h \u00e0s 12h, na Secretaria Municipal de Educa\u00e7\u00e3o, localizada na rua Am\u00e9rica, n\u00ba 899, no Centro, para apresenta\u00e7\u00e3o da documenta\u00e7\u00e3o exigida no edital.<\/p>\n<p>De acordo com a publica\u00e7\u00e3o, o n\u00e3o comparecimento no prazo estipulado implicar\u00e1 na elimina\u00e7\u00e3o do candidato, sendo convocado o pr\u00f3ximo classificado na lista do processo seletivo.<\/p>\n","protected":false},"excerpt":{"rendered":"<p>A Prefeitura de Corumb\u00e1 publicou no\u00a0Di\u00e1rio Oficial desta quarta-feira, 4 de mar\u00e7o, o Edital n\u00ba&#8230;<\/p>\n","protected":false},"author":70,"featured_media":11779273,"comment_status":"closed","ping_status":"closed","sticky":false,"template":"","format":"standard","meta":{"footnotes":""},"categories":[10],"tags":[194],"class_list":["post-11779272","post","type-post","status-publish","format-standard","has-post-thumbnail","hentry","category-educacao","tag-educacao"],"_links":{"self":[{"href":"https:\/\/www.corumbaonline.com.br\/news\/wp-json\/wp\/v2\/posts\/11779272","targetHints":{"allow":["GET"]}}],"collection":[{"href":"https:\/\/www.corumbaonline.com.br\/news\/wp-json\/wp\/v2\/posts"}],"about":[{"href":"https:\/\/www.corumbaonline.com.br\/news\/wp-json\/wp\/v2\/types\/post"}],"author":[{"embeddable":true,"href":"https:\/\/www.corumbaonline.com.br\/news\/wp-json\/wp\/v2\/users\/70"}],"replies":[{"embeddable":true,"href":"https:\/\/www.corumbaonline.com.br\/news\/wp-json\/wp\/v2\/comments?post=11779272"}],"version-history":[{"count":1,"href":"https:\/\/www.corumbaonline.com.br\/news\/wp-json\/wp\/v2\/posts\/11779272\/revisions"}],"predecessor-version":[{"id":11779274,"href":"https:\/\/www.corumbaonline.com.br\/news\/wp-json\/wp\/v2\/posts\/11779272\/revisions\/11779274"}],"wp:featuredmedia":[{"embeddable":true,"href":"https:\/\/www.corumbaonline.com.br\/news\/wp-json\/wp\/v2\/media\/11779273"}],"wp:attachment":[{"href":"https:\/\/www.corumbaonline.com.br\/news\/wp-json\/wp\/v2\/media?parent=11779272"}],"wp:term":[{"taxonomy":"category","embeddable":true,"href":"https:\/\/www.corumbaonline.com.br\/news\/wp-json\/wp\/v2\/categories?post=11779272"},{"taxonomy":"post_tag","embeddable":true,"href":"https:\/\/www.corumbaonline.com.br\/news\/wp-json\/wp\/v2\/tags?post=11779272"}],"curies":[{"name":"wp","href":"https:\/\/api.w.org\/{rel}","templated":true}]}}