{"id":11779277,"date":"2026-03-05T11:00:00","date_gmt":"2026-03-05T15:00:00","guid":{"rendered":"https:\/\/www.corumbaonline.com.br\/news\/?p=11779277"},"modified":"2026-03-05T11:26:41","modified_gmt":"2026-03-05T15:26:41","slug":"eleicoes-2026-janela-partidaria-comeca-nesta-quinta-feira","status":"publish","type":"post","link":"https:\/\/www.corumbaonline.com.br\/news\/eleicoes-2026-janela-partidaria-comeca-nesta-quinta-feira\/","title":{"rendered":"Elei\u00e7\u00f5es 2026:\u00a0janela partid\u00e1ria come\u00e7a nesta quinta-feira"},"content":{"rendered":"<p>A partir desta quinta-feira\u00a0(5), deputadas e deputados federais, estaduais e distritais, no caso do Distrito Federal,\u00a0poder\u00e3o migrar de partido\u00a0pol\u00edtico, mantendo os mandatos atuais. A data marca o\u00a0in\u00edcio do\u00a0per\u00edodo de 30 dias da chamada janela partid\u00e1ria, que\u00a0vai at\u00e9 3 de abril.<\/p>\n<p>Prevista no artigo 22-A da Lei dos Partidos Pol\u00edticos (<a href=\"https:\/\/www.tse.jus.br\/legislacao\/codigo-eleitoral\/lei-dos-partidos-politicos\/sumario-lei-dos-partidos-politicos\">Lei n\u00ba 9.096\/1995<\/a>), a medida \u00e9 um mecanismo para a reorganiza\u00e7\u00e3o das for\u00e7as pol\u00edticas antes das elei\u00e7\u00f5es gerais de outubro. A janela partid\u00e1ria \u00e9 aberta em qualquer ano eleitoral, sete meses antes da vota\u00e7\u00e3o. Neste ano, o 1\u00ba turno das elei\u00e7\u00f5es\u00a0acontece no dia 4 de outubro.<\/p>\n<h3>Benefici\u00e1rios<\/h3>\n<p>O mecanismo somente beneficia neste ano deputados federais, estaduais e distritais. Os vereadores eleitos em 2024 n\u00e3o podem utilizar a janela de 2026, uma vez que\u00a0n\u00e3o est\u00e3o em\u00a0fim de\u00a0mandato.<\/p>\n<p>Ocupantes de cargos eletivos majorit\u00e1rios, como os de\u00a0presidente\u00a0da Rep\u00fablica, governador e senador, podem trocar de partido sem incorrer na necessidade de apresentar justa causa para a desfilia\u00e7\u00e3o da legenda.<\/p>\n<p>Nos cargos conquistados por meio do sistema proporcional \u2013 deputado federal, deputado estadual e distrital e vereador \u2013, a Justi\u00e7a Eleitoral considera que o mandato pertence ao partido pol\u00edtico pelo qual a pessoa foi eleita e n\u00e3o \u00e0 pessoa que o ocupa.<\/p>\n<p>Por essa raz\u00e3o, a pessoa eleita para um desses cargos deve sempre apresentar a devida justa causa para se desligar da agremia\u00e7\u00e3o.\u00a0Durante a vig\u00eancia da janela partid\u00e1ria, no entanto,\u00a0a troca\u00a0de legenda\u00a0funciona como esp\u00e9cie de justa causa.<\/p>\n<p>Al\u00e9m do per\u00edodo da janela, o Tribunal Superior Eleitoral (TSE) reconhece outras tr\u00eas situa\u00e7\u00f5es de\u00a0justa causa\u00a0para a desfilia\u00e7\u00e3o sem perda de mandato: mudan\u00e7a substancial ou desvio reiterado do programa partid\u00e1rio; grave discrimina\u00e7\u00e3o pol\u00edtica pessoal; e anu\u00eancia do partido (conforme a Emenda Constitucional n\u00ba 111\/2021).<\/p>\n<h3>Previs\u00e3o legal\u00a0do mecanismo<\/h3>\n<p>A janela partid\u00e1ria existe h\u00e1 mais de dez anos. O artigo 22-A da Lei dos Partidos Pol\u00edticos (Lei n\u00ba 9.096\/95), que prev\u00ea o mecanismo, foi inclu\u00eddo na lei pela reforma eleitoral de 2015 (Lei n\u00ba 13.165). A janela tamb\u00e9m est\u00e1 prevista na Emenda Constitucional n\u00ba 91, aprovada em 2016 pelo Congresso Nacional.<\/p>\n<p>A medida se consolidou como uma sa\u00edda para a troca de legenda ap\u00f3s decis\u00e3o do Tribunal Superior Eleitoral (TSE), posteriormente confirmada pelo Supremo Tribunal Federal (STF), que estabeleceu a fidelidade partid\u00e1ria para os cargos obtidos em elei\u00e7\u00f5es proporcionais. A determina\u00e7\u00e3o, regulamentada pela Resolu\u00e7\u00e3o TSE n\u00ba 22.610\/2007, estabelece que, nesses pleitos, o mandato pertence ao partido, e n\u00e3o \u00e0 candidatura eleita.<\/p>\n","protected":false},"excerpt":{"rendered":"<p>A partir desta quinta-feira\u00a0(5), deputadas e deputados federais, estaduais e distritais, no caso do Distrito&#8230;<\/p>\n","protected":false},"author":6,"featured_media":11756201,"comment_status":"closed","ping_status":"closed","sticky":false,"template":"","format":"standard","meta":{"footnotes":""},"categories":[101],"tags":[279,645],"class_list":["post-11779277","post","type-post","status-publish","format-standard","has-post-thumbnail","hentry","category-eleicoes","tag-eleicoes","tag-eleicoes-2026"],"_links":{"self":[{"href":"https:\/\/www.corumbaonline.com.br\/news\/wp-json\/wp\/v2\/posts\/11779277","targetHints":{"allow":["GET"]}}],"collection":[{"href":"https:\/\/www.corumbaonline.com.br\/news\/wp-json\/wp\/v2\/posts"}],"about":[{"href":"https:\/\/www.corumbaonline.com.br\/news\/wp-json\/wp\/v2\/types\/post"}],"author":[{"embeddable":true,"href":"https:\/\/www.corumbaonline.com.br\/news\/wp-json\/wp\/v2\/users\/6"}],"replies":[{"embeddable":true,"href":"https:\/\/www.corumbaonline.com.br\/news\/wp-json\/wp\/v2\/comments?post=11779277"}],"version-history":[{"count":1,"href":"https:\/\/www.corumbaonline.com.br\/news\/wp-json\/wp\/v2\/posts\/11779277\/revisions"}],"predecessor-version":[{"id":11779278,"href":"https:\/\/www.corumbaonline.com.br\/news\/wp-json\/wp\/v2\/posts\/11779277\/revisions\/11779278"}],"wp:featuredmedia":[{"embeddable":true,"href":"https:\/\/www.corumbaonline.com.br\/news\/wp-json\/wp\/v2\/media\/11756201"}],"wp:attachment":[{"href":"https:\/\/www.corumbaonline.com.br\/news\/wp-json\/wp\/v2\/media?parent=11779277"}],"wp:term":[{"taxonomy":"category","embeddable":true,"href":"https:\/\/www.corumbaonline.com.br\/news\/wp-json\/wp\/v2\/categories?post=11779277"},{"taxonomy":"post_tag","embeddable":true,"href":"https:\/\/www.corumbaonline.com.br\/news\/wp-json\/wp\/v2\/tags?post=11779277"}],"curies":[{"name":"wp","href":"https:\/\/api.w.org\/{rel}","templated":true}]}}