{"id":11779280,"date":"2026-03-05T16:00:00","date_gmt":"2026-03-05T20:00:00","guid":{"rendered":"https:\/\/www.corumbaonline.com.br\/news\/?p=11779280"},"modified":"2026-03-05T17:34:07","modified_gmt":"2026-03-05T21:34:07","slug":"pf-deflagra-operacao-contra-trafico-internacional-de-cocaina-em-corumba","status":"publish","type":"post","link":"https:\/\/www.corumbaonline.com.br\/news\/pf-deflagra-operacao-contra-trafico-internacional-de-cocaina-em-corumba\/","title":{"rendered":"PF deflagra opera\u00e7\u00e3o contra tr\u00e1fico internacional de coca\u00edna em Corumb\u00e1"},"content":{"rendered":"<p>A Pol\u00edcia Federal deflagrou, nesta quinta-feira (5), a Opera\u00e7\u00e3o Abate, com o objetivo de combater o tr\u00e1fico de coca\u00edna nos estados de Mato Grosso do Sul e de S\u00e3o Paulo. Foram cumpridos quatro mandados de busca e apreens\u00e3o e tr\u00eas de pris\u00e3o preventiva no munic\u00edpio de Corumb\u00e1.<\/p>\n<p>A investiga\u00e7\u00e3o desenvolveu-se a partir da apreens\u00e3o de 230 kg de coca\u00edna em um caminh\u00e3o, em dezembro de 2023. Com o aprofundamento das investiga\u00e7\u00f5es, foram identificados os indiv\u00edduos que atuavam na log\u00edstica de transporte da droga.<\/p>\n<p>Celulares foram apreendidos, os quais ser\u00e3o periciados e analisados pela Pol\u00edcia Federal.<\/p>\n","protected":false},"excerpt":{"rendered":"<p>A Pol\u00edcia Federal deflagrou, nesta quinta-feira (5), a Opera\u00e7\u00e3o Abate, com o objetivo de combater&#8230;<\/p>\n","protected":false},"author":137,"featured_media":11757552,"comment_status":"closed","ping_status":"closed","sticky":false,"template":"","format":"standard","meta":{"footnotes":""},"categories":[8,18],"tags":[249],"class_list":["post-11779280","post","type-post","status-publish","format-standard","has-post-thumbnail","hentry","category-destaque","category-seguranca","tag-seguranca"],"_links":{"self":[{"href":"https:\/\/www.corumbaonline.com.br\/news\/wp-json\/wp\/v2\/posts\/11779280","targetHints":{"allow":["GET"]}}],"collection":[{"href":"https:\/\/www.corumbaonline.com.br\/news\/wp-json\/wp\/v2\/posts"}],"about":[{"href":"https:\/\/www.corumbaonline.com.br\/news\/wp-json\/wp\/v2\/types\/post"}],"author":[{"embeddable":true,"href":"https:\/\/www.corumbaonline.com.br\/news\/wp-json\/wp\/v2\/users\/137"}],"replies":[{"embeddable":true,"href":"https:\/\/www.corumbaonline.com.br\/news\/wp-json\/wp\/v2\/comments?post=11779280"}],"version-history":[{"count":1,"href":"https:\/\/www.corumbaonline.com.br\/news\/wp-json\/wp\/v2\/posts\/11779280\/revisions"}],"predecessor-version":[{"id":11779281,"href":"https:\/\/www.corumbaonline.com.br\/news\/wp-json\/wp\/v2\/posts\/11779280\/revisions\/11779281"}],"wp:featuredmedia":[{"embeddable":true,"href":"https:\/\/www.corumbaonline.com.br\/news\/wp-json\/wp\/v2\/media\/11757552"}],"wp:attachment":[{"href":"https:\/\/www.corumbaonline.com.br\/news\/wp-json\/wp\/v2\/media?parent=11779280"}],"wp:term":[{"taxonomy":"category","embeddable":true,"href":"https:\/\/www.corumbaonline.com.br\/news\/wp-json\/wp\/v2\/categories?post=11779280"},{"taxonomy":"post_tag","embeddable":true,"href":"https:\/\/www.corumbaonline.com.br\/news\/wp-json\/wp\/v2\/tags?post=11779280"}],"curies":[{"name":"wp","href":"https:\/\/api.w.org\/{rel}","templated":true}]}}