{"id":11779294,"date":"2026-03-06T08:44:00","date_gmt":"2026-03-06T12:44:00","guid":{"rendered":"https:\/\/www.corumbaonline.com.br\/news\/?p=11779294"},"modified":"2026-03-06T08:37:07","modified_gmt":"2026-03-06T12:37:07","slug":"pf-deflagra-operacao-contra-trafico-internacional-de-armas-na-fronteira","status":"publish","type":"post","link":"https:\/\/www.corumbaonline.com.br\/news\/pf-deflagra-operacao-contra-trafico-internacional-de-armas-na-fronteira\/","title":{"rendered":"PF deflagra opera\u00e7\u00e3o contra tr\u00e1fico internacional de armas na fronteira"},"content":{"rendered":"<p>A Pol\u00edcia Federal deflagrou, nesta sexta-feira (6), com o apoio da Corregedoria da Pol\u00edcia Militar do Estado de Mato Grosso do Sul, a Opera\u00e7\u00e3o Dupla Face, destinada a desarticular esquema de tr\u00e1fico internacional de armas de fogo na regi\u00e3o de fronteira.<\/p>\n<p>Durante as investiga\u00e7\u00f5es, foram identificados ind\u00edcios de que um sargento da Pol\u00edcia Militar aposentado atuava como fornecedor de armamentos clandestinos, realizando viagens frequentes \u00e0 regi\u00e3o fronteiri\u00e7a e apresentando movimenta\u00e7\u00e3o financeira incompat\u00edvel com seus rendimentos declarados.<\/p>\n<p>Na a\u00e7\u00e3o, foram cumpridos um mandado de busca e apreens\u00e3o e outro de pris\u00e3o preventiva, al\u00e9m da suspens\u00e3o do porte de arma do investigado e do sequestro de bens e de valores.<\/p>\n","protected":false},"excerpt":{"rendered":"<p>A Pol\u00edcia Federal deflagrou, nesta sexta-feira (6), com o apoio da Corregedoria da Pol\u00edcia Militar&#8230;<\/p>\n","protected":false},"author":137,"featured_media":11779297,"comment_status":"closed","ping_status":"closed","sticky":false,"template":"","format":"standard","meta":{"footnotes":""},"categories":[18],"tags":[249],"class_list":["post-11779294","post","type-post","status-publish","format-standard","has-post-thumbnail","hentry","category-seguranca","tag-seguranca"],"_links":{"self":[{"href":"https:\/\/www.corumbaonline.com.br\/news\/wp-json\/wp\/v2\/posts\/11779294","targetHints":{"allow":["GET"]}}],"collection":[{"href":"https:\/\/www.corumbaonline.com.br\/news\/wp-json\/wp\/v2\/posts"}],"about":[{"href":"https:\/\/www.corumbaonline.com.br\/news\/wp-json\/wp\/v2\/types\/post"}],"author":[{"embeddable":true,"href":"https:\/\/www.corumbaonline.com.br\/news\/wp-json\/wp\/v2\/users\/137"}],"replies":[{"embeddable":true,"href":"https:\/\/www.corumbaonline.com.br\/news\/wp-json\/wp\/v2\/comments?post=11779294"}],"version-history":[{"count":1,"href":"https:\/\/www.corumbaonline.com.br\/news\/wp-json\/wp\/v2\/posts\/11779294\/revisions"}],"predecessor-version":[{"id":11779298,"href":"https:\/\/www.corumbaonline.com.br\/news\/wp-json\/wp\/v2\/posts\/11779294\/revisions\/11779298"}],"wp:featuredmedia":[{"embeddable":true,"href":"https:\/\/www.corumbaonline.com.br\/news\/wp-json\/wp\/v2\/media\/11779297"}],"wp:attachment":[{"href":"https:\/\/www.corumbaonline.com.br\/news\/wp-json\/wp\/v2\/media?parent=11779294"}],"wp:term":[{"taxonomy":"category","embeddable":true,"href":"https:\/\/www.corumbaonline.com.br\/news\/wp-json\/wp\/v2\/categories?post=11779294"},{"taxonomy":"post_tag","embeddable":true,"href":"https:\/\/www.corumbaonline.com.br\/news\/wp-json\/wp\/v2\/tags?post=11779294"}],"curies":[{"name":"wp","href":"https:\/\/api.w.org\/{rel}","templated":true}]}}