{"id":11779315,"date":"2026-03-06T10:21:00","date_gmt":"2026-03-06T14:21:00","guid":{"rendered":"https:\/\/www.corumbaonline.com.br\/news\/?p=11779315"},"modified":"2026-03-06T11:11:55","modified_gmt":"2026-03-06T15:11:55","slug":"prefeitura-abre-oficialmente-mes-da-mulher-com-evento-dedicado-as-servidoras","status":"publish","type":"post","link":"https:\/\/www.corumbaonline.com.br\/news\/prefeitura-abre-oficialmente-mes-da-mulher-com-evento-dedicado-as-servidoras\/","title":{"rendered":"Prefeitura abre oficialmente M\u00eas da Mulher com evento dedicado \u00e0s servidoras"},"content":{"rendered":"<p align=\"justify\">A Prefeitura Municipal de Corumb\u00e1, na gest\u00e3o do prefeito Dr. Gabriel Alves de Oliveira, realizou no dia 4 de mar\u00e7o a abertura oficial do\u00a0<strong>M\u00eas da Mulher<\/strong>, em celebra\u00e7\u00e3o ao Dia Internacional da Mulher. A iniciativa foi promovida por meio da Escola de Governo, representada pela superintendente professora Rosangela Villa da Silva, em parceria com a Secretaria Municipal de Sa\u00fade, representada pela secret\u00e1ria Tatiana da Silva Santos Mattos.<\/p>\n<p align=\"justify\">O evento teve como objetivo dar as boas-vindas \u00e0s colaboradoras do munic\u00edpio e marcar o in\u00edcio de uma programa\u00e7\u00e3o voltada \u00e0 valoriza\u00e7\u00e3o, reflex\u00e3o e fortalecimento do papel da mulher no ambiente de trabalho e na sociedade.<\/p>\n<p align=\"justify\">Durante o encontro, foram destacadas a for\u00e7a, a coragem, a sensibilidade e o protagonismo feminino, celebrando as hist\u00f3rias e trajet\u00f3rias das servidoras que contribuem diariamente para o desenvolvimento do munic\u00edpio.<\/p>\n<p align=\"justify\">A programa\u00e7\u00e3o contou com a participa\u00e7\u00e3o da Dra. Silvia Seg\u00f3via Ara\u00fajo Freire, coordenadora de Sa\u00fade Mental da Secretaria Municipal de Sa\u00fade, que abordou a import\u00e2ncia do cuidado com a sa\u00fade mental das mulheres, destacando os desafios enfrentados no cotidiano e refor\u00e7ando a necessidade do autocuidado e da aten\u00e7\u00e3o ao bem-estar emocional.<\/p>\n<p align=\"justify\">Na sequ\u00eancia, a consultora de imagem e estilo pessoal e servidora municipal lotada na Superintend\u00eancia de gest\u00e3o de RH, Sheilane Fernandes Chaves, conduziu um momento de orienta\u00e7\u00e3o com dicas pr\u00e1ticas sobre imagem pessoal, ressaltando que se vestir bem n\u00e3o est\u00e1 relacionado a padr\u00f5es, mas sim \u00e0 constru\u00e7\u00e3o da identidade, da autoestima e da confian\u00e7a.<\/p>\n<p align=\"justify\">Encerrando a programa\u00e7\u00e3o, a professora de Educa\u00e7\u00e3o F\u00edsica Helena Rodrigues conduziu uma din\u00e2mica especial de alongamento e movimento, proporcionando um momento de descontra\u00e7\u00e3o, integra\u00e7\u00e3o e conex\u00e3o com o corpo, refor\u00e7ando a import\u00e2ncia da atividade f\u00edsica como parte do cuidado com a sa\u00fade mental e o bem-estar.<\/p>\n<p align=\"justify\">A abertura do M\u00eas da Mulher marca o in\u00edcio de uma s\u00e9rie de a\u00e7\u00f5es que ser\u00e3o realizadas ao longo de mar\u00e7o, com o objetivo de promover reflex\u00e3o, fortalecimento e valoriza\u00e7\u00e3o da mulher em diferentes espa\u00e7os da sociedade.<\/p>\n<p align=\"justify\">A Prefeitura de Corumb\u00e1 refor\u00e7a, com essa iniciativa, seu compromisso com o reconhecimento e a valoriza\u00e7\u00e3o das mulheres que atuam no servi\u00e7o p\u00fablico e contribuem diariamente para a constru\u00e7\u00e3o de uma cidade mais humana e inclusiva.<\/p>\n","protected":false},"excerpt":{"rendered":"<p>A Prefeitura Municipal de Corumb\u00e1, na gest\u00e3o do prefeito Dr. Gabriel Alves de Oliveira, realizou&#8230;<\/p>\n","protected":false},"author":70,"featured_media":11779316,"comment_status":"closed","ping_status":"closed","sticky":false,"template":"","format":"standard","meta":{"footnotes":""},"categories":[14],"tags":[],"class_list":["post-11779315","post","type-post","status-publish","format-standard","has-post-thumbnail","hentry","category-geral"],"_links":{"self":[{"href":"https:\/\/www.corumbaonline.com.br\/news\/wp-json\/wp\/v2\/posts\/11779315","targetHints":{"allow":["GET"]}}],"collection":[{"href":"https:\/\/www.corumbaonline.com.br\/news\/wp-json\/wp\/v2\/posts"}],"about":[{"href":"https:\/\/www.corumbaonline.com.br\/news\/wp-json\/wp\/v2\/types\/post"}],"author":[{"embeddable":true,"href":"https:\/\/www.corumbaonline.com.br\/news\/wp-json\/wp\/v2\/users\/70"}],"replies":[{"embeddable":true,"href":"https:\/\/www.corumbaonline.com.br\/news\/wp-json\/wp\/v2\/comments?post=11779315"}],"version-history":[{"count":1,"href":"https:\/\/www.corumbaonline.com.br\/news\/wp-json\/wp\/v2\/posts\/11779315\/revisions"}],"predecessor-version":[{"id":11779317,"href":"https:\/\/www.corumbaonline.com.br\/news\/wp-json\/wp\/v2\/posts\/11779315\/revisions\/11779317"}],"wp:featuredmedia":[{"embeddable":true,"href":"https:\/\/www.corumbaonline.com.br\/news\/wp-json\/wp\/v2\/media\/11779316"}],"wp:attachment":[{"href":"https:\/\/www.corumbaonline.com.br\/news\/wp-json\/wp\/v2\/media?parent=11779315"}],"wp:term":[{"taxonomy":"category","embeddable":true,"href":"https:\/\/www.corumbaonline.com.br\/news\/wp-json\/wp\/v2\/categories?post=11779315"},{"taxonomy":"post_tag","embeddable":true,"href":"https:\/\/www.corumbaonline.com.br\/news\/wp-json\/wp\/v2\/tags?post=11779315"}],"curies":[{"name":"wp","href":"https:\/\/api.w.org\/{rel}","templated":true}]}}