{"id":11779318,"date":"2026-03-06T10:35:00","date_gmt":"2026-03-06T14:35:00","guid":{"rendered":"https:\/\/www.corumbaonline.com.br\/news\/?p=11779318"},"modified":"2026-03-06T11:21:35","modified_gmt":"2026-03-06T15:21:35","slug":"parceiros-ampliam-atuacao-no-pantanal-e-na-serra-da-bodoquena-com-acoes-integradas-de-conservacao","status":"publish","type":"post","link":"https:\/\/www.corumbaonline.com.br\/news\/parceiros-ampliam-atuacao-no-pantanal-e-na-serra-da-bodoquena-com-acoes-integradas-de-conservacao\/","title":{"rendered":"Parceiros ampliam atua\u00e7\u00e3o no Pantanal e na Serra da Bodoquena com a\u00e7\u00f5es integradas de conserva\u00e7\u00e3o"},"content":{"rendered":"<p>O Instituto Homem Pantaneiro (IHP), com apoio do programa de investimento social corporativo da ADM, ADM Cares, inicia uma nova etapa de atua\u00e7\u00e3o no Pantanal e na Serra da Bodoquena com a implementa\u00e7\u00e3o de sete eixos integrados de conserva\u00e7\u00e3o ambiental em munic\u00edpios estrat\u00e9gicos de Mato Grosso do Sul. As a\u00e7\u00f5es incluem restaura\u00e7\u00e3o de \u00e1reas degradadas, implanta\u00e7\u00e3o de sistemas agroflorestais em escolas rurais, amplia\u00e7\u00e3o da produ\u00e7\u00e3o de mudas nativas, educa\u00e7\u00e3o ambiental e fortalecimento da Brigada Alto Pantanal.<\/p>\n<p>O trabalho ser\u00e1 realizado dentro do projeto de conserva\u00e7\u00e3o \u201cDo Solo ao Futuro: Seguran\u00e7a Alimentar e Restaura\u00e7\u00e3o Ambiental Integrada\u201d. A ADM, l\u00edder global em comercializa\u00e7\u00e3o de gr\u00e3os, insumos e nutri\u00e7\u00e3o humana e animal, j\u00e1 desenvolve esfor\u00e7os para promover a prote\u00e7\u00e3o do Pantanal por meio de outras iniciativas como programas de prote\u00e7\u00e3o de florestas, conserva\u00e7\u00e3o de recursos h\u00eddricos e apoio a projetos de restaura\u00e7\u00e3o ambiental na regi\u00e3o. A parceria com o IHP, iniciada em agosto de 2024, refor\u00e7a essa atua\u00e7\u00e3o no territ\u00f3rio.<\/p>\n<p>Nesta etapa, as m\u00faltiplas a\u00e7\u00f5es contam com o engajamento de produtores rurais, comunidades escolares, lideran\u00e7as comunit\u00e1rias e \u00f3rg\u00e3os p\u00fablicos, fortalecendo a execu\u00e7\u00e3o das atividades propostas e ampliando o impacto direto nas \u00e1reas priorit\u00e1rias para conserva\u00e7\u00e3o.<\/p>\n<p>Para Caroline Hoth, especialista em sustentabilidade da ADM e l\u00edder regional da ADM Cares, o projeto foi estruturado para gerar resultados concretos na conserva\u00e7\u00e3o do Pantanal e na prote\u00e7\u00e3o de \u00e1reas de nascentes que alimentam a Serra da Bodoquena, com atua\u00e7\u00e3o simult\u00e2nea em diferentes frentes priorit\u00e1rias.<\/p>\n<p>\u201cPor meio do programa ADM Cares, apoiamos iniciativas que integram restaura\u00e7\u00e3o ambiental, seguran\u00e7a alimentar e sa\u00fade e bem-estar, fortalecendo a resili\u00eancia do Pantanal e das comunidades que dependem desse ecossistema. Acreditamos que a conserva\u00e7\u00e3o exige compromisso cont\u00ednuo, colabora\u00e7\u00e3o e uma atua\u00e7\u00e3o territorial consistente, especialmente diante dos desafios clim\u00e1ticos que impactam o bioma\u201d, afirma Caroline.<\/p>\n<p>O presidente do IHP, Angelo Rabelo, destaca a import\u00e2ncia da continuidade dos esfor\u00e7os para garantir resultados pr\u00e1ticos na conserva\u00e7\u00e3o do Pantanal e das nascentes, al\u00e9m da necessidade de atua\u00e7\u00e3o multidisciplinar para alcan\u00e7ar metas de longo prazo.<\/p>\n<p>\u201cO IHP tem quase 25 anos de atua\u00e7\u00e3o dentro do territ\u00f3rio pantaneiro e vem construindo resultados por meio de parcerias fundamentais, como a que temos com a ADM. Esse trabalho conjunto permite que possamos avan\u00e7ar simultaneamente na recupera\u00e7\u00e3o de \u00e1reas degradadas, na preven\u00e7\u00e3o de inc\u00eandios, na educa\u00e7\u00e3o ambiental e no fortalecimento da cadeia de restaura\u00e7\u00e3o\u201d, explica.<\/p>\n<figure class=\"wp-block-image size-full\"><img loading=\"lazy\" decoding=\"async\" class=\"wp-image-4653 entered lazyloaded\" src=\"http:\/\/institutohomempantaneiro.org.br\/wp-content\/uploads\/2026\/03\/recuperacao_area_pantanal_eduardo_mello_ihp-1000px.jpg\" sizes=\"auto, (max-width: 1000px) 100vw, 1000px\" srcset=\"https:\/\/institutohomempantaneiro.org.br\/wp-content\/uploads\/2026\/03\/recuperacao_area_pantanal_eduardo_mello_ihp-1000px.jpg 1000w, https:\/\/institutohomempantaneiro.org.br\/wp-content\/uploads\/2026\/03\/recuperacao_area_pantanal_eduardo_mello_ihp-1000px-300x200.jpg 300w, https:\/\/institutohomempantaneiro.org.br\/wp-content\/uploads\/2026\/03\/recuperacao_area_pantanal_eduardo_mello_ihp-1000px-768x511.jpg 768w\" alt=\"\" width=\"1000\" height=\"666\" data-lazy-srcset=\"https:\/\/institutohomempantaneiro.org.br\/wp-content\/uploads\/2026\/03\/recuperacao_area_pantanal_eduardo_mello_ihp-1000px.jpg 1000w, https:\/\/institutohomempantaneiro.org.br\/wp-content\/uploads\/2026\/03\/recuperacao_area_pantanal_eduardo_mello_ihp-1000px-300x200.jpg 300w, https:\/\/institutohomempantaneiro.org.br\/wp-content\/uploads\/2026\/03\/recuperacao_area_pantanal_eduardo_mello_ihp-1000px-768x511.jpg 768w\" data-lazy-sizes=\"(max-width: 1000px) 100vw, 1000px\" data-lazy-src=\"http:\/\/institutohomempantaneiro.org.br\/wp-content\/uploads\/2026\/03\/recuperacao_area_pantanal_eduardo_mello_ihp-1000px.jpg\" data-ll-status=\"loaded\" \/><\/figure>\n<p><strong>Do Solo ao Futuro<\/strong><\/p>\n<p>Estruturado para integrar conserva\u00e7\u00e3o ambiental e desenvolvimento local, o projeto \u201cDo Solo ao Futuro: Seguran\u00e7a Alimentar e Restaura\u00e7\u00e3o Ambiental Integrada\u201d organiza suas a\u00e7\u00f5es em sete eixos complementares.<\/p>\n<p>S\u00e3o eles: Semeando o Amanh\u00e3 \u2013 Educa\u00e7\u00e3o Ambiental; Sistemas Agroflorestais em Escolas do Pantanal; Amplia\u00e7\u00e3o da estrutura de Viveiro de Mudas na regi\u00e3o da Serra do Amolar; Fortalecimento da Brigada Alto Pantanal; Restaura\u00e7\u00e3o ambiental do Rio Betione; Restaura\u00e7\u00e3o de \u00e1reas degradadas em Bodoquena; e Engajamento comunit\u00e1rio para conserva\u00e7\u00e3o.<\/p>\n<p>No eixo Semeando o Amanh\u00e3, ser\u00e3o realizadas atividades de educa\u00e7\u00e3o ambiental e agroecol\u00f3gica com estudantes de escolas rurais no Pantanal, desenvolvidas em \u00e1rea de Reserva Particular do Patrim\u00f4nio Natural (RPPN). Em parceria com a ADM Cares, tamb\u00e9m ser\u00e3o implementadas duas hortas agroecol\u00f3gicas em comunidades ribeirinhas, que ir\u00e3o complementar a alimenta\u00e7\u00e3o de cerca de 70 estudantes de tr\u00eas escolas, totalizando aproximadamente 14 mil refei\u00e7\u00f5es ao longo do projeto. A iniciativa busca ainda fortalecer a seguran\u00e7a alimentar e promover a produ\u00e7\u00e3o sustent\u00e1vel de alimentos no ambiente escolar.<\/p>\n<p>A amplia\u00e7\u00e3o da estrutura do Viveiro de Mudas expandir\u00e1 a capacidade produtiva e aumentar\u00e1 a diversidade de esp\u00e9cies nativas na estrutura que o IHP mant\u00e9m na regi\u00e3o da Serra do Amolar, na RPPN Acurizal, apoiando as a\u00e7\u00f5es de restaura\u00e7\u00e3o no bioma.<\/p>\n<p>O fortalecimento da Brigada Alto Pantanal permitir\u00e1 que os brigadistas realizem a\u00e7\u00f5es de restaura\u00e7\u00e3o com plantio de mudas nativas, al\u00e9m de intensificar a produ\u00e7\u00e3o e manuten\u00e7\u00e3o de aceiros em \u00e1reas priorit\u00e1rias para preven\u00e7\u00e3o de inc\u00eandios.<\/p>\n<p>Na Restaura\u00e7\u00e3o Ambiental do Rio Betione, \u00e1reas priorit\u00e1rias foram identificadas pela equipe t\u00e9cnica do IHP e, al\u00e9m do plantio, ser\u00e3o realizados monitoramentos mensais e estudos para garantir maior taxa de sobreviv\u00eancia das mudas.<\/p>\n<figure class=\"wp-block-image size-full\"><img loading=\"lazy\" decoding=\"async\" class=\"wp-image-4654 entered lazyloaded\" src=\"http:\/\/institutohomempantaneiro.org.br\/wp-content\/uploads\/2026\/03\/recuperacao_area_pantanal_serra_do_amolar_eduardo_mello_ihp-2-1000px.jpg\" sizes=\"auto, (max-width: 1000px) 100vw, 1000px\" srcset=\"https:\/\/institutohomempantaneiro.org.br\/wp-content\/uploads\/2026\/03\/recuperacao_area_pantanal_serra_do_amolar_eduardo_mello_ihp-2-1000px.jpg 1000w, https:\/\/institutohomempantaneiro.org.br\/wp-content\/uploads\/2026\/03\/recuperacao_area_pantanal_serra_do_amolar_eduardo_mello_ihp-2-1000px-300x200.jpg 300w, https:\/\/institutohomempantaneiro.org.br\/wp-content\/uploads\/2026\/03\/recuperacao_area_pantanal_serra_do_amolar_eduardo_mello_ihp-2-1000px-768x511.jpg 768w\" alt=\"\" width=\"1000\" height=\"666\" data-lazy-srcset=\"https:\/\/institutohomempantaneiro.org.br\/wp-content\/uploads\/2026\/03\/recuperacao_area_pantanal_serra_do_amolar_eduardo_mello_ihp-2-1000px.jpg 1000w, https:\/\/institutohomempantaneiro.org.br\/wp-content\/uploads\/2026\/03\/recuperacao_area_pantanal_serra_do_amolar_eduardo_mello_ihp-2-1000px-300x200.jpg 300w, https:\/\/institutohomempantaneiro.org.br\/wp-content\/uploads\/2026\/03\/recuperacao_area_pantanal_serra_do_amolar_eduardo_mello_ihp-2-1000px-768x511.jpg 768w\" data-lazy-sizes=\"(max-width: 1000px) 100vw, 1000px\" data-lazy-src=\"http:\/\/institutohomempantaneiro.org.br\/wp-content\/uploads\/2026\/03\/recuperacao_area_pantanal_serra_do_amolar_eduardo_mello_ihp-2-1000px.jpg\" data-ll-status=\"loaded\" \/><\/figure>\n<p><strong>Cen\u00e1rio do Pantanal e nascentes<\/strong><\/p>\n<p>Dados do Servi\u00e7o Geol\u00f3gico do Brasil (SGB), em an\u00e1lise sobre a Bacia do Alto Pantanal (BAP), indicam que o rio Paraguai ainda apresenta n\u00edveis fora da normalidade em diferentes trechos.<\/p>\n<p>Nos \u00faltimos meses (jul\/25 a jan\/26), a chuva acumulada na bacia foi 16% menor que a m\u00e9dia hist\u00f3rica registrada entre 1998 e 2025. Esse cen\u00e1rio sugere baixa recupera\u00e7\u00e3o dos n\u00edveis de \u00e1gua no Pantanal como um todo, com manuten\u00e7\u00e3o de trechos ainda abaixo da normalidade no curto prazo.<\/p>\n<p>Desde 2019, o Pantanal atravessa per\u00edodos de estiagem sucessivos. Esse contexto agrava o risco de inc\u00eandios florestais e refor\u00e7a a necessidade de prioriza\u00e7\u00e3o de esfor\u00e7os voltados \u00e0 preven\u00e7\u00e3o, \u00e0 recupera\u00e7\u00e3o de \u00e1reas degradadas e ao fortalecimento da educa\u00e7\u00e3o ambiental.<\/p>\n","protected":false},"excerpt":{"rendered":"<p>O Instituto Homem Pantaneiro (IHP), com apoio do programa de investimento social corporativo da ADM,&#8230;<\/p>\n","protected":false},"author":8,"featured_media":11779322,"comment_status":"closed","ping_status":"closed","sticky":false,"template":"","format":"standard","meta":{"footnotes":""},"categories":[8,17],"tags":[209],"class_list":["post-11779318","post","type-post","status-publish","format-standard","has-post-thumbnail","hentry","category-destaque","category-meio-ambiente","tag-meio-ambiente"],"_links":{"self":[{"href":"https:\/\/www.corumbaonline.com.br\/news\/wp-json\/wp\/v2\/posts\/11779318","targetHints":{"allow":["GET"]}}],"collection":[{"href":"https:\/\/www.corumbaonline.com.br\/news\/wp-json\/wp\/v2\/posts"}],"about":[{"href":"https:\/\/www.corumbaonline.com.br\/news\/wp-json\/wp\/v2\/types\/post"}],"author":[{"embeddable":true,"href":"https:\/\/www.corumbaonline.com.br\/news\/wp-json\/wp\/v2\/users\/8"}],"replies":[{"embeddable":true,"href":"https:\/\/www.corumbaonline.com.br\/news\/wp-json\/wp\/v2\/comments?post=11779318"}],"version-history":[{"count":1,"href":"https:\/\/www.corumbaonline.com.br\/news\/wp-json\/wp\/v2\/posts\/11779318\/revisions"}],"predecessor-version":[{"id":11779323,"href":"https:\/\/www.corumbaonline.com.br\/news\/wp-json\/wp\/v2\/posts\/11779318\/revisions\/11779323"}],"wp:featuredmedia":[{"embeddable":true,"href":"https:\/\/www.corumbaonline.com.br\/news\/wp-json\/wp\/v2\/media\/11779322"}],"wp:attachment":[{"href":"https:\/\/www.corumbaonline.com.br\/news\/wp-json\/wp\/v2\/media?parent=11779318"}],"wp:term":[{"taxonomy":"category","embeddable":true,"href":"https:\/\/www.corumbaonline.com.br\/news\/wp-json\/wp\/v2\/categories?post=11779318"},{"taxonomy":"post_tag","embeddable":true,"href":"https:\/\/www.corumbaonline.com.br\/news\/wp-json\/wp\/v2\/tags?post=11779318"}],"curies":[{"name":"wp","href":"https:\/\/api.w.org\/{rel}","templated":true}]}}