{"id":11779334,"date":"2026-03-06T13:17:33","date_gmt":"2026-03-06T17:17:33","guid":{"rendered":"https:\/\/www.corumbaonline.com.br\/news\/?p=11779334"},"modified":"2026-03-06T13:18:44","modified_gmt":"2026-03-06T17:18:44","slug":"ifms-abre-inscricoes-para-curso-preparatorio-gratuito-para-estudantes-da-rede-publica","status":"publish","type":"post","link":"https:\/\/www.corumbaonline.com.br\/news\/ifms-abre-inscricoes-para-curso-preparatorio-gratuito-para-estudantes-da-rede-publica\/","title":{"rendered":"IFMS abre inscri\u00e7\u00f5es para curso preparat\u00f3rio gratuito para estudantes da rede p\u00fablica"},"content":{"rendered":"\n<p>Est\u00e3o abertas as inscri\u00e7\u00f5es para o programa <strong>Partiu IF<\/strong>, curso preparat\u00f3rio gratuito do Instituto Federal de Mato Grosso do Sul (IFMS) voltado a estudantes que desejam ingressar nos cursos t\u00e9cnicos integrados ao ensino m\u00e9dio da institui\u00e7\u00e3o.<\/p>\n\n\n\n<p>O curso \u00e9 destinado a <strong>alunos que est\u00e3o cursando o 9\u00ba ano do ensino fundamental em escola p\u00fablica<\/strong> e que tenham at\u00e9 17 anos. Tamb\u00e9m \u00e9 necess\u00e1rio ter estudado <strong>todo o ensino fundamental na rede p\u00fablica<\/strong>.<\/p>\n\n\n\n<p>A iniciativa faz parte de um programa nacional que busca ampliar o acesso de estudantes da rede p\u00fablica \u00e0 Rede Federal de Educa\u00e7\u00e3o Profissional, Cient\u00edfica e Tecnol\u00f3gica. Durante o curso, os participantes ter\u00e3o aulas de <strong>L\u00edngua Portuguesa, Matem\u00e1tica e Ci\u00eancias da Natureza<\/strong>, com conte\u00fados voltados ao processo seletivo dos institutos federais.<\/p>\n\n\n\n<h3 class=\"wp-block-heading\">Como se inscrever<\/h3>\n\n\n\n<p>As inscri\u00e7\u00f5es s\u00e3o <strong>gratuitas<\/strong> e devem ser feitas <strong>pela internet<\/strong>, na <a href=\"https:\/\/selecao.ifms.edu.br\/perfil\/outras\/edital-proex-ifms-no-20-2026-estudantes-partiu-if-ifms\">Central de Sele\u00e7\u00e3o do IFMS<\/a>. No momento da inscri\u00e7\u00e3o, o candidato precisa preencher o formul\u00e1rio e anexar os documentos solicitados em um \u00fanico arquivo em PDF.<\/p>\n\n\n\n<div data-wp-context=\"{ &quot;autoclose&quot;: false, &quot;accordionItems&quot;: [] }\" data-wp-interactive=\"core\/accordion\" role=\"group\" class=\"wp-block-accordion is-layout-flow wp-block-accordion-is-layout-flow\"><\/div>\n\n\n\n<p>Entre os documentos exigidos est\u00e3o:<\/p>\n\n\n\n<ul class=\"wp-block-list\">\n<li>documento de identifica\u00e7\u00e3o e CPF<\/li>\n\n\n\n<li>comprovante de resid\u00eancia<\/li>\n\n\n\n<li>declara\u00e7\u00e3o de matr\u00edcula em escola p\u00fablica<\/li>\n\n\n\n<li>documentos para comprova\u00e7\u00e3o de renda ou cotas, quando for o caso.<\/li>\n<\/ul>\n\n\n\n<h3 class=\"wp-block-heading\">Cronograma do processo seletivo<\/h3>\n\n\n\n<p>De acordo com o <strong><a href=\"https:\/\/selecao.ifms.edu.br\/edital\/files\/edital-proex-ifms-no-20-2026-estudantes-partiu-if-ifms-edital-proex-ifms-no-20-1-2026-partiuif-estudantes-retificacao-cronograma.pdf\">cronograma retificado do edital<\/a><\/strong>, as inscri\u00e7\u00f5es ficam abertas at\u00e9 <strong>09 de mar\u00e7o de 2026<\/strong>.<\/p>\n\n\n\n<p>Ap\u00f3s o encerramento das inscri\u00e7\u00f5es, o processo seguir\u00e1 com as seguintes etapas:<\/p>\n\n\n\n<ul class=\"wp-block-list\">\n<li><strong>13 a 14 de mar\u00e7o<\/strong> \u2013 Per\u00edodo para interposi\u00e7\u00e3o de recursos contra a rela\u00e7\u00e3o preliminar de inscri\u00e7\u00f5es<\/li>\n\n\n\n<li><strong>15 de mar\u00e7o<\/strong> \u2013 Publica\u00e7\u00e3o da rela\u00e7\u00e3o de inscri\u00e7\u00f5es homologadas e dos n\u00fameros para o sorteio eletr\u00f4nico<\/li>\n\n\n\n<li><strong>18 de mar\u00e7o<\/strong> \u2013 Realiza\u00e7\u00e3o do sorteio eletr\u00f4nico<\/li>\n\n\n\n<li><strong>19 de mar\u00e7o<\/strong> \u2013 Divulga\u00e7\u00e3o do resultado do sorteio eletr\u00f4nico<\/li>\n\n\n\n<li><strong>20 de mar\u00e7o<\/strong> &#8211; Per\u00edodo de interposi\u00e7\u00e3o de recursos contra o resultado do sorteio eletr\u00f4nico<\/li>\n\n\n\n<li><strong>21 de mar\u00e7o<\/strong> &#8211; Publica\u00e7\u00e3o da lista de convocados para a 1\u00aa chamada<\/li>\n<\/ul>\n\n\n\n<h3 class=\"wp-block-heading\">Cursos em Corumb\u00e1<\/h3>\n\n\n\n<p>No campus de <strong>Corumb\u00e1<\/strong>, os cursos t\u00e9cnicos dispon\u00edveis s\u00e3o nas \u00e1reas de:<\/p>\n\n\n\n<ul class=\"wp-block-list\">\n<li><strong>Inform\u00e1tica<\/strong><\/li>\n\n\n\n<li><strong>Metalurgia<\/strong><\/li>\n<\/ul>\n\n\n\n<p>Os cursos permitem que o aluno fa\u00e7a <strong>o ensino m\u00e9dio junto com a forma\u00e7\u00e3o t\u00e9cnica<\/strong>, ampliando as oportunidades de qualifica\u00e7\u00e3o profissional.<\/p>\n","protected":false},"excerpt":{"rendered":"<p>Est\u00e3o abertas as inscri\u00e7\u00f5es para o programa Partiu IF, curso preparat\u00f3rio gratuito do Instituto Federal&#8230;<\/p>\n","protected":false},"author":6,"featured_media":11771693,"comment_status":"closed","ping_status":"closed","sticky":false,"template":"","format":"standard","meta":{"footnotes":""},"categories":[10],"tags":[],"class_list":["post-11779334","post","type-post","status-publish","format-standard","has-post-thumbnail","hentry","category-educacao"],"_links":{"self":[{"href":"https:\/\/www.corumbaonline.com.br\/news\/wp-json\/wp\/v2\/posts\/11779334","targetHints":{"allow":["GET"]}}],"collection":[{"href":"https:\/\/www.corumbaonline.com.br\/news\/wp-json\/wp\/v2\/posts"}],"about":[{"href":"https:\/\/www.corumbaonline.com.br\/news\/wp-json\/wp\/v2\/types\/post"}],"author":[{"embeddable":true,"href":"https:\/\/www.corumbaonline.com.br\/news\/wp-json\/wp\/v2\/users\/6"}],"replies":[{"embeddable":true,"href":"https:\/\/www.corumbaonline.com.br\/news\/wp-json\/wp\/v2\/comments?post=11779334"}],"version-history":[{"count":1,"href":"https:\/\/www.corumbaonline.com.br\/news\/wp-json\/wp\/v2\/posts\/11779334\/revisions"}],"predecessor-version":[{"id":11779335,"href":"https:\/\/www.corumbaonline.com.br\/news\/wp-json\/wp\/v2\/posts\/11779334\/revisions\/11779335"}],"wp:featuredmedia":[{"embeddable":true,"href":"https:\/\/www.corumbaonline.com.br\/news\/wp-json\/wp\/v2\/media\/11771693"}],"wp:attachment":[{"href":"https:\/\/www.corumbaonline.com.br\/news\/wp-json\/wp\/v2\/media?parent=11779334"}],"wp:term":[{"taxonomy":"category","embeddable":true,"href":"https:\/\/www.corumbaonline.com.br\/news\/wp-json\/wp\/v2\/categories?post=11779334"},{"taxonomy":"post_tag","embeddable":true,"href":"https:\/\/www.corumbaonline.com.br\/news\/wp-json\/wp\/v2\/tags?post=11779334"}],"curies":[{"name":"wp","href":"https:\/\/api.w.org\/{rel}","templated":true}]}}