{"id":11779336,"date":"2026-03-06T15:00:00","date_gmt":"2026-03-06T19:00:00","guid":{"rendered":"https:\/\/www.corumbaonline.com.br\/news\/?p=11779336"},"modified":"2026-03-06T15:16:09","modified_gmt":"2026-03-06T19:16:09","slug":"18a-brigada-de-infantaria-de-pantanal-realiza-evento-alusivo-ao-dia-internacional-da-mulher","status":"publish","type":"post","link":"https:\/\/www.corumbaonline.com.br\/news\/18a-brigada-de-infantaria-de-pantanal-realiza-evento-alusivo-ao-dia-internacional-da-mulher\/","title":{"rendered":"18\u00aa Brigada de Infantaria de Pantanal realiza evento alusivo ao Dia Internacional da Mulher"},"content":{"rendered":"<p>Na manh\u00e3 desta sexta-feira, 6 de mar\u00e7o, a 18\u00aa Brigada de Infantaria de Pantanal realizou, nas instala\u00e7\u00f5es do 17\u00ba Batalh\u00e3o de Fronteira, um evento alusivo ao Dia Internacional da Mulher, com o prop\u00f3sito de reverenciar a import\u00e2ncia da data e reconhecer a relevante contribui\u00e7\u00e3o feminina para a sociedade e para as institui\u00e7\u00f5es militares.<\/p>\n<p>O evento contou com a participa\u00e7\u00e3o de militares do segmento feminino do Comando da Brigada Ricardo Franco, das Organiza\u00e7\u00f5es Militares Diretamente Subordinadas da Guarni\u00e7\u00e3o de Corumb\u00e1, bem como da fam\u00edlia militar e de autoridades femininas da regi\u00e3o.<\/p>\n<p>Durante o evento, foram destacados dois marcos relevantes para a presen\u00e7a feminina nas For\u00e7as Armadas. O primeiro refere-se \u00e0 incorpora\u00e7\u00e3o in\u00e9dita de 1.010 mulheres no Servi\u00e7o Militar Inicial, processo que ser\u00e1 gradualmente ampliado at\u00e9 o ano de 2035, em conson\u00e2ncia com as necessidades de adequa\u00e7\u00e3o de infraestrutura e log\u00edstica. O segundo marco \u00e9 a proposi\u00e7\u00e3o, pelo Comando do Ex\u00e9rcito, da primeira Coronel M\u00e9dica ao posto de oficial-general, evidenciando o avan\u00e7o da participa\u00e7\u00e3o feminina tamb\u00e9m nos n\u00edveis mais elevados da carreira militar.<\/p>\n<p>Esses acontecimentos refletem a crescente presen\u00e7a das mulheres em diferentes \u00e1reas de atua\u00e7\u00e3o, reafirmando seu protagonismo e sua expressiva contribui\u00e7\u00e3o para o aprimoramento das institui\u00e7\u00f5es e para o desenvolvimento da sociedade.<\/p>\n<p>A iniciativa integra as a\u00e7\u00f5es institucionais voltadas \u00e0 consolida\u00e7\u00e3o do reconhecimento da presen\u00e7a feminina como elemento fundamental para o aprimoramento e o fortalecimento das For\u00e7as Armadas e da sociedade brasileira. (Se\u00e7\u00e3o de Comunica\u00e7\u00e3o Social &#8211; 18\u00aa Brigada de Infantaria de Pantanal)<\/p>\n\n\n<figure class=\"wp-block-gallery has-nested-images columns-default is-cropped wp-block-gallery-1 is-layout-flex wp-block-gallery-is-layout-flex\">\n<figure class=\"wp-block-image size-large\"><img loading=\"lazy\" decoding=\"async\" width=\"1024\" height=\"768\" data-id=\"11779340\" src=\"https:\/\/www.corumbaonline.com.br\/news\/wp-content\/uploads\/2026\/03\/foto125363-1024x768.jpeg\" alt=\"\" class=\"wp-image-11779340\" srcset=\"https:\/\/www.corumbaonline.com.br\/news\/wp-content\/uploads\/2026\/03\/foto125363-1024x768.jpeg 1024w, https:\/\/www.corumbaonline.com.br\/news\/wp-content\/uploads\/2026\/03\/foto125363-300x225.jpeg 300w, https:\/\/www.corumbaonline.com.br\/news\/wp-content\/uploads\/2026\/03\/foto125363-768x576.jpeg 768w, https:\/\/www.corumbaonline.com.br\/news\/wp-content\/uploads\/2026\/03\/foto125363-1536x1152.jpeg 1536w, https:\/\/www.corumbaonline.com.br\/news\/wp-content\/uploads\/2026\/03\/foto125363.jpeg 1600w\" sizes=\"auto, (max-width: 1024px) 100vw, 1024px\" \/><\/figure>\n\n\n\n<figure class=\"wp-block-image size-large\"><img loading=\"lazy\" decoding=\"async\" width=\"1024\" height=\"768\" data-id=\"11779339\" src=\"https:\/\/www.corumbaonline.com.br\/news\/wp-content\/uploads\/2026\/03\/foto125362-1024x768.jpeg\" alt=\"\" class=\"wp-image-11779339\" srcset=\"https:\/\/www.corumbaonline.com.br\/news\/wp-content\/uploads\/2026\/03\/foto125362-1024x768.jpeg 1024w, https:\/\/www.corumbaonline.com.br\/news\/wp-content\/uploads\/2026\/03\/foto125362-300x225.jpeg 300w, https:\/\/www.corumbaonline.com.br\/news\/wp-content\/uploads\/2026\/03\/foto125362-768x576.jpeg 768w, https:\/\/www.corumbaonline.com.br\/news\/wp-content\/uploads\/2026\/03\/foto125362-1536x1152.jpeg 1536w, https:\/\/www.corumbaonline.com.br\/news\/wp-content\/uploads\/2026\/03\/foto125362.jpeg 1600w\" sizes=\"auto, (max-width: 1024px) 100vw, 1024px\" \/><\/figure>\n\n\n\n<figure class=\"wp-block-image size-large\"><img loading=\"lazy\" decoding=\"async\" width=\"1024\" height=\"768\" data-id=\"11779338\" src=\"https:\/\/www.corumbaonline.com.br\/news\/wp-content\/uploads\/2026\/03\/foto125361-1024x768.jpeg\" alt=\"\" class=\"wp-image-11779338\" srcset=\"https:\/\/www.corumbaonline.com.br\/news\/wp-content\/uploads\/2026\/03\/foto125361-1024x768.jpeg 1024w, https:\/\/www.corumbaonline.com.br\/news\/wp-content\/uploads\/2026\/03\/foto125361-300x225.jpeg 300w, https:\/\/www.corumbaonline.com.br\/news\/wp-content\/uploads\/2026\/03\/foto125361-768x576.jpeg 768w, https:\/\/www.corumbaonline.com.br\/news\/wp-content\/uploads\/2026\/03\/foto125361-1536x1152.jpeg 1536w, https:\/\/www.corumbaonline.com.br\/news\/wp-content\/uploads\/2026\/03\/foto125361.jpeg 1600w\" sizes=\"auto, (max-width: 1024px) 100vw, 1024px\" \/><\/figure>\n\n\n\n<figure class=\"wp-block-image size-large\"><img loading=\"lazy\" decoding=\"async\" width=\"1024\" height=\"768\" data-id=\"11779337\" src=\"https:\/\/www.corumbaonline.com.br\/news\/wp-content\/uploads\/2026\/03\/foto125360-1024x768.jpeg\" alt=\"\" class=\"wp-image-11779337\" srcset=\"https:\/\/www.corumbaonline.com.br\/news\/wp-content\/uploads\/2026\/03\/foto125360-1024x768.jpeg 1024w, https:\/\/www.corumbaonline.com.br\/news\/wp-content\/uploads\/2026\/03\/foto125360-300x225.jpeg 300w, https:\/\/www.corumbaonline.com.br\/news\/wp-content\/uploads\/2026\/03\/foto125360-768x576.jpeg 768w, https:\/\/www.corumbaonline.com.br\/news\/wp-content\/uploads\/2026\/03\/foto125360-1536x1152.jpeg 1536w, https:\/\/www.corumbaonline.com.br\/news\/wp-content\/uploads\/2026\/03\/foto125360.jpeg 1600w\" sizes=\"auto, (max-width: 1024px) 100vw, 1024px\" \/><\/figure>\n<\/figure>\n","protected":false},"excerpt":{"rendered":"<p>Na manh\u00e3 desta sexta-feira, 6 de mar\u00e7o, a 18\u00aa Brigada de Infantaria de Pantanal realizou,&#8230;<\/p>\n","protected":false},"author":6,"featured_media":11779337,"comment_status":"closed","ping_status":"closed","sticky":false,"template":"","format":"standard","meta":{"footnotes":""},"categories":[18],"tags":[249],"class_list":["post-11779336","post","type-post","status-publish","format-standard","has-post-thumbnail","hentry","category-seguranca","tag-seguranca"],"_links":{"self":[{"href":"https:\/\/www.corumbaonline.com.br\/news\/wp-json\/wp\/v2\/posts\/11779336","targetHints":{"allow":["GET"]}}],"collection":[{"href":"https:\/\/www.corumbaonline.com.br\/news\/wp-json\/wp\/v2\/posts"}],"about":[{"href":"https:\/\/www.corumbaonline.com.br\/news\/wp-json\/wp\/v2\/types\/post"}],"author":[{"embeddable":true,"href":"https:\/\/www.corumbaonline.com.br\/news\/wp-json\/wp\/v2\/users\/6"}],"replies":[{"embeddable":true,"href":"https:\/\/www.corumbaonline.com.br\/news\/wp-json\/wp\/v2\/comments?post=11779336"}],"version-history":[{"count":1,"href":"https:\/\/www.corumbaonline.com.br\/news\/wp-json\/wp\/v2\/posts\/11779336\/revisions"}],"predecessor-version":[{"id":11779341,"href":"https:\/\/www.corumbaonline.com.br\/news\/wp-json\/wp\/v2\/posts\/11779336\/revisions\/11779341"}],"wp:featuredmedia":[{"embeddable":true,"href":"https:\/\/www.corumbaonline.com.br\/news\/wp-json\/wp\/v2\/media\/11779337"}],"wp:attachment":[{"href":"https:\/\/www.corumbaonline.com.br\/news\/wp-json\/wp\/v2\/media?parent=11779336"}],"wp:term":[{"taxonomy":"category","embeddable":true,"href":"https:\/\/www.corumbaonline.com.br\/news\/wp-json\/wp\/v2\/categories?post=11779336"},{"taxonomy":"post_tag","embeddable":true,"href":"https:\/\/www.corumbaonline.com.br\/news\/wp-json\/wp\/v2\/tags?post=11779336"}],"curies":[{"name":"wp","href":"https:\/\/api.w.org\/{rel}","templated":true}]}}