{"id":11779362,"date":"2026-03-07T08:40:00","date_gmt":"2026-03-07T12:40:00","guid":{"rendered":"https:\/\/www.corumbaonline.com.br\/news\/?p=11779362"},"modified":"2026-03-07T09:03:46","modified_gmt":"2026-03-07T13:03:46","slug":"projeto-registrando-momentos-criando-memorias-proporciona-acolhimento-e-autoestima-para-gestantes","status":"publish","type":"post","link":"https:\/\/www.corumbaonline.com.br\/news\/projeto-registrando-momentos-criando-memorias-proporciona-acolhimento-e-autoestima-para-gestantes\/","title":{"rendered":"Projeto \u201cRegistrando momentos, criando mem\u00f3rias\u201d proporciona acolhimento e autoestima para gestantes"},"content":{"rendered":"<p>A Prefeitura de Corumb\u00e1 realizou, nesta sexta-feira, 06 de mar\u00e7o, o I Simp\u00f3sio sobre Empoderamento Feminino no Tr\u00e2nsito, com o tema \u201cO papel da mulher na constru\u00e7\u00e3o de um tr\u00e2nsito mais humano, seguro e consciente\u201d. O evento aconteceu no plen\u00e1rio da C\u00e2mara Municipal e discutiu a participa\u00e7\u00e3o feminina na mobilidade urbana e na educa\u00e7\u00e3o para o tr\u00e2nsito.<\/p>\n<p>A iniciativa teve como objetivo estimular o debate sobre o protagonismo das mulheres na seguran\u00e7a vi\u00e1ria, al\u00e9m de valorizar profissionais que atuam diretamente na organiza\u00e7\u00e3o e na fiscaliza\u00e7\u00e3o do tr\u00e2nsito no munic\u00edpio.<\/p>\n<p>Na abertura do simp\u00f3sio, a diretora-presidente da Ag\u00eancia Municipal de Transporte e Tr\u00e2nsito de Corumb\u00e1 (Agetrat), Mariana Ricco Ortiz, destacou que o encontro buscou ampliar a reflex\u00e3o sobre seguran\u00e7a vi\u00e1ria e incentivar a presen\u00e7a feminina nas pol\u00edticas p\u00fablicas de mobilidade. \u201cQuando falamos de tr\u00e2nsito, falamos de vida. A presen\u00e7a da mulher representa cuidado, responsabilidade e transforma\u00e7\u00e3o\u201d, afirmou.<\/p>\n<p>A vice-prefeita e secret\u00e1ria municipal de Assist\u00eancia Social e Cidadania, Bia Cavassa, ressaltou a import\u00e2ncia da iniciativa no m\u00eas dedicado \u00e0s mulheres. \u201cEste \u00e9 um momento importante para evidenciar o cuidado que a mulher tem no tr\u00e2nsito e incentivar atitudes de prud\u00eancia e respeito nas vias\u201d, disse.<\/p>\n<p><img loading=\"lazy\" decoding=\"async\" src=\"https:\/\/corumba.ms.gov.br\/public\/uploads\/galeria\/2026\/AGETRAT\/SIMPOSIOMULHER\/Foto%20Ren%C3%AA%20Marcio%20Carneiro(Simp%C3%B3sio%20Mulher)%20(28).jpg\" alt=\"\" width=\"776\" height=\"518\" \/>Representando a C\u00e2mara Municipal de Corumb\u00e1, a vereadora Hannah Santana tamb\u00e9m destacou a relev\u00e2ncia do debate e lembrou as transforma\u00e7\u00f5es hist\u00f3ricas na participa\u00e7\u00e3o feminina na sociedade. \u201cAntigamente, n\u00f3s, mulheres, n\u00e3o t\u00ednhamos nem liberdade de sair de casa. Hoje desempenhamos in\u00fameras fun\u00e7\u00f5es, e estar presentes no tr\u00e2nsito tamb\u00e9m faz parte desse empoderamento\u201d, destacou.<\/p>\n<p>A programa\u00e7\u00e3o contou ainda com apresenta\u00e7\u00e3o cultural e palestra da educadora de tr\u00e2nsito Andrea Moringo da Silva, graduada em Pedagogia e especialista em tr\u00e2nsito e desenvolvimento humano. Servidora p\u00fablica estadual e integrante da Academia de Letras Brasileira, seccional de Mato Grosso do Sul, ela abordou a presen\u00e7a hist\u00f3rica das mulheres na condu\u00e7\u00e3o de ve\u00edculos e os desafios para superar estigmas.<\/p>\n<p>Durante a palestra, Andrea defendeu a mudan\u00e7a de percep\u00e7\u00e3o sobre a atua\u00e7\u00e3o feminina nas vias. \u201cDurante muitos anos se repetiu a frase \u2018mulher no volante, perigo constante\u2019. Precisamos desconstruir esse cen\u00e1rio e reconhecer que a mulher tamb\u00e9m contribui para um tr\u00e2nsito mais respons\u00e1vel\u201d, afirmou. Tamb\u00e9m participou da mesa de abertura a chefe da Ag\u00eancia Municipal de Tr\u00e2nsito de Lad\u00e1rio (Agemtrat), Rosalina Damiana Lugo Goulart Barcellos.<\/p>\n<p>Durante o evento, foram homenageadas profissionais que atuam na organiza\u00e7\u00e3o e na fiscaliza\u00e7\u00e3o do tr\u00e2nsito em Corumb\u00e1 e que contribuem para a mobilidade urbana do munic\u00edpio.<\/p>\n<p>O I Simp\u00f3sio sobre Empoderamento Feminino no Tr\u00e2nsito foi coordenado pela Agetrat e contou com o apoio do Departamento Estadual de Tr\u00e2nsito de Mato Grosso do Sul (Detran-MS).<\/p>\n","protected":false},"excerpt":{"rendered":"<p>A Prefeitura de Corumb\u00e1 realizou, nesta sexta-feira, 06 de mar\u00e7o, o I Simp\u00f3sio sobre Empoderamento&#8230;<\/p>\n","protected":false},"author":70,"featured_media":11779363,"comment_status":"closed","ping_status":"closed","sticky":false,"template":"","format":"standard","meta":{"footnotes":""},"categories":[8,14],"tags":[],"class_list":["post-11779362","post","type-post","status-publish","format-standard","has-post-thumbnail","hentry","category-destaque","category-geral"],"_links":{"self":[{"href":"https:\/\/www.corumbaonline.com.br\/news\/wp-json\/wp\/v2\/posts\/11779362","targetHints":{"allow":["GET"]}}],"collection":[{"href":"https:\/\/www.corumbaonline.com.br\/news\/wp-json\/wp\/v2\/posts"}],"about":[{"href":"https:\/\/www.corumbaonline.com.br\/news\/wp-json\/wp\/v2\/types\/post"}],"author":[{"embeddable":true,"href":"https:\/\/www.corumbaonline.com.br\/news\/wp-json\/wp\/v2\/users\/70"}],"replies":[{"embeddable":true,"href":"https:\/\/www.corumbaonline.com.br\/news\/wp-json\/wp\/v2\/comments?post=11779362"}],"version-history":[{"count":1,"href":"https:\/\/www.corumbaonline.com.br\/news\/wp-json\/wp\/v2\/posts\/11779362\/revisions"}],"predecessor-version":[{"id":11779364,"href":"https:\/\/www.corumbaonline.com.br\/news\/wp-json\/wp\/v2\/posts\/11779362\/revisions\/11779364"}],"wp:featuredmedia":[{"embeddable":true,"href":"https:\/\/www.corumbaonline.com.br\/news\/wp-json\/wp\/v2\/media\/11779363"}],"wp:attachment":[{"href":"https:\/\/www.corumbaonline.com.br\/news\/wp-json\/wp\/v2\/media?parent=11779362"}],"wp:term":[{"taxonomy":"category","embeddable":true,"href":"https:\/\/www.corumbaonline.com.br\/news\/wp-json\/wp\/v2\/categories?post=11779362"},{"taxonomy":"post_tag","embeddable":true,"href":"https:\/\/www.corumbaonline.com.br\/news\/wp-json\/wp\/v2\/tags?post=11779362"}],"curies":[{"name":"wp","href":"https:\/\/api.w.org\/{rel}","templated":true}]}}