{"id":11779365,"date":"2026-03-07T09:00:00","date_gmt":"2026-03-07T13:00:00","guid":{"rendered":"https:\/\/www.corumbaonline.com.br\/news\/?p=11779365"},"modified":"2026-03-07T13:52:17","modified_gmt":"2026-03-07T17:52:17","slug":"estado-antecipa-medidas-para-enfrentar-aumento-de-virus-respiratorios-no-periodo-de-sazonalidade","status":"publish","type":"post","link":"https:\/\/www.corumbaonline.com.br\/news\/estado-antecipa-medidas-para-enfrentar-aumento-de-virus-respiratorios-no-periodo-de-sazonalidade\/","title":{"rendered":"Estado antecipa medidas para enfrentar aumento de v\u00edrus respirat\u00f3rios no per\u00edodo de sazonalidade"},"content":{"rendered":"<p>Com a aproxima\u00e7\u00e3o do per\u00edodo de sazonalidade dos v\u00edrus respirat\u00f3rios, especialmente entre abril e julho, a SES (Secretaria de Estado de Sa\u00fade) orienta os munic\u00edpios a intensificarem as a\u00e7\u00f5es de vigil\u00e2ncia, preven\u00e7\u00e3o e organiza\u00e7\u00e3o da rede assistencial para enfrentar um poss\u00edvel aumento de casos de SG (S\u00edndrome Gripal) e SRAG (S\u00edndrome Respirat\u00f3ria Aguda Grave).<\/p>\n<p>Historicamente, os meses mais frios registram maior circula\u00e7\u00e3o de v\u00edrus como Influenza, VSR (V\u00edrus Sincicial Respirat\u00f3rio) e Rinov\u00edrus. Embora o coronav\u00edrus respons\u00e1vel pela pandemia de COVID-19 n\u00e3o siga um padr\u00e3o sazonal t\u00e3o definido quanto outros v\u00edrus respirat\u00f3rios, sua elevada transmissibilidade, associada \u00e0 circula\u00e7\u00e3o intensa de pessoas, pode favorecer aumentos no n\u00famero de casos ao longo do ano, inclusive em per\u00edodos que n\u00e3o coincidem com os meses mais frios.<\/p>\n<p><strong>Vigil\u00e2ncia ativa e prepara\u00e7\u00e3o antecipada<\/strong><\/p>\n<p>A SES recomenda que os gestores municipais organizem, de forma antecipada, os fluxos de identifica\u00e7\u00e3o, coleta de amostras e notifica\u00e7\u00e3o oportuna dos casos de SG e SRAG, conforme as Notas T\u00e9cnicas Estaduais e o Guia de Vigil\u00e2ncia Integrada da COVID-19, Influenza e outros v\u00edrus respirat\u00f3rios de import\u00e2ncia em sa\u00fade p\u00fablica.<\/p>\n<p>A articula\u00e7\u00e3o entre vigil\u00e2ncia epidemiol\u00f3gica e equipes assistenciais tamb\u00e9m \u00e9 considerada essencial para garantir atendimento e tratamento oportunos, independentemente do resultado laboratorial.<\/p>\n<p>Para o secret\u00e1rio de Sa\u00fade do Estado, Maur\u00edcio Sim\u00f5es, o planejamento \u00e9 a principal ferramenta para reduzir impactos na rede. \u201cNosso foco \u00e9 agir antes do aumento expressivo de casos. Estamos orientando os munic\u00edpios a revisarem fluxos, fortalecerem a vigil\u00e2ncia e organizarem a assist\u00eancia para que o sistema esteja preparado. A preven\u00e7\u00e3o come\u00e7a com planejamento e resposta r\u00e1pida\u201d.<\/p>\n<p><strong>Vacina\u00e7\u00e3o como principal estrat\u00e9gia de prote\u00e7\u00e3o<\/strong><\/p>\n<p>A vacina\u00e7\u00e3o contra Influenza e COVID-19 permanece como a medida mais eficaz para evitar complica\u00e7\u00f5es, hospitaliza\u00e7\u00f5es e \u00f3bitos, al\u00e9m de contribuir para reduzir a circula\u00e7\u00e3o viral na comunidade, protegendo especialmente os grupos mais vulner\u00e1veis.<\/p>\n<p>Para a coordenadora de Imuniza\u00e7\u00e3o da SES, Ana Paula Goldfinger, ampliar a cobertura vacinal \u00e9 fundamental neste momento. \u201cA imuniza\u00e7\u00e3o \u00e9 a forma mais segura e eficaz de prevenir casos graves. Precisamos que a popula\u00e7\u00e3o procure as unidades de sa\u00fade e mantenha a caderneta atualizada, principalmente idosos, crian\u00e7as, gestantes e pessoas com comorbidades\u201d.<\/p>\n<p><strong>Monitoramento e tratamento oportuno<\/strong><\/p>\n<p>Devido \u00e0 capacidade de r\u00e1pida dissemina\u00e7\u00e3o global da Influenza, inclusive com a possibilidade de surgimento de novos subtipos virais, e \u00e0s caracter\u00edsticas evolutivas dos v\u00edrus respirat\u00f3rios, o monitoramento cont\u00ednuo \u00e9 indispens\u00e1vel.<\/p>\n<p>A detec\u00e7\u00e3o dos agentes etiol\u00f3gicos permite avaliar como os v\u00edrus est\u00e3o circulando na comunidade e quais perfis populacionais est\u00e3o sendo mais afetados, subsidiando estrat\u00e9gias de preven\u00e7\u00e3o e controle.<\/p>\n<p>Para a gerente de Influenza e Doen\u00e7as Respirat\u00f3rias da SES, L\u00edvia Mello, o tratamento precoce \u00e9 decisivo para evitar agravamentos. \u201cTodos os casos de SRAG e os casos de s\u00edndrome gripal associados a fatores de risco devem iniciar o antiviral o mais r\u00e1pido poss\u00edvel, conforme os protocolos vigentes. N\u00e3o se deve aguardar confirma\u00e7\u00e3o laboratorial quando h\u00e1 indica\u00e7\u00e3o cl\u00ednica, pois o tempo \u00e9 determinante para evitar casos graves e \u00f3bitos\u201d.<\/p>\n<p><strong>Atua\u00e7\u00e3o preventiva<\/strong><\/p>\n<p>Mesmo sem registros expressivos neste momento, a SES refor\u00e7a que a estrat\u00e9gia \u00e9 preventiva. A experi\u00eancia dos \u00faltimos anos demonstra que a organiza\u00e7\u00e3o antecipada da rede reduz impactos assistenciais e protege a popula\u00e7\u00e3o.<\/p>\n<p>A orienta\u00e7\u00e3o \u00e9 que munic\u00edpios mantenham vigil\u00e2ncia ativa, notifica\u00e7\u00e3o oportuna e integra\u00e7\u00e3o entre aten\u00e7\u00e3o prim\u00e1ria, urg\u00eancia e hospitais, garantindo resposta coordenada diante de eventual aumento de casos durante a sazonalidade de v\u00edrus respirat\u00f3rios.<\/p>\n","protected":false},"excerpt":{"rendered":"<p>Com a aproxima\u00e7\u00e3o do per\u00edodo de sazonalidade dos v\u00edrus respirat\u00f3rios, especialmente entre abril e julho,&#8230;<\/p>\n","protected":false},"author":13,"featured_media":11779366,"comment_status":"closed","ping_status":"closed","sticky":false,"template":"","format":"standard","meta":{"footnotes":""},"categories":[21],"tags":[222],"class_list":["post-11779365","post","type-post","status-publish","format-standard","has-post-thumbnail","hentry","category-saude","tag-saude"],"_links":{"self":[{"href":"https:\/\/www.corumbaonline.com.br\/news\/wp-json\/wp\/v2\/posts\/11779365","targetHints":{"allow":["GET"]}}],"collection":[{"href":"https:\/\/www.corumbaonline.com.br\/news\/wp-json\/wp\/v2\/posts"}],"about":[{"href":"https:\/\/www.corumbaonline.com.br\/news\/wp-json\/wp\/v2\/types\/post"}],"author":[{"embeddable":true,"href":"https:\/\/www.corumbaonline.com.br\/news\/wp-json\/wp\/v2\/users\/13"}],"replies":[{"embeddable":true,"href":"https:\/\/www.corumbaonline.com.br\/news\/wp-json\/wp\/v2\/comments?post=11779365"}],"version-history":[{"count":1,"href":"https:\/\/www.corumbaonline.com.br\/news\/wp-json\/wp\/v2\/posts\/11779365\/revisions"}],"predecessor-version":[{"id":11779367,"href":"https:\/\/www.corumbaonline.com.br\/news\/wp-json\/wp\/v2\/posts\/11779365\/revisions\/11779367"}],"wp:featuredmedia":[{"embeddable":true,"href":"https:\/\/www.corumbaonline.com.br\/news\/wp-json\/wp\/v2\/media\/11779366"}],"wp:attachment":[{"href":"https:\/\/www.corumbaonline.com.br\/news\/wp-json\/wp\/v2\/media?parent=11779365"}],"wp:term":[{"taxonomy":"category","embeddable":true,"href":"https:\/\/www.corumbaonline.com.br\/news\/wp-json\/wp\/v2\/categories?post=11779365"},{"taxonomy":"post_tag","embeddable":true,"href":"https:\/\/www.corumbaonline.com.br\/news\/wp-json\/wp\/v2\/tags?post=11779365"}],"curies":[{"name":"wp","href":"https:\/\/api.w.org\/{rel}","templated":true}]}}