{"id":11779368,"date":"2026-03-07T13:00:00","date_gmt":"2026-03-07T17:00:00","guid":{"rendered":"https:\/\/www.corumbaonline.com.br\/news\/?p=11779368"},"modified":"2026-03-07T15:40:05","modified_gmt":"2026-03-07T19:40:05","slug":"governo-de-mato-grosso-do-sul-fortalece-protagonismo-feminino-com-cursos-exclusivos-para-servidoras","status":"publish","type":"post","link":"https:\/\/www.corumbaonline.com.br\/news\/governo-de-mato-grosso-do-sul-fortalece-protagonismo-feminino-com-cursos-exclusivos-para-servidoras\/","title":{"rendered":"Governo de Mato Grosso do Sul fortalece protagonismo feminino com cursos exclusivos para servidoras"},"content":{"rendered":"<p>A rotina no servi\u00e7o p\u00fablico \u00e9 intensa. Entre prazos apertados, decis\u00f5es estrat\u00e9gicas e responsabilidades que impactam milhares de pessoas, h\u00e1 mulheres que equilibram lideran\u00e7a e escuta, firmeza e sensibilidade, t\u00e9cnica e humanidade. S\u00e3o elas que tamb\u00e9m organizam fluxos, constroem solu\u00e7\u00f5es e sustentam, com compet\u00eancia e dedica\u00e7\u00e3o, a engrenagem que mant\u00e9m o Estado em movimento.<\/p>\n<p>Foi pensando nelas que o Governo do Estado, por meio da Escolagov (Funda\u00e7\u00e3o Escola de Governo de Mato Grosso do Sul), lan\u00e7ou uma programa\u00e7\u00e3o especial de capacita\u00e7\u00f5es para o M\u00eas da Mulher com forma\u00e7\u00f5es que v\u00e3o al\u00e9m do curr\u00edculo, fortalecem identidade, lideran\u00e7a e a atua\u00e7\u00e3o feminina.<\/p>\n<p>Dentro dessa proposta, a Escolagov oferece tr\u00eas cursos exclusivos para servidoras, com foco no fortalecimento da lideran\u00e7a, da intelig\u00eancia emocional e da comunica\u00e7\u00e3o. S\u00e3o oportunidades para ampliar a autoconfian\u00e7a, consolidar o posicionamento profissional e avan\u00e7ar nos espa\u00e7os de decis\u00e3o no servi\u00e7o p\u00fablico.<\/p>\n<p>Os impactos da iniciativa podem ser percebidos na trajet\u00f3ria de servidoras que j\u00e1 participaram de forma\u00e7\u00f5es voltadas ao protagonismo feminino. Com 26 anos de servi\u00e7o p\u00fablico, a coordenadora de An\u00e1lise de Contas da SED (Secretaria de Estado de Educa\u00e7\u00e3o de Mato Grosso do Sul), Paula Helena Ribeira Arevalo Furtado, conta que a motiva\u00e7\u00e3o para participar da capacita\u00e7\u00e3o foi pessoal e profissional.<\/p>\n<p>\u201cO que me motivou foi o desejo de me reconectar comigo mesma enquanto servidora p\u00fablica e enquanto mulher. Muitas vezes a rotina nos engole e a gente vai apenas \u2018cumprindo tarefas\u2019. Essa forma\u00e7\u00e3o apareceu como uma oportunidade de pausa consciente: para refletir sobre trajet\u00f3ria, prop\u00f3sito, lideran\u00e7a e o lugar que ocupamos no servi\u00e7o p\u00fablico.\u201d<\/p>\n<div class=\"wp-block-group\">\n<div class=\"wp-block-group__inner-container is-layout-constrained wp-block-group-is-layout-constrained\">\n<div class=\"wp-block-columns is-layout-flex wp-container-core-columns-is-layout-9d6595d7 wp-block-columns-is-layout-flex\">\n<div class=\"wp-block-column is-layout-flow wp-block-column-is-layout-flow\">\n<figure class=\"wp-block-gallery has-nested-images columns-default is-cropped wp-block-gallery-1 is-layout-flex wp-block-gallery-is-layout-flex\">\n<figure class=\"wp-block-image size-large\"><img loading=\"lazy\" decoding=\"async\" class=\"wp-image-535544\" src=\"https:\/\/agenciadenoticias.ms.gov.br\/wp-content\/uploads\/2026\/03\/Paula-foto-corpo-da-materia-3-1024x683.jpeg\" sizes=\"auto, (max-width: 1024px) 100vw, 1024px\" srcset=\"https:\/\/agenciadenoticias.ms.gov.br\/wp-content\/uploads\/2026\/03\/Paula-foto-corpo-da-materia-3-1024x683.jpeg 1024w, https:\/\/agenciadenoticias.ms.gov.br\/wp-content\/uploads\/2026\/03\/Paula-foto-corpo-da-materia-3-300x200.jpeg 300w, https:\/\/agenciadenoticias.ms.gov.br\/wp-content\/uploads\/2026\/03\/Paula-foto-corpo-da-materia-3-768x512.jpeg 768w, https:\/\/agenciadenoticias.ms.gov.br\/wp-content\/uploads\/2026\/03\/Paula-foto-corpo-da-materia-3-1536x1024.jpeg 1536w, https:\/\/agenciadenoticias.ms.gov.br\/wp-content\/uploads\/2026\/03\/Paula-foto-corpo-da-materia-3-350x232.jpeg 350w, https:\/\/agenciadenoticias.ms.gov.br\/wp-content\/uploads\/2026\/03\/Paula-foto-corpo-da-materia-3.jpeg 1620w\" alt=\"\" width=\"1024\" height=\"683\" data-id=\"535544\" \/><\/figure>\n<figure class=\"wp-block-image size-large\"><img loading=\"lazy\" decoding=\"async\" class=\"wp-image-535543\" src=\"https:\/\/agenciadenoticias.ms.gov.br\/wp-content\/uploads\/2026\/03\/Paula-foto-corpo-da-materia-2-1024x683.jpeg\" sizes=\"auto, (max-width: 1024px) 100vw, 1024px\" srcset=\"https:\/\/agenciadenoticias.ms.gov.br\/wp-content\/uploads\/2026\/03\/Paula-foto-corpo-da-materia-2-1024x683.jpeg 1024w, https:\/\/agenciadenoticias.ms.gov.br\/wp-content\/uploads\/2026\/03\/Paula-foto-corpo-da-materia-2-300x200.jpeg 300w, https:\/\/agenciadenoticias.ms.gov.br\/wp-content\/uploads\/2026\/03\/Paula-foto-corpo-da-materia-2-768x512.jpeg 768w, https:\/\/agenciadenoticias.ms.gov.br\/wp-content\/uploads\/2026\/03\/Paula-foto-corpo-da-materia-2-1536x1024.jpeg 1536w, https:\/\/agenciadenoticias.ms.gov.br\/wp-content\/uploads\/2026\/03\/Paula-foto-corpo-da-materia-2-350x232.jpeg 350w, https:\/\/agenciadenoticias.ms.gov.br\/wp-content\/uploads\/2026\/03\/Paula-foto-corpo-da-materia-2.jpeg 1620w\" alt=\"\" width=\"1024\" height=\"683\" data-id=\"535543\" \/><\/figure>\n<figure class=\"wp-block-image size-large\"><img loading=\"lazy\" decoding=\"async\" class=\"wp-image-535542\" src=\"https:\/\/agenciadenoticias.ms.gov.br\/wp-content\/uploads\/2026\/03\/Paula-foto-corpo-da-materia-1-1024x683.jpeg\" sizes=\"auto, (max-width: 1024px) 100vw, 1024px\" srcset=\"https:\/\/agenciadenoticias.ms.gov.br\/wp-content\/uploads\/2026\/03\/Paula-foto-corpo-da-materia-1-1024x683.jpeg 1024w, https:\/\/agenciadenoticias.ms.gov.br\/wp-content\/uploads\/2026\/03\/Paula-foto-corpo-da-materia-1-300x200.jpeg 300w, https:\/\/agenciadenoticias.ms.gov.br\/wp-content\/uploads\/2026\/03\/Paula-foto-corpo-da-materia-1-768x512.jpeg 768w, https:\/\/agenciadenoticias.ms.gov.br\/wp-content\/uploads\/2026\/03\/Paula-foto-corpo-da-materia-1-1536x1024.jpeg 1536w, https:\/\/agenciadenoticias.ms.gov.br\/wp-content\/uploads\/2026\/03\/Paula-foto-corpo-da-materia-1-350x232.jpeg 350w, https:\/\/agenciadenoticias.ms.gov.br\/wp-content\/uploads\/2026\/03\/Paula-foto-corpo-da-materia-1.jpeg 1620w\" alt=\"\" width=\"1024\" height=\"683\" data-id=\"535542\" \/><\/figure>\n<\/figure>\n<\/div>\n<\/div>\n<\/div>\n<\/div>\n<p>Ao refletir sobre os encontros, Paula destaca que a forma\u00e7\u00e3o ultrapassou o campo profissional e alcan\u00e7ou dimens\u00f5es pessoais. \u201cDespertou emo\u00e7\u00e3o, coragem e esperan\u00e7a. Em alguns momentos foi imposs\u00edvel n\u00e3o se emocionar, porque o curso nos convida a acessar partes de n\u00f3s que ficam adormecidas pela rotina. Tamb\u00e9m despertou orgulho da minha trajet\u00f3ria e da mulher que estou me tornando.\u201d<\/p>\n<p>Sobre a viv\u00eancia com as demais participantes, ela define a experi\u00eancia como enriquecedora. \u201cEstar ao lado de outras servidoras, com hist\u00f3rias e realidades diferentes, mas com desafios t\u00e3o parecidos, criou um ambiente de troca genu\u00edna. Houve acolhimento, identifica\u00e7\u00e3o e aprendizado coletivo. A gente percebe que n\u00e3o est\u00e1 sozinha, e isso fortalece.\u201d<\/p>\n<figure class=\"wp-block-image size-large\"><img loading=\"lazy\" decoding=\"async\" class=\"wp-image-535558\" src=\"https:\/\/agenciadenoticias.ms.gov.br\/wp-content\/uploads\/2026\/03\/Paula-foto-corpo-da-materia-4-1024x683.jpeg\" sizes=\"auto, (max-width: 1024px) 100vw, 1024px\" srcset=\"https:\/\/agenciadenoticias.ms.gov.br\/wp-content\/uploads\/2026\/03\/Paula-foto-corpo-da-materia-4-1024x683.jpeg 1024w, https:\/\/agenciadenoticias.ms.gov.br\/wp-content\/uploads\/2026\/03\/Paula-foto-corpo-da-materia-4-300x200.jpeg 300w, https:\/\/agenciadenoticias.ms.gov.br\/wp-content\/uploads\/2026\/03\/Paula-foto-corpo-da-materia-4-768x512.jpeg 768w, https:\/\/agenciadenoticias.ms.gov.br\/wp-content\/uploads\/2026\/03\/Paula-foto-corpo-da-materia-4-1536x1024.jpeg 1536w, https:\/\/agenciadenoticias.ms.gov.br\/wp-content\/uploads\/2026\/03\/Paula-foto-corpo-da-materia-4-350x232.jpeg 350w, https:\/\/agenciadenoticias.ms.gov.br\/wp-content\/uploads\/2026\/03\/Paula-foto-corpo-da-materia-4.jpeg 1620w\" alt=\"\" width=\"1024\" height=\"683\" \/><\/figure>\n<p>Questionada sobre o principal legado do curso, ela aponta uma nova compreens\u00e3o sobre lideran\u00e7a. \u201cAprendi que protagonismo n\u00e3o \u00e9 ocupar todos os espa\u00e7os, mas ocupar o espa\u00e7o certo, com inten\u00e7\u00e3o, responsabilidade e autenticidade. Liderar tamb\u00e9m \u00e9 saber quando falar, quando ouvir e quando agir.\u201d<\/p>\n<figure class=\"wp-block-gallery has-nested-images columns-default is-cropped wp-block-gallery-2 is-layout-flex wp-block-gallery-is-layout-flex\">\n<figure class=\"wp-block-image size-large\"><img loading=\"lazy\" decoding=\"async\" class=\"wp-image-535549\" src=\"https:\/\/agenciadenoticias.ms.gov.br\/wp-content\/uploads\/2026\/03\/Paula-durante-o-curso.JPG-1-1024x683.jpeg\" sizes=\"auto, (max-width: 1024px) 100vw, 1024px\" srcset=\"https:\/\/agenciadenoticias.ms.gov.br\/wp-content\/uploads\/2026\/03\/Paula-durante-o-curso.JPG-1-1024x683.jpeg 1024w, https:\/\/agenciadenoticias.ms.gov.br\/wp-content\/uploads\/2026\/03\/Paula-durante-o-curso.JPG-1-300x200.jpeg 300w, https:\/\/agenciadenoticias.ms.gov.br\/wp-content\/uploads\/2026\/03\/Paula-durante-o-curso.JPG-1-768x512.jpeg 768w, https:\/\/agenciadenoticias.ms.gov.br\/wp-content\/uploads\/2026\/03\/Paula-durante-o-curso.JPG-1-1536x1024.jpeg 1536w, https:\/\/agenciadenoticias.ms.gov.br\/wp-content\/uploads\/2026\/03\/Paula-durante-o-curso.JPG-1-350x232.jpeg 350w, https:\/\/agenciadenoticias.ms.gov.br\/wp-content\/uploads\/2026\/03\/Paula-durante-o-curso.JPG-1.jpeg 1620w\" alt=\"\" width=\"1024\" height=\"683\" data-id=\"535549\" \/><figcaption class=\"wp-element-caption\">Paula Arevalo durante o curso realizado pela Escolagov.<\/figcaption><\/figure>\n<figure class=\"wp-block-image size-large\"><img loading=\"lazy\" decoding=\"async\" class=\"wp-image-535548\" src=\"https:\/\/agenciadenoticias.ms.gov.br\/wp-content\/uploads\/2026\/03\/Karla-durante-o-curso.JPG-1-1-1024x683.jpeg\" sizes=\"auto, (max-width: 1024px) 100vw, 1024px\" srcset=\"https:\/\/agenciadenoticias.ms.gov.br\/wp-content\/uploads\/2026\/03\/Karla-durante-o-curso.JPG-1-1-1024x683.jpeg 1024w, https:\/\/agenciadenoticias.ms.gov.br\/wp-content\/uploads\/2026\/03\/Karla-durante-o-curso.JPG-1-1-300x200.jpeg 300w, https:\/\/agenciadenoticias.ms.gov.br\/wp-content\/uploads\/2026\/03\/Karla-durante-o-curso.JPG-1-1-768x512.jpeg 768w, https:\/\/agenciadenoticias.ms.gov.br\/wp-content\/uploads\/2026\/03\/Karla-durante-o-curso.JPG-1-1-1536x1024.jpeg 1536w, https:\/\/agenciadenoticias.ms.gov.br\/wp-content\/uploads\/2026\/03\/Karla-durante-o-curso.JPG-1-1-350x232.jpeg 350w, https:\/\/agenciadenoticias.ms.gov.br\/wp-content\/uploads\/2026\/03\/Karla-durante-o-curso.JPG-1-1.jpeg 1620w\" alt=\"\" width=\"1024\" height=\"683\" data-id=\"535548\" \/><figcaption class=\"wp-element-caption\">A forma\u00e7\u00e3o incluiu din\u00e2micas e atividades pr\u00e1ticas para estimular a criatividade e o trabalho em equipe.<\/figcaption><\/figure>\n<\/figure>\n<p>A trajet\u00f3ria da servidora Karla Beth\u00e2nia Ledesma de Nadai tamb\u00e9m refor\u00e7a a dimens\u00e3o transformadora da forma\u00e7\u00e3o. Com duas d\u00e9cadas de atua\u00e7\u00e3o no servi\u00e7o p\u00fablico na \u00e1rea da Agricultura Familiar, Agroecologia e Meio Ambiente e, atualmente, como secret\u00e1ria-executiva do setor, na Sermadesc (Secretaria de Estado de Ambiente, Desenvolvimento, Ci\u00eancia, Tecnologia e Inova\u00e7\u00e3o), ela conta que a capacita\u00e7\u00e3o provocou mudan\u00e7as significativas em sua postura profissional e tamb\u00e9m em sua vida pessoal.<\/p>\n<p>Segundo Karla, um dos primeiros impactos foi na forma como passou a se enxergar e se posicionar. A forma\u00e7\u00e3o a ajudou trabalhar aspectos como imagem, postura e comunica\u00e7\u00e3o, al\u00e9m de enfrentar sentimentos comuns a muitas mulheres, como a chamada \u201cs\u00edndrome da impostora\u201d. Para ela, o curso tamb\u00e9m trouxe reflex\u00f5es importantes sobre a sobrecarga feminina, que envolve trabalho, fam\u00edlia e cuidados pessoais.<\/p>\n<p>\u201cO curso trouxe mudan\u00e7as importantes na forma como passei a me enxergar e posicionar, desde a minha imagem e postura at\u00e9 a maneira de comunicar. Tamb\u00e9m ajudou a refletir sobre desafios que muitas mulheres enfrentam, como a s\u00edndrome da impostora e a sobrecarga de conciliar trabalho, fam\u00edlia e o cuidado com a pr\u00f3pria sa\u00fade, inclusive a sa\u00fade mental\u201d, ressalta Karla.<\/p>\n<p>Ela destaca que o fortalecimento da autoconfian\u00e7a foi um dos maiores ganhos. Ao perceber que inseguran\u00e7as e d\u00favidas eram compartilhadas por outras mulheres, sentiu-se mais segura para assumir sua identidade nos espa\u00e7os profissionais. Mudan\u00e7as na forma de se vestir e de se portar refletiram diretamente na maneira como passou a ser percebida no ambiente de trabalho. \u201cAs pessoas passam a te ouvir mais, porque passam a te admirar. Isso fez toda a diferen\u00e7a\u201d, afirma.<\/p>\n<figure class=\"wp-block-gallery has-nested-images columns-default is-cropped wp-block-gallery-3 is-layout-flex wp-block-gallery-is-layout-flex\">\n<figure class=\"wp-block-image size-large\"><img loading=\"lazy\" decoding=\"async\" class=\"wp-image-535553\" src=\"https:\/\/agenciadenoticias.ms.gov.br\/wp-content\/uploads\/2026\/03\/Karla-foto-corpo-da-materia-3-1024x683.jpeg\" sizes=\"auto, (max-width: 1024px) 100vw, 1024px\" srcset=\"https:\/\/agenciadenoticias.ms.gov.br\/wp-content\/uploads\/2026\/03\/Karla-foto-corpo-da-materia-3-1024x683.jpeg 1024w, https:\/\/agenciadenoticias.ms.gov.br\/wp-content\/uploads\/2026\/03\/Karla-foto-corpo-da-materia-3-300x200.jpeg 300w, https:\/\/agenciadenoticias.ms.gov.br\/wp-content\/uploads\/2026\/03\/Karla-foto-corpo-da-materia-3-768x512.jpeg 768w, https:\/\/agenciadenoticias.ms.gov.br\/wp-content\/uploads\/2026\/03\/Karla-foto-corpo-da-materia-3-1536x1024.jpeg 1536w, https:\/\/agenciadenoticias.ms.gov.br\/wp-content\/uploads\/2026\/03\/Karla-foto-corpo-da-materia-3-350x232.jpeg 350w, https:\/\/agenciadenoticias.ms.gov.br\/wp-content\/uploads\/2026\/03\/Karla-foto-corpo-da-materia-3.jpeg 1620w\" alt=\"\" width=\"1024\" height=\"683\" data-id=\"535553\" \/><\/figure>\n<figure class=\"wp-block-image size-large\"><img loading=\"lazy\" decoding=\"async\" class=\"wp-image-535552\" src=\"https:\/\/agenciadenoticias.ms.gov.br\/wp-content\/uploads\/2026\/03\/Karla-foto-corpo-da-materia-2-1024x683.jpeg\" sizes=\"auto, (max-width: 1024px) 100vw, 1024px\" srcset=\"https:\/\/agenciadenoticias.ms.gov.br\/wp-content\/uploads\/2026\/03\/Karla-foto-corpo-da-materia-2-1024x683.jpeg 1024w, https:\/\/agenciadenoticias.ms.gov.br\/wp-content\/uploads\/2026\/03\/Karla-foto-corpo-da-materia-2-300x200.jpeg 300w, https:\/\/agenciadenoticias.ms.gov.br\/wp-content\/uploads\/2026\/03\/Karla-foto-corpo-da-materia-2-768x512.jpeg 768w, https:\/\/agenciadenoticias.ms.gov.br\/wp-content\/uploads\/2026\/03\/Karla-foto-corpo-da-materia-2-1536x1024.jpeg 1536w, https:\/\/agenciadenoticias.ms.gov.br\/wp-content\/uploads\/2026\/03\/Karla-foto-corpo-da-materia-2-350x232.jpeg 350w, https:\/\/agenciadenoticias.ms.gov.br\/wp-content\/uploads\/2026\/03\/Karla-foto-corpo-da-materia-2.jpeg 1620w\" alt=\"\" width=\"1024\" height=\"683\" data-id=\"535552\" \/><\/figure>\n<figure class=\"wp-block-image size-large\"><img loading=\"lazy\" decoding=\"async\" class=\"wp-image-535551\" src=\"https:\/\/agenciadenoticias.ms.gov.br\/wp-content\/uploads\/2026\/03\/Karla-foto-corpo-da-materia-4-1-1024x683.jpeg\" sizes=\"auto, (max-width: 1024px) 100vw, 1024px\" srcset=\"https:\/\/agenciadenoticias.ms.gov.br\/wp-content\/uploads\/2026\/03\/Karla-foto-corpo-da-materia-4-1-1024x683.jpeg 1024w, https:\/\/agenciadenoticias.ms.gov.br\/wp-content\/uploads\/2026\/03\/Karla-foto-corpo-da-materia-4-1-300x200.jpeg 300w, https:\/\/agenciadenoticias.ms.gov.br\/wp-content\/uploads\/2026\/03\/Karla-foto-corpo-da-materia-4-1-768x512.jpeg 768w, https:\/\/agenciadenoticias.ms.gov.br\/wp-content\/uploads\/2026\/03\/Karla-foto-corpo-da-materia-4-1-1536x1024.jpeg 1536w, https:\/\/agenciadenoticias.ms.gov.br\/wp-content\/uploads\/2026\/03\/Karla-foto-corpo-da-materia-4-1-350x232.jpeg 350w, https:\/\/agenciadenoticias.ms.gov.br\/wp-content\/uploads\/2026\/03\/Karla-foto-corpo-da-materia-4-1.jpeg 1620w\" alt=\"\" width=\"1024\" height=\"683\" data-id=\"535551\" \/><\/figure>\n<\/figure>\n<p>Karla acredita que esse processo tamb\u00e9m contribuiu para sua ascens\u00e3o profissional. Ap\u00f3s a forma\u00e7\u00e3o, foi convidada a assumir um cargo de gest\u00e3o. \u201cTenho certeza que essa transforma\u00e7\u00e3o contribuiu para que eu estivesse preparada quando a oportunidade surgiu\u201d, avalia.<\/p>\n<p>Ao analisar a iniciativa, a servidora \u00e9 enf\u00e1tica ao afirmar que o investimento na forma\u00e7\u00e3o gera resultados concretos. \u201cEu sou prova viva de que, quando o Estado investe e olha para suas servidoras, as respostas aparecem. Durante o curso, vi o comprometimento e a entrega de muitas colegas, com depoimentos e experi\u00eancias muito marcantes. S\u00e3o encontros que realmente transformam. Tenho certeza de que ningu\u00e9m saiu da mesma forma que entrou. Quando o Estado oportuniza esse tipo de forma\u00e7\u00e3o, ele \u00e9 o maior ganhador. E quando o Estado ganha, o cidad\u00e3o tamb\u00e9m ganha, com mais qualidade no servi\u00e7o p\u00fablico\u201d, destaca.<\/p>\n<p>Para a servidora, o impacto \u00e9 amplo: alcan\u00e7a a autoestima, o comprometimento, a qualidade do trabalho e o despertar de potencialidades muitas vezes adormecidas pela rotina. Iniciativas como essa, segundo ela, fortalecem o prop\u00f3sito do servi\u00e7o p\u00fablico e reafirmam a miss\u00e3o de servir.<\/p>\n<figure class=\"wp-block-image size-large\"><img loading=\"lazy\" decoding=\"async\" class=\"wp-image-535555\" src=\"https:\/\/agenciadenoticias.ms.gov.br\/wp-content\/uploads\/2026\/03\/Karla-foto-corpo-da-materia-1-1024x683.jpeg\" sizes=\"auto, (max-width: 1024px) 100vw, 1024px\" srcset=\"https:\/\/agenciadenoticias.ms.gov.br\/wp-content\/uploads\/2026\/03\/Karla-foto-corpo-da-materia-1-1024x683.jpeg 1024w, https:\/\/agenciadenoticias.ms.gov.br\/wp-content\/uploads\/2026\/03\/Karla-foto-corpo-da-materia-1-300x200.jpeg 300w, https:\/\/agenciadenoticias.ms.gov.br\/wp-content\/uploads\/2026\/03\/Karla-foto-corpo-da-materia-1-768x512.jpeg 768w, https:\/\/agenciadenoticias.ms.gov.br\/wp-content\/uploads\/2026\/03\/Karla-foto-corpo-da-materia-1-1536x1024.jpeg 1536w, https:\/\/agenciadenoticias.ms.gov.br\/wp-content\/uploads\/2026\/03\/Karla-foto-corpo-da-materia-1-350x232.jpeg 350w, https:\/\/agenciadenoticias.ms.gov.br\/wp-content\/uploads\/2026\/03\/Karla-foto-corpo-da-materia-1.jpeg 1620w\" alt=\"\" width=\"1024\" height=\"683\" \/><\/figure>\n<p>Ao final, Karla transforma sua viv\u00eancia em um convite direto \u00e0s mulheres servidoras, lembrando que as inscri\u00e7\u00f5es para novas forma\u00e7\u00f5es est\u00e3o abertas neste M\u00eas da Mulher. \u201cAgora que h\u00e1 essa oportunidade de participar de um curso como esse, com inscri\u00e7\u00f5es abertas, agarrem com todas as for\u00e7as. Precisamos desses momentos para olhar para dentro, para o nosso trabalho, para a nossa trajet\u00f3ria e tamb\u00e9m para n\u00f3s mesmas, como mulheres, profissionais e cidad\u00e3s. \u201d<\/p>\n<p>Para ela, a experi\u00eancia provoca mudan\u00e7as reais. \u201cS\u00e3o espa\u00e7os de troca e reflex\u00e3o que mexem com a gente por dentro e acabam refletindo de forma positiva na nossa ascens\u00e3o profissional, na nossa conduta e tamb\u00e9m na nossa vida pessoal\u201d, conclui.<\/p>\n<p><strong>Capacita\u00e7\u00f5es<\/strong><\/p>\n<p>O curso\u00a0<strong>\u201cAgora \u00e9 com Elas: Protagonismo Feminino e Lideran\u00e7a no Setor P\u00fablico\u201d<\/strong>\u00a0(16 horas) prop\u00f5e fortalecer o protagonismo feminino a partir do desenvolvimento de compet\u00eancias em lideran\u00e7a, gest\u00e3o de pessoas e autoconfian\u00e7a, ampliando a atua\u00e7\u00e3o qualificada das mulheres nos espa\u00e7os institucionais e de tomada de decis\u00e3o.<\/p>\n<p>O curso \u00e9 divido em dois m\u00f3dulos. O M\u00f3dulo I, \u201cLideran\u00e7as do Presente: Gest\u00e3o Estrat\u00e9gica de Pessoas\u201d, ser\u00e1 realizado em 11 de mar\u00e7o, com a instrutora Tania Isabel Vendas Tanus. J\u00e1 o M\u00f3dulo II, \u201cFortalecendo Lideran\u00e7as: Autoconfian\u00e7a e Protagonismo Feminino\u201d, acontece em 18 de mar\u00e7o, sob condu\u00e7\u00e3o de Eliane Arruda do Nascimento. As inscri\u00e7\u00f5es podem ser feitas pelo link:\u00a0<a href=\"https:\/\/www.cursos.ms.gov.br\/EscolaGov\/Home\/DetalhesEvento\/3924\">https:\/\/www.cursos.ms.gov.br\/EscolaGov\/Home\/DetalhesEvento\/3924<\/a>.<\/p>\n<p>Outra forma\u00e7\u00e3o \u00e9 o\u00a0<strong>\u201cMulheres em Foco: Intelig\u00eancia Emocional e Posicionamento Profissional\u201d<\/strong>\u00a0(16 horas), que promove o desenvolvimento integral das participantes por meio do fortalecimento do autocuidado estrat\u00e9gico, da intelig\u00eancia emocional e da comunica\u00e7\u00e3o profissional. O curso ser\u00e1 dividido em dois m\u00f3dulos: \u201cPresen\u00e7a Feminina: Imagem, Comunica\u00e7\u00e3o e Postura Profissional\u201d (13 de mar\u00e7o), ministrado por Milena C\u00e1ssia, e \u201cVoc\u00ea no Comando: Intelig\u00eancia Emocional para a Lideran\u00e7a Feminina\u201d (20 de mar\u00e7o), com Claudia Teruel Bergamo. Inscri\u00e7\u00f5es:\u00a0<a href=\"https:\/\/www.cursos.ms.gov.br\/EscolaGov\/Home\/DetalhesEvento\/3923\">https:\/\/www.cursos.ms.gov.br\/EscolaGov\/Home\/DetalhesEvento\/3923<\/a>.<\/p>\n<p>Fechando a programa\u00e7\u00e3o, o curso\u00a0<strong>\u201cVoz que Lidera \u2013 Orat\u00f3ria para Mulheres\u201d<\/strong>\u00a0(16 horas), que acontecer\u00e1 nos dias 19 e 26 de mar\u00e7o, \u00e9 voltado ao desenvolvimento da comunica\u00e7\u00e3o oral e da express\u00e3o p\u00fablica, com foco em clareza, seguran\u00e7a, argumenta\u00e7\u00e3o e postura comunicacional. A proposta \u00e9 ampliar a presen\u00e7a feminina qualificada nos espa\u00e7os institucionais e de lideran\u00e7a. A forma\u00e7\u00e3o ser\u00e1 conduzida por Caroline Touro Beluque. Inscri\u00e7\u00f5es pelo link:\u00a0<a href=\"https:\/\/www.cursos.ms.gov.br\/EscolaGov\/Home\/DetalhesEvento\/3924\">https:\/\/www.cursos.ms.gov.br\/EscolaGov\/Home\/DetalhesEvento\/3924<\/a>.<\/p>\n","protected":false},"excerpt":{"rendered":"<p>A rotina no servi\u00e7o p\u00fablico \u00e9 intensa. Entre prazos apertados, decis\u00f5es estrat\u00e9gicas e responsabilidades que&#8230;<\/p>\n","protected":false},"author":13,"featured_media":11779369,"comment_status":"closed","ping_status":"closed","sticky":false,"template":"","format":"standard","meta":{"footnotes":""},"categories":[8,14],"tags":[],"class_list":["post-11779368","post","type-post","status-publish","format-standard","has-post-thumbnail","hentry","category-destaque","category-geral"],"_links":{"self":[{"href":"https:\/\/www.corumbaonline.com.br\/news\/wp-json\/wp\/v2\/posts\/11779368","targetHints":{"allow":["GET"]}}],"collection":[{"href":"https:\/\/www.corumbaonline.com.br\/news\/wp-json\/wp\/v2\/posts"}],"about":[{"href":"https:\/\/www.corumbaonline.com.br\/news\/wp-json\/wp\/v2\/types\/post"}],"author":[{"embeddable":true,"href":"https:\/\/www.corumbaonline.com.br\/news\/wp-json\/wp\/v2\/users\/13"}],"replies":[{"embeddable":true,"href":"https:\/\/www.corumbaonline.com.br\/news\/wp-json\/wp\/v2\/comments?post=11779368"}],"version-history":[{"count":1,"href":"https:\/\/www.corumbaonline.com.br\/news\/wp-json\/wp\/v2\/posts\/11779368\/revisions"}],"predecessor-version":[{"id":11779370,"href":"https:\/\/www.corumbaonline.com.br\/news\/wp-json\/wp\/v2\/posts\/11779368\/revisions\/11779370"}],"wp:featuredmedia":[{"embeddable":true,"href":"https:\/\/www.corumbaonline.com.br\/news\/wp-json\/wp\/v2\/media\/11779369"}],"wp:attachment":[{"href":"https:\/\/www.corumbaonline.com.br\/news\/wp-json\/wp\/v2\/media?parent=11779368"}],"wp:term":[{"taxonomy":"category","embeddable":true,"href":"https:\/\/www.corumbaonline.com.br\/news\/wp-json\/wp\/v2\/categories?post=11779368"},{"taxonomy":"post_tag","embeddable":true,"href":"https:\/\/www.corumbaonline.com.br\/news\/wp-json\/wp\/v2\/tags?post=11779368"}],"curies":[{"name":"wp","href":"https:\/\/api.w.org\/{rel}","templated":true}]}}