{"id":11779382,"date":"2026-03-08T09:35:00","date_gmt":"2026-03-08T13:35:00","guid":{"rendered":"https:\/\/www.corumbaonline.com.br\/news\/?p=11779382"},"modified":"2026-03-08T09:39:04","modified_gmt":"2026-03-08T13:39:04","slug":"pm-prende-homem-por-ameaca-resistencia-e-porte-de-arma-apos-tentativa-de-sequestro","status":"publish","type":"post","link":"https:\/\/www.corumbaonline.com.br\/news\/pm-prende-homem-por-ameaca-resistencia-e-porte-de-arma-apos-tentativa-de-sequestro\/","title":{"rendered":"PM prende homem por amea\u00e7a, resist\u00eancia e porte de arma ap\u00f3s tentativa de sequestro"},"content":{"rendered":"<p>A Pol\u00edcia Militar atendeu, na noite deste s\u00e1bado, 7 de mar\u00e7o, uma ocorr\u00eancia registrada na rua Major Gama, no bairro Cristo Redentor, envolvendo amea\u00e7a, resist\u00eancia, porte de arma e tentativa de sequestro e c\u00e1rcere privado.<\/p>\n<p>Conforme consta no boletim, equipes da R\u00e1dio Patrulha de Lad\u00e1rio, com apoio da For\u00e7a T\u00e1tica, deslocaram-se ao local ap\u00f3s acionamento para averiguar uma situa\u00e7\u00e3o envolvendo poss\u00edvel amea\u00e7a e tentativa de sequestro de crian\u00e7a.<\/p>\n<p>No local, as equipes foram recebidas por uma crian\u00e7a e um homem, que relataram que um indiv\u00edduo, conduzindo uma caminhonete branca, aproximou-se portando uma arma de fogo do tipo espingarda. Segundo o relato, o condutor ordenou que as crian\u00e7as que estavam nas proximidades entrassem no ve\u00edculo. Diante da recusa, o homem colocou uma m\u00e1scara do personagem \u201cJason\u201d, passou a apontar a arma na dire\u00e7\u00e3o da crian\u00e7a e ati\u00e7ou um cachorro que estava dentro do ve\u00edculo contra as crian\u00e7as, que correram do local.<\/p>\n<p>Ainda conforme as informa\u00e7\u00f5es prestadas \u00e0s equipes policiais, ap\u00f3s o fato o autor seguiu pela rua Major Gama, onde tentou novamente abordar outras crian\u00e7as. Um homem que presenciou a situa\u00e7\u00e3o aproximou-se do ve\u00edculo para verificar o que estava ocorrendo, momento em que o suspeito apontou a arma em sua dire\u00e7\u00e3o. Durante a interven\u00e7\u00e3o, o homem segurou o cano da arma e questionou o autor, que posteriormente deixou o local com o ve\u00edculo.<\/p>\n<p>De posse das caracter\u00edsticas do ve\u00edculo e do autor, as equipes realizaram dilig\u00eancias nas proximidades e conseguiram visualizar, por meio de c\u00e2meras de monitoramento de uma resid\u00eancia, a passagem do ve\u00edculo. Durante as verifica\u00e7\u00f5es, tamb\u00e9m foi localizada fotografia de um indiv\u00edduo com caracter\u00edsticas compat\u00edveis com as descritas pelas v\u00edtimas, sendo reconhecido como autor dos fatos.<\/p>\n<p>As equipes deslocaram-se at\u00e9 a empresa onde o suspeito trabalhava. No estacionamento foi localizado um ve\u00edculo com as mesmas caracter\u00edsticas e placa informadas pelas v\u00edtimas, sendo visualizada no painel do autom\u00f3vel a m\u00e1scara do personagem \u201cJason\u201d mencionada nos relatos.<\/p>\n<p>Ao perceber a presen\u00e7a policial, o suspeito tentou retornar para o interior da empresa e n\u00e3o obedeceu \u00e0 ordem de abordagem, tentando fugir em dire\u00e7\u00e3o ao alojamento. Diante da desobedi\u00eancia, foi necess\u00e1rio o uso de for\u00e7a moderada para cont\u00ea-lo, momento em que o indiv\u00edduo ainda ofereceu resist\u00eancia ativa, desferindo chutes e socos contra os policiais.<\/p>\n<p>Durante buscas no alojamento foram localizadas a espingarda utilizada na amea\u00e7a, diversas muni\u00e7\u00f5es calibre 12, al\u00e9m de uma muni\u00e7\u00e3o calibre .38. Tamb\u00e9m foram encontradas no ve\u00edculo uma balaclava de cor preta e outras muni\u00e7\u00f5es calibre 12.<\/p>\n<p>Diante dos fatos, o homem recebeu voz de pris\u00e3o e foi conduzido \u00e0 Delegacia de Pol\u00edcia Civil, juntamente com as v\u00edtimas e os materiais apreendidos, para a ado\u00e7\u00e3o das provid\u00eancias legais cab\u00edveis.<\/p>\n","protected":false},"excerpt":{"rendered":"<p>A Pol\u00edcia Militar atendeu, na noite deste s\u00e1bado, 7 de mar\u00e7o, uma ocorr\u00eancia registrada na&#8230;<\/p>\n","protected":false},"author":6,"featured_media":11779383,"comment_status":"closed","ping_status":"closed","sticky":false,"template":"","format":"standard","meta":{"footnotes":""},"categories":[18],"tags":[249],"class_list":["post-11779382","post","type-post","status-publish","format-standard","has-post-thumbnail","hentry","category-seguranca","tag-seguranca"],"_links":{"self":[{"href":"https:\/\/www.corumbaonline.com.br\/news\/wp-json\/wp\/v2\/posts\/11779382","targetHints":{"allow":["GET"]}}],"collection":[{"href":"https:\/\/www.corumbaonline.com.br\/news\/wp-json\/wp\/v2\/posts"}],"about":[{"href":"https:\/\/www.corumbaonline.com.br\/news\/wp-json\/wp\/v2\/types\/post"}],"author":[{"embeddable":true,"href":"https:\/\/www.corumbaonline.com.br\/news\/wp-json\/wp\/v2\/users\/6"}],"replies":[{"embeddable":true,"href":"https:\/\/www.corumbaonline.com.br\/news\/wp-json\/wp\/v2\/comments?post=11779382"}],"version-history":[{"count":1,"href":"https:\/\/www.corumbaonline.com.br\/news\/wp-json\/wp\/v2\/posts\/11779382\/revisions"}],"predecessor-version":[{"id":11779384,"href":"https:\/\/www.corumbaonline.com.br\/news\/wp-json\/wp\/v2\/posts\/11779382\/revisions\/11779384"}],"wp:featuredmedia":[{"embeddable":true,"href":"https:\/\/www.corumbaonline.com.br\/news\/wp-json\/wp\/v2\/media\/11779383"}],"wp:attachment":[{"href":"https:\/\/www.corumbaonline.com.br\/news\/wp-json\/wp\/v2\/media?parent=11779382"}],"wp:term":[{"taxonomy":"category","embeddable":true,"href":"https:\/\/www.corumbaonline.com.br\/news\/wp-json\/wp\/v2\/categories?post=11779382"},{"taxonomy":"post_tag","embeddable":true,"href":"https:\/\/www.corumbaonline.com.br\/news\/wp-json\/wp\/v2\/tags?post=11779382"}],"curies":[{"name":"wp","href":"https:\/\/api.w.org\/{rel}","templated":true}]}}