{"id":11779385,"date":"2026-03-08T09:49:00","date_gmt":"2026-03-08T13:49:00","guid":{"rendered":"https:\/\/www.corumbaonline.com.br\/news\/?p=11779385"},"modified":"2026-03-08T09:46:14","modified_gmt":"2026-03-08T13:46:14","slug":"colisao-entre-carro-e-carreta-deixa-tres-mortos-e-outras-vitimas-feridas-na-br-262","status":"publish","type":"post","link":"https:\/\/www.corumbaonline.com.br\/news\/colisao-entre-carro-e-carreta-deixa-tres-mortos-e-outras-vitimas-feridas-na-br-262\/","title":{"rendered":"Colis\u00e3o entre carro e carreta deixa tr\u00eas mortos e outras v\u00edtimas feridas na BR-262"},"content":{"rendered":"<p>Nas \u00faltimas 24 horas, o Corpo de Bombeiros Militar do 3\u00ba GBM atendeu seis ocorr\u00eancias. A mais grave foi registrada por volta das 21h deste s\u00e1bado (7), na BR-262, pr\u00f3ximo ao km 728, cerca de dois quil\u00f4metros ap\u00f3s o acesso ao distrito de Albuquerque, a 55 km de Corumb\u00e1. O acidente envolveu um carro de passeio e uma carreta, resultando em m\u00faltiplas v\u00edtimas.<\/p>\n<p>Equipes do Corpo de Bombeiros, PRF e SAMU estiveram no local. No ve\u00edculo VW Gol branco, o motorista de 45 anos, e a passageira de 21 anos, foram encontrados presos \u00e0s ferragens e j\u00e1 sem vida. O desencarceramento foi necess\u00e1rio para a retirada dos corpos.<\/p>\n<p>Outros tr\u00eas ocupantes foram socorridos. Uma mulher de 42 anos, apresentava fratura facial e dores na pelve, sendo encaminhada ao pronto-socorro pela USB do SAMU. Um homem de 41 anos, com ferimento na testa e suspeita de fratura no bra\u00e7o direito, foi levado pela viatura de resgate dos Bombeiros. J\u00e1 s jovem de 24 anos, inconsciente e com afundamento de cr\u00e2nio, recebeu atendimento da USA do SAMU, mas n\u00e3o resistiu e faleceu por volta das 4h da madrugada deste domingo.<\/p>\n<p>Segundo a PRF, o condutor da carreta, de 32 anos, fugiu pela vegeta\u00e7\u00e3o \u00e0s margens da rodovia. As circunst\u00e2ncias do acidente seguem sob investiga\u00e7\u00e3o das autoridades competentes.<\/p>\n","protected":false},"excerpt":{"rendered":"<p>Nas \u00faltimas 24 horas, o Corpo de Bombeiros Militar do 3\u00ba GBM atendeu seis ocorr\u00eancias&#8230;.<\/p>\n","protected":false},"author":6,"featured_media":11779386,"comment_status":"closed","ping_status":"closed","sticky":false,"template":"","format":"standard","meta":{"footnotes":""},"categories":[8,18],"tags":[249],"class_list":["post-11779385","post","type-post","status-publish","format-standard","has-post-thumbnail","hentry","category-destaque","category-seguranca","tag-seguranca"],"_links":{"self":[{"href":"https:\/\/www.corumbaonline.com.br\/news\/wp-json\/wp\/v2\/posts\/11779385","targetHints":{"allow":["GET"]}}],"collection":[{"href":"https:\/\/www.corumbaonline.com.br\/news\/wp-json\/wp\/v2\/posts"}],"about":[{"href":"https:\/\/www.corumbaonline.com.br\/news\/wp-json\/wp\/v2\/types\/post"}],"author":[{"embeddable":true,"href":"https:\/\/www.corumbaonline.com.br\/news\/wp-json\/wp\/v2\/users\/6"}],"replies":[{"embeddable":true,"href":"https:\/\/www.corumbaonline.com.br\/news\/wp-json\/wp\/v2\/comments?post=11779385"}],"version-history":[{"count":1,"href":"https:\/\/www.corumbaonline.com.br\/news\/wp-json\/wp\/v2\/posts\/11779385\/revisions"}],"predecessor-version":[{"id":11779387,"href":"https:\/\/www.corumbaonline.com.br\/news\/wp-json\/wp\/v2\/posts\/11779385\/revisions\/11779387"}],"wp:featuredmedia":[{"embeddable":true,"href":"https:\/\/www.corumbaonline.com.br\/news\/wp-json\/wp\/v2\/media\/11779386"}],"wp:attachment":[{"href":"https:\/\/www.corumbaonline.com.br\/news\/wp-json\/wp\/v2\/media?parent=11779385"}],"wp:term":[{"taxonomy":"category","embeddable":true,"href":"https:\/\/www.corumbaonline.com.br\/news\/wp-json\/wp\/v2\/categories?post=11779385"},{"taxonomy":"post_tag","embeddable":true,"href":"https:\/\/www.corumbaonline.com.br\/news\/wp-json\/wp\/v2\/tags?post=11779385"}],"curies":[{"name":"wp","href":"https:\/\/api.w.org\/{rel}","templated":true}]}}