{"id":11779412,"date":"2026-03-09T10:21:00","date_gmt":"2026-03-09T14:21:00","guid":{"rendered":"https:\/\/www.corumbaonline.com.br\/news\/?p=11779412"},"modified":"2026-03-09T11:40:36","modified_gmt":"2026-03-09T15:40:36","slug":"mato-grosso-do-sul-soma-mais-de-52-mil-atendimentos-em-praticas-integrativas-no-sus-entre-2024-e-2025","status":"publish","type":"post","link":"https:\/\/www.corumbaonline.com.br\/news\/mato-grosso-do-sul-soma-mais-de-52-mil-atendimentos-em-praticas-integrativas-no-sus-entre-2024-e-2025\/","title":{"rendered":"Mato Grosso do Sul soma mais de 52 mil atendimentos em pr\u00e1ticas integrativas no SUS entre 2024 e 2025"},"content":{"rendered":"<p>Mato Grosso do Sul registrou mais de 52 mil atendimentos em PICS (Pr\u00e1ticas Integrativas e Complementares em Sa\u00fade) no SUS (Sistema \u00danico de Sa\u00fade) entre janeiro de 2024 e novembro de 2025. Entre os servi\u00e7os ofertados na rede p\u00fablica est\u00e3o pr\u00e1ticas como acupuntura, auriculoterapia, aromaterapia e outras terapias integrativas. Os dados s\u00e3o da SAPS\/MS (Secretaria de Aten\u00e7\u00e3o Prim\u00e1ria \u00e0 Sa\u00fade do Minist\u00e9rio da Sa\u00fade), extra\u00eddos do SISAB (Sistema de Informa\u00e7\u00e3o em Sa\u00fade para a Aten\u00e7\u00e3o B\u00e1sica).<\/p>\n<p>No per\u00edodo analisado, foram contabilizados 20.831 procedimentos entre janeiro e novembro de 2024 e 31.874 atendimentos no mesmo intervalo de 2025, totalizando 52.705 registros no sistema nacional de monitoramento da Aten\u00e7\u00e3o Prim\u00e1ria.<\/p>\n<p>Com o avan\u00e7o na oferta e no registro desses atendimentos, o Estado de Mato Grosso do Sul ocupa atualmente o 3\u00ba lugar no ranking nacional da taxa de atendimentos cadastrados na APS (Aten\u00e7\u00e3o Prim\u00e1ria \u00e0 Sa\u00fade).<\/p>\n<p><strong>\u00a0<\/strong><strong>Crescimento dos atendimentos<\/strong><\/p>\n<div class=\"wp-block-image\">\n<figure class=\"alignleft\"><img loading=\"lazy\" decoding=\"async\" class=\"wp-image-535594\" src=\"https:\/\/agenciadenoticias.ms.gov.br\/wp-content\/uploads\/2026\/03\/yogaterapia-225x300.jpeg\" sizes=\"auto, (max-width: 225px) 100vw, 225px\" srcset=\"https:\/\/agenciadenoticias.ms.gov.br\/wp-content\/uploads\/2026\/03\/yogaterapia-225x300.jpeg 225w, https:\/\/agenciadenoticias.ms.gov.br\/wp-content\/uploads\/2026\/03\/yogaterapia-768x1024.jpeg 768w, https:\/\/agenciadenoticias.ms.gov.br\/wp-content\/uploads\/2026\/03\/yogaterapia-180x240.jpeg 180w, https:\/\/agenciadenoticias.ms.gov.br\/wp-content\/uploads\/2026\/03\/yogaterapia.jpeg 960w\" alt=\"\" width=\"225\" height=\"300\" \/><\/figure>\n<\/div>\n<p>Entre as pr\u00e1ticas mais registradas no Estado, a auriculoterapia lidera o volume de atendimentos. Em 2024, foram contabilizados 14.165 procedimentos, seguida pela acupuntura com inser\u00e7\u00e3o (2.810), aromaterapia (1.134), acupuntura com ventosa ou moxa (571) e eletroestimula\u00e7\u00e3o (387).<\/p>\n<p>Tamb\u00e9m foram registrados atendimentos em cromoterapia (296), geoterapia (157), musicoterapia (148), antroposofia aplicada (92), massoterapia (62), constela\u00e7\u00e3o familiar (58) e osteopatia (49).<\/p>\n<p>Em 2025, os registros mantiveram tend\u00eancia de crescimento, com destaque para auriculoterapia (21.742), acupuntura com inser\u00e7\u00e3o (4.285), aromaterapia (2.517), MTC \u2013 medicina tradicional chinesa (1.051), acupuntura com ventosa ou moxa (627) e yoga (40).<\/p>\n<p><strong>Munic\u00edpios ampliam oferta<\/strong><\/p>\n<p>Entre os munic\u00edpios com maior volume de atendimentos em 2024 est\u00e3o Campo Grande, Aquidauana, Jate\u00ed, Dourados e Corumb\u00e1. J\u00e1 em 2025, al\u00e9m da capital, cidades como\u00a0<strong>T<\/strong>erenos, Rio Brilhante e Tr\u00eas Lagoas ampliaram significativamente a oferta dessas pr\u00e1ticas na Aten\u00e7\u00e3o Prim\u00e1ria.<\/p>\n<p>Somente em Campo Grande foram registrados 7.412 atendimentos em auriculoterapia em 2024. Em 2025, o munic\u00edpio contabilizou 10.703 procedimentos na mesma pr\u00e1tica, al\u00e9m de 1.372 atendimentos em acupuntura com inser\u00e7\u00e3o.<\/p>\n<p><strong>Forma\u00e7\u00e3o voltada \u00e0 Aten\u00e7\u00e3o Prim\u00e1ria<\/strong><\/p>\n<p>Em Mato Grosso do Sul, as capacita\u00e7\u00f5es promovidas pela SES (Secretaria de Estado de Sa\u00fade) s\u00e3o direcionadas exclusivamente a m\u00e9dicos da Aten\u00e7\u00e3o Prim\u00e1ria, especialmente aqueles vinculados \u00e0s Unidades de Sa\u00fade da Fam\u00edlia. A proposta \u00e9 incorporar a acupuntura como ferramenta de cuidado integral, humanizado e complementar ao tratamento convencional.<\/p>\n<p>A forma\u00e7\u00e3o \u00e9 realizada em parceria com a UFSC (Universidade Federal de Santa Catarina) e inclui etapas presenciais e remotas, fortalecendo a qualifica\u00e7\u00e3o t\u00e9cnica dos profissionais da rede p\u00fablica.<\/p>\n<p>A respons\u00e1vel pela \u00e1rea t\u00e9cnica das PICS na SES, Patr\u00edcia Mecatti, explica que a amplia\u00e7\u00e3o da oferta integra uma pol\u00edtica estruturada de sa\u00fade p\u00fablica. \u201cO investimento nas Pr\u00e1ticas Integrativas tem como foco a redu\u00e7\u00e3o da dor cr\u00f4nica, a melhoria da qualidade de vida e a desmedicaliza\u00e7\u00e3o dos usu\u00e1rios do SUS. Em Mato Grosso do Sul, trabalhamos para que, at\u00e9 2027, pelo menos 70% dos munic\u00edpios ofertem ao menos uma pr\u00e1tica integrativa \u00e0 popula\u00e7\u00e3o\u201d, destaca.<\/p>\n<p><strong>Regulamenta\u00e7\u00e3o fortalece expans\u00e3o da pr\u00e1tica<\/strong><\/p>\n<p>A expans\u00e3o da\u00a0<strong>a<\/strong>cupuntura no pa\u00eds ocorre em paralelo \u00e0 regulamenta\u00e7\u00e3o nacional da atividade. Em 13 de janeiro de 2026, foi publicada a Lei n\u00ba 15.345\/2026, que regulamenta o exerc\u00edcio profissional da acupuntura no Brasil, estabelecendo crit\u00e9rios de forma\u00e7\u00e3o, reconhecimento profissional e exig\u00eancia de qualifica\u00e7\u00e3o espec\u00edfica para atua\u00e7\u00e3o.<\/p>\n<p>Com a nova legisla\u00e7\u00e3o federal, a pr\u00e1tica passa a contar com regras claras para o exerc\u00edcio profissional, garantindo seguran\u00e7a aos pacientes e respaldo t\u00e9cnico aos profissionais habilitados. A norma reconhece a atua\u00e7\u00e3o multiprofissional, exige forma\u00e7\u00e3o espec\u00edfica ou especializa\u00e7\u00e3o reconhecida e prev\u00ea crit\u00e9rios para valida\u00e7\u00e3o de diplomas estrangeiros.<\/p>\n<p>A regulamenta\u00e7\u00e3o tamb\u00e9m contribui para ampliar o acesso \u00e0 pr\u00e1tica no SUS, fortalecendo a PNPIC (Pol\u00edtica Nacional de Pr\u00e1ticas Integrativas e Complementares), vigente desde 2006.<\/p>\n","protected":false},"excerpt":{"rendered":"<p>Mato Grosso do Sul registrou mais de 52 mil atendimentos em PICS (Pr\u00e1ticas Integrativas e&#8230;<\/p>\n","protected":false},"author":13,"featured_media":11779413,"comment_status":"closed","ping_status":"closed","sticky":false,"template":"","format":"standard","meta":{"footnotes":""},"categories":[21],"tags":[222],"class_list":["post-11779412","post","type-post","status-publish","format-standard","has-post-thumbnail","hentry","category-saude","tag-saude"],"_links":{"self":[{"href":"https:\/\/www.corumbaonline.com.br\/news\/wp-json\/wp\/v2\/posts\/11779412","targetHints":{"allow":["GET"]}}],"collection":[{"href":"https:\/\/www.corumbaonline.com.br\/news\/wp-json\/wp\/v2\/posts"}],"about":[{"href":"https:\/\/www.corumbaonline.com.br\/news\/wp-json\/wp\/v2\/types\/post"}],"author":[{"embeddable":true,"href":"https:\/\/www.corumbaonline.com.br\/news\/wp-json\/wp\/v2\/users\/13"}],"replies":[{"embeddable":true,"href":"https:\/\/www.corumbaonline.com.br\/news\/wp-json\/wp\/v2\/comments?post=11779412"}],"version-history":[{"count":1,"href":"https:\/\/www.corumbaonline.com.br\/news\/wp-json\/wp\/v2\/posts\/11779412\/revisions"}],"predecessor-version":[{"id":11779414,"href":"https:\/\/www.corumbaonline.com.br\/news\/wp-json\/wp\/v2\/posts\/11779412\/revisions\/11779414"}],"wp:featuredmedia":[{"embeddable":true,"href":"https:\/\/www.corumbaonline.com.br\/news\/wp-json\/wp\/v2\/media\/11779413"}],"wp:attachment":[{"href":"https:\/\/www.corumbaonline.com.br\/news\/wp-json\/wp\/v2\/media?parent=11779412"}],"wp:term":[{"taxonomy":"category","embeddable":true,"href":"https:\/\/www.corumbaonline.com.br\/news\/wp-json\/wp\/v2\/categories?post=11779412"},{"taxonomy":"post_tag","embeddable":true,"href":"https:\/\/www.corumbaonline.com.br\/news\/wp-json\/wp\/v2\/tags?post=11779412"}],"curies":[{"name":"wp","href":"https:\/\/api.w.org\/{rel}","templated":true}]}}