{"id":11779431,"date":"2026-03-10T08:19:00","date_gmt":"2026-03-10T12:19:00","guid":{"rendered":"https:\/\/www.corumbaonline.com.br\/news\/?p=11779431"},"modified":"2026-03-10T07:40:54","modified_gmt":"2026-03-10T11:40:54","slug":"liderancas-nacionais-discutem-em-mato-grosso-do-sul-empreendedorismo-feminino-e-politicas-publicas","status":"publish","type":"post","link":"https:\/\/www.corumbaonline.com.br\/news\/liderancas-nacionais-discutem-em-mato-grosso-do-sul-empreendedorismo-feminino-e-politicas-publicas\/","title":{"rendered":"Lideran\u00e7as nacionais discutem em Mato Grosso do Sul empreendedorismo feminino e pol\u00edticas p\u00fablicas"},"content":{"rendered":"<p>Fortalecer a autonomia feminina e ampliar as oportunidades para as mulheres sul-mato-grossenses foi o eixo central do evento &#8216;Todas Diferentes, Todas Importantes: Elas Protagonistas&#8217;, realizado pelo Governo de Mato Grosso do Sul em celebra\u00e7\u00e3o ao M\u00eas da Mulher.<\/p>\n<p>Promovida por meio da Secretaria da Cidadania, a iniciativa ocorreu no in\u00edcio da tarde desta segunda-feira (9), no audit\u00f3rio Manoel de Barros, no Centro de Conven\u00e7\u00f5es Arquiteto Rubens Gil de Camillo, em Campo Grande, e reuniu lideran\u00e7as, especialistas, dirigentes e mulheres empreendedores para discutir caminhos de transforma\u00e7\u00e3o social e independ\u00eancia econ\u00f4mica a partir do protagonismo feminino.<\/p>\n<p data-start=\"0\" data-end=\"234\">Presente ao encontro, o governador\u00a0<span class=\"hover:entity-accent entity-underline inline cursor-pointer align-baseline\"><span class=\"whitespace-normal\">Eduardo Riedel<\/span><\/span>\u00a0destacou que momentos de di\u00e1logo como o realizado no evento ampliam a reflex\u00e3o coletiva e contribuem para fortalecer iniciativas voltadas \u00e0 transforma\u00e7\u00e3o social. Segundo ele, a troca de experi\u00eancias e ideias permite que lideran\u00e7as e participantes saiam do debate mais informados e preparados para agir. \u201cN\u00e3o tenho d\u00favida de que esse bate-papo \u00e9 extremamente importante para que todos n\u00f3s saiamos daqui com mais informa\u00e7\u00e3o e com opini\u00f5es mais bem embasadas sobre as nossas a\u00e7\u00f5es\u201d, afirmou.<\/p>\n<p data-start=\"567\" data-end=\"780\">O governador tamb\u00e9m ressaltou que mudan\u00e7as estruturais na sociedade come\u00e7am nas rela\u00e7\u00f5es cotidianas, especialmente no ambiente familiar, onde valores e comportamentos s\u00e3o formados e transmitidos \u00e0s novas gera\u00e7\u00f5es.<\/p>\n<p data-start=\"782\" data-end=\"1036\">\u201cA constru\u00e7\u00e3o dessa mudan\u00e7a est\u00e1 dentro de casa, no nosso dia a dia, com a nossa fam\u00edlia, com nossos filhos e netos. A minha gera\u00e7\u00e3o passou por isso. Falo por mim o quanto aprendi com a M\u00f4nica e com meus filhos, especialmente com a minha filha\u201d, relatou.<\/p>\n<p data-start=\"1038\" data-end=\"1320\">Riedel refor\u00e7ou ainda que lideran\u00e7as p\u00fablicas e institucionais precisam assumir uma postura firme diante de qualquer forma de discrimina\u00e7\u00e3o ou viol\u00eancia. Para ele, quem ocupa cargos de comando deve agir com rigor e responsabilidade para garantir ambientes mais justos e respeitosos.<\/p>\n<p data-start=\"1322\" data-end=\"1491\" data-is-last-node=\"\" data-is-only-node=\"\">\u201cQuem est\u00e1 em cargo de comando precisa ter toler\u00e2ncia zero com a intoler\u00e2ncia e absoluta repulsa a qualquer tipo de preconceito ou viol\u00eancia contra a mulher\u201d, completou.<\/p>\n<div id=\"gallery-1\" class=\"gallery galleryid-535802 gallery-columns-3 gallery-size-large\">\n<figure class=\"gallery-item\">\n<div class=\"gallery-icon landscape\"><a href=\"https:\/\/agenciadenoticias.ms.gov.br\/wp-content\/uploads\/2026\/03\/Todas-Diferentes-Todas-Imortantes-Foto-Alvaro-Rezende-27-scaled.jpg\"><img loading=\"lazy\" decoding=\"async\" class=\"attachment-large size-large\" src=\"https:\/\/agenciadenoticias.ms.gov.br\/wp-content\/uploads\/2026\/03\/Todas-Diferentes-Todas-Imortantes-Foto-Alvaro-Rezende-27-1024x683.jpg\" sizes=\"auto, (max-width: 1024px) 100vw, 1024px\" srcset=\"https:\/\/agenciadenoticias.ms.gov.br\/wp-content\/uploads\/2026\/03\/Todas-Diferentes-Todas-Imortantes-Foto-Alvaro-Rezende-27-1024x683.jpg 1024w, https:\/\/agenciadenoticias.ms.gov.br\/wp-content\/uploads\/2026\/03\/Todas-Diferentes-Todas-Imortantes-Foto-Alvaro-Rezende-27-300x200.jpg 300w, https:\/\/agenciadenoticias.ms.gov.br\/wp-content\/uploads\/2026\/03\/Todas-Diferentes-Todas-Imortantes-Foto-Alvaro-Rezende-27-768x512.jpg 768w, https:\/\/agenciadenoticias.ms.gov.br\/wp-content\/uploads\/2026\/03\/Todas-Diferentes-Todas-Imortantes-Foto-Alvaro-Rezende-27-1536x1024.jpg 1536w, https:\/\/agenciadenoticias.ms.gov.br\/wp-content\/uploads\/2026\/03\/Todas-Diferentes-Todas-Imortantes-Foto-Alvaro-Rezende-27-2048x1365.jpg 2048w, https:\/\/agenciadenoticias.ms.gov.br\/wp-content\/uploads\/2026\/03\/Todas-Diferentes-Todas-Imortantes-Foto-Alvaro-Rezende-27-350x232.jpg 350w, https:\/\/agenciadenoticias.ms.gov.br\/wp-content\/uploads\/2026\/03\/Todas-Diferentes-Todas-Imortantes-Foto-Alvaro-Rezende-27-scaled.jpg 1920w\" alt=\"\" width=\"1024\" height=\"683\" \/><\/a><\/div>\n<\/figure>\n<figure class=\"gallery-item\">\n<div class=\"gallery-icon landscape\"><a href=\"https:\/\/agenciadenoticias.ms.gov.br\/wp-content\/uploads\/2026\/03\/Todas-Diferentes-Todas-Imortantes-Foto-Alvaro-Rezende-8-scaled.jpg\"><img loading=\"lazy\" decoding=\"async\" class=\"attachment-large size-large\" src=\"https:\/\/agenciadenoticias.ms.gov.br\/wp-content\/uploads\/2026\/03\/Todas-Diferentes-Todas-Imortantes-Foto-Alvaro-Rezende-8-1024x683.jpg\" sizes=\"auto, (max-width: 1024px) 100vw, 1024px\" srcset=\"https:\/\/agenciadenoticias.ms.gov.br\/wp-content\/uploads\/2026\/03\/Todas-Diferentes-Todas-Imortantes-Foto-Alvaro-Rezende-8-1024x683.jpg 1024w, https:\/\/agenciadenoticias.ms.gov.br\/wp-content\/uploads\/2026\/03\/Todas-Diferentes-Todas-Imortantes-Foto-Alvaro-Rezende-8-300x200.jpg 300w, https:\/\/agenciadenoticias.ms.gov.br\/wp-content\/uploads\/2026\/03\/Todas-Diferentes-Todas-Imortantes-Foto-Alvaro-Rezende-8-768x512.jpg 768w, https:\/\/agenciadenoticias.ms.gov.br\/wp-content\/uploads\/2026\/03\/Todas-Diferentes-Todas-Imortantes-Foto-Alvaro-Rezende-8-1536x1024.jpg 1536w, https:\/\/agenciadenoticias.ms.gov.br\/wp-content\/uploads\/2026\/03\/Todas-Diferentes-Todas-Imortantes-Foto-Alvaro-Rezende-8-2048x1365.jpg 2048w, https:\/\/agenciadenoticias.ms.gov.br\/wp-content\/uploads\/2026\/03\/Todas-Diferentes-Todas-Imortantes-Foto-Alvaro-Rezende-8-350x232.jpg 350w, https:\/\/agenciadenoticias.ms.gov.br\/wp-content\/uploads\/2026\/03\/Todas-Diferentes-Todas-Imortantes-Foto-Alvaro-Rezende-8-scaled.jpg 1920w\" alt=\"\" width=\"1024\" height=\"683\" \/><\/a><\/div>\n<\/figure>\n<figure class=\"gallery-item\">\n<div class=\"gallery-icon landscape\"><a href=\"https:\/\/agenciadenoticias.ms.gov.br\/wp-content\/uploads\/2026\/03\/Todas-Diferentes-Todas-Imortantes-Foto-Alvaro-Rezende-9-scaled.jpg\"><img loading=\"lazy\" decoding=\"async\" class=\"attachment-large size-large\" src=\"https:\/\/agenciadenoticias.ms.gov.br\/wp-content\/uploads\/2026\/03\/Todas-Diferentes-Todas-Imortantes-Foto-Alvaro-Rezende-9-1024x683.jpg\" sizes=\"auto, (max-width: 1024px) 100vw, 1024px\" srcset=\"https:\/\/agenciadenoticias.ms.gov.br\/wp-content\/uploads\/2026\/03\/Todas-Diferentes-Todas-Imortantes-Foto-Alvaro-Rezende-9-1024x683.jpg 1024w, https:\/\/agenciadenoticias.ms.gov.br\/wp-content\/uploads\/2026\/03\/Todas-Diferentes-Todas-Imortantes-Foto-Alvaro-Rezende-9-300x200.jpg 300w, https:\/\/agenciadenoticias.ms.gov.br\/wp-content\/uploads\/2026\/03\/Todas-Diferentes-Todas-Imortantes-Foto-Alvaro-Rezende-9-768x512.jpg 768w, https:\/\/agenciadenoticias.ms.gov.br\/wp-content\/uploads\/2026\/03\/Todas-Diferentes-Todas-Imortantes-Foto-Alvaro-Rezende-9-1536x1024.jpg 1536w, https:\/\/agenciadenoticias.ms.gov.br\/wp-content\/uploads\/2026\/03\/Todas-Diferentes-Todas-Imortantes-Foto-Alvaro-Rezende-9-2048x1365.jpg 2048w, https:\/\/agenciadenoticias.ms.gov.br\/wp-content\/uploads\/2026\/03\/Todas-Diferentes-Todas-Imortantes-Foto-Alvaro-Rezende-9-350x232.jpg 350w, https:\/\/agenciadenoticias.ms.gov.br\/wp-content\/uploads\/2026\/03\/Todas-Diferentes-Todas-Imortantes-Foto-Alvaro-Rezende-9-scaled.jpg 1920w\" alt=\"\" width=\"1024\" height=\"683\" \/><\/a><\/div>\n<\/figure>\n<figure class=\"gallery-item\">\n<div class=\"gallery-icon landscape\"><a href=\"https:\/\/agenciadenoticias.ms.gov.br\/wp-content\/uploads\/2026\/03\/Todas-Diferentes-Todas-Imortantes-Foto-Alvaro-Rezende-23-scaled.jpg\"><img loading=\"lazy\" decoding=\"async\" class=\"attachment-large size-large\" src=\"https:\/\/agenciadenoticias.ms.gov.br\/wp-content\/uploads\/2026\/03\/Todas-Diferentes-Todas-Imortantes-Foto-Alvaro-Rezende-23-1024x683.jpg\" sizes=\"auto, (max-width: 1024px) 100vw, 1024px\" srcset=\"https:\/\/agenciadenoticias.ms.gov.br\/wp-content\/uploads\/2026\/03\/Todas-Diferentes-Todas-Imortantes-Foto-Alvaro-Rezende-23-1024x683.jpg 1024w, https:\/\/agenciadenoticias.ms.gov.br\/wp-content\/uploads\/2026\/03\/Todas-Diferentes-Todas-Imortantes-Foto-Alvaro-Rezende-23-300x200.jpg 300w, https:\/\/agenciadenoticias.ms.gov.br\/wp-content\/uploads\/2026\/03\/Todas-Diferentes-Todas-Imortantes-Foto-Alvaro-Rezende-23-768x512.jpg 768w, https:\/\/agenciadenoticias.ms.gov.br\/wp-content\/uploads\/2026\/03\/Todas-Diferentes-Todas-Imortantes-Foto-Alvaro-Rezende-23-1536x1024.jpg 1536w, https:\/\/agenciadenoticias.ms.gov.br\/wp-content\/uploads\/2026\/03\/Todas-Diferentes-Todas-Imortantes-Foto-Alvaro-Rezende-23-2048x1365.jpg 2048w, https:\/\/agenciadenoticias.ms.gov.br\/wp-content\/uploads\/2026\/03\/Todas-Diferentes-Todas-Imortantes-Foto-Alvaro-Rezende-23-350x232.jpg 350w, https:\/\/agenciadenoticias.ms.gov.br\/wp-content\/uploads\/2026\/03\/Todas-Diferentes-Todas-Imortantes-Foto-Alvaro-Rezende-23-scaled.jpg 1920w\" alt=\"\" width=\"1024\" height=\"683\" \/><\/a><\/div>\n<\/figure>\n<figure class=\"gallery-item\">\n<div class=\"gallery-icon landscape\"><a href=\"https:\/\/agenciadenoticias.ms.gov.br\/wp-content\/uploads\/2026\/03\/Todas-Diferentes-Todas-Imortantes-Foto-Alvaro-Rezende-24-scaled.jpg\"><img loading=\"lazy\" decoding=\"async\" class=\"attachment-large size-large\" src=\"https:\/\/agenciadenoticias.ms.gov.br\/wp-content\/uploads\/2026\/03\/Todas-Diferentes-Todas-Imortantes-Foto-Alvaro-Rezende-24-1024x683.jpg\" sizes=\"auto, (max-width: 1024px) 100vw, 1024px\" srcset=\"https:\/\/agenciadenoticias.ms.gov.br\/wp-content\/uploads\/2026\/03\/Todas-Diferentes-Todas-Imortantes-Foto-Alvaro-Rezende-24-1024x683.jpg 1024w, https:\/\/agenciadenoticias.ms.gov.br\/wp-content\/uploads\/2026\/03\/Todas-Diferentes-Todas-Imortantes-Foto-Alvaro-Rezende-24-300x200.jpg 300w, https:\/\/agenciadenoticias.ms.gov.br\/wp-content\/uploads\/2026\/03\/Todas-Diferentes-Todas-Imortantes-Foto-Alvaro-Rezende-24-768x512.jpg 768w, https:\/\/agenciadenoticias.ms.gov.br\/wp-content\/uploads\/2026\/03\/Todas-Diferentes-Todas-Imortantes-Foto-Alvaro-Rezende-24-1536x1024.jpg 1536w, https:\/\/agenciadenoticias.ms.gov.br\/wp-content\/uploads\/2026\/03\/Todas-Diferentes-Todas-Imortantes-Foto-Alvaro-Rezende-24-2048x1365.jpg 2048w, https:\/\/agenciadenoticias.ms.gov.br\/wp-content\/uploads\/2026\/03\/Todas-Diferentes-Todas-Imortantes-Foto-Alvaro-Rezende-24-350x232.jpg 350w, https:\/\/agenciadenoticias.ms.gov.br\/wp-content\/uploads\/2026\/03\/Todas-Diferentes-Todas-Imortantes-Foto-Alvaro-Rezende-24-scaled.jpg 1920w\" alt=\"\" width=\"1024\" height=\"683\" \/><\/a><\/div>\n<\/figure>\n<figure class=\"gallery-item\">\n<div class=\"gallery-icon landscape\"><a href=\"https:\/\/agenciadenoticias.ms.gov.br\/wp-content\/uploads\/2026\/03\/Todas-Diferentes-Todas-Imortantes-Foto-Alvaro-Rezende-28-scaled.jpg\"><img loading=\"lazy\" decoding=\"async\" class=\"attachment-large size-large\" src=\"https:\/\/agenciadenoticias.ms.gov.br\/wp-content\/uploads\/2026\/03\/Todas-Diferentes-Todas-Imortantes-Foto-Alvaro-Rezende-28-1024x683.jpg\" sizes=\"auto, (max-width: 1024px) 100vw, 1024px\" srcset=\"https:\/\/agenciadenoticias.ms.gov.br\/wp-content\/uploads\/2026\/03\/Todas-Diferentes-Todas-Imortantes-Foto-Alvaro-Rezende-28-1024x683.jpg 1024w, https:\/\/agenciadenoticias.ms.gov.br\/wp-content\/uploads\/2026\/03\/Todas-Diferentes-Todas-Imortantes-Foto-Alvaro-Rezende-28-300x200.jpg 300w, https:\/\/agenciadenoticias.ms.gov.br\/wp-content\/uploads\/2026\/03\/Todas-Diferentes-Todas-Imortantes-Foto-Alvaro-Rezende-28-768x512.jpg 768w, https:\/\/agenciadenoticias.ms.gov.br\/wp-content\/uploads\/2026\/03\/Todas-Diferentes-Todas-Imortantes-Foto-Alvaro-Rezende-28-1536x1024.jpg 1536w, https:\/\/agenciadenoticias.ms.gov.br\/wp-content\/uploads\/2026\/03\/Todas-Diferentes-Todas-Imortantes-Foto-Alvaro-Rezende-28-2048x1366.jpg 2048w, https:\/\/agenciadenoticias.ms.gov.br\/wp-content\/uploads\/2026\/03\/Todas-Diferentes-Todas-Imortantes-Foto-Alvaro-Rezende-28-350x232.jpg 350w, https:\/\/agenciadenoticias.ms.gov.br\/wp-content\/uploads\/2026\/03\/Todas-Diferentes-Todas-Imortantes-Foto-Alvaro-Rezende-28-scaled.jpg 1920w\" alt=\"\" width=\"1024\" height=\"683\" \/><\/a><\/div>\n<\/figure>\n<\/div>\n<p>O destaque da programa\u00e7\u00e3o foi o painel \u201cMulheres que Movem a Economia e Transformam Territ\u00f3rios: Autonomia, Empreendedorismo e Fortalecimento do PROTEGE\u201d, que reuniu duas refer\u00eancias nacionais.<\/p>\n<p>Participaram a empres\u00e1ria Luiza Helena Trajano, do Magazine Luiza, reconhecida por sua lideran\u00e7a humanizada e por impulsionar o empreendedorismo feminino no pa\u00eds, e a ex-ministra das Mulheres Cida Gon\u00e7alves, especialista em pol\u00edticas p\u00fablicas para mulheres e com trajet\u00f3ria marcada pela atua\u00e7\u00e3o no enfrentamento \u00e0 viol\u00eancia de g\u00eanero e na promo\u00e7\u00e3o da igualdade.<\/p>\n<p>Em entrevista \u00e0 imprensa, o governador Eduardo Riedel destacou que a presen\u00e7a da empres\u00e1ria Luiza Helena Trajano no Estado representa inspira\u00e7\u00e3o e oportunidade de novos caminhos para o desenvolvimento.<\/p>\n<p>Segundo ele, a trajet\u00f3ria da empres\u00e1ria refor\u00e7a valores ligados ao empreendedorismo, \u00e0 gera\u00e7\u00e3o de neg\u00f3cios e \u00e0 inclus\u00e3o de mulheres em diferentes \u00e1reas da economia. O governador ressaltou ainda que a atua\u00e7\u00e3o da empres\u00e1ria tamb\u00e9m chama aten\u00e7\u00e3o pelo olhar voltado \u00e0s mulheres em situa\u00e7\u00e3o de maior vulnerabilidade.<\/p>\n<p>\u201cA hist\u00f3ria dela inspira muito, principalmente pela aten\u00e7\u00e3o especial \u00e0s mulheres que t\u00eam menos acesso e que mais precisam de oportunidades. Tenho certeza de que ser\u00e1 uma aula para todos n\u00f3s\u201d, disse.<\/p>\n<div id=\"gallery-2\" class=\"gallery galleryid-535802 gallery-columns-2 gallery-size-large\">\n<figure class=\"gallery-item\">\n<div class=\"gallery-icon landscape\"><a href=\"https:\/\/agenciadenoticias.ms.gov.br\/wp-content\/uploads\/2026\/03\/Todas-Diferentes-Todas-Imortantes-Foto-Alvaro-Rezende-30-scaled.jpg\"><img loading=\"lazy\" decoding=\"async\" class=\"attachment-large size-large\" src=\"https:\/\/agenciadenoticias.ms.gov.br\/wp-content\/uploads\/2026\/03\/Todas-Diferentes-Todas-Imortantes-Foto-Alvaro-Rezende-30-1024x683.jpg\" sizes=\"auto, (max-width: 1024px) 100vw, 1024px\" srcset=\"https:\/\/agenciadenoticias.ms.gov.br\/wp-content\/uploads\/2026\/03\/Todas-Diferentes-Todas-Imortantes-Foto-Alvaro-Rezende-30-1024x683.jpg 1024w, https:\/\/agenciadenoticias.ms.gov.br\/wp-content\/uploads\/2026\/03\/Todas-Diferentes-Todas-Imortantes-Foto-Alvaro-Rezende-30-300x200.jpg 300w, https:\/\/agenciadenoticias.ms.gov.br\/wp-content\/uploads\/2026\/03\/Todas-Diferentes-Todas-Imortantes-Foto-Alvaro-Rezende-30-768x512.jpg 768w, https:\/\/agenciadenoticias.ms.gov.br\/wp-content\/uploads\/2026\/03\/Todas-Diferentes-Todas-Imortantes-Foto-Alvaro-Rezende-30-1536x1024.jpg 1536w, https:\/\/agenciadenoticias.ms.gov.br\/wp-content\/uploads\/2026\/03\/Todas-Diferentes-Todas-Imortantes-Foto-Alvaro-Rezende-30-2048x1365.jpg 2048w, https:\/\/agenciadenoticias.ms.gov.br\/wp-content\/uploads\/2026\/03\/Todas-Diferentes-Todas-Imortantes-Foto-Alvaro-Rezende-30-350x232.jpg 350w, https:\/\/agenciadenoticias.ms.gov.br\/wp-content\/uploads\/2026\/03\/Todas-Diferentes-Todas-Imortantes-Foto-Alvaro-Rezende-30-scaled.jpg 1920w\" alt=\"\" width=\"1024\" height=\"683\" \/><\/a><\/div>\n<\/figure>\n<figure class=\"gallery-item\">\n<div class=\"gallery-icon landscape\"><a href=\"https:\/\/agenciadenoticias.ms.gov.br\/wp-content\/uploads\/2026\/03\/Todas-Diferentes-Todas-Imortantes-Foto-Alvaro-Rezende-1-scaled.jpg\"><img loading=\"lazy\" decoding=\"async\" class=\"attachment-large size-large\" src=\"https:\/\/agenciadenoticias.ms.gov.br\/wp-content\/uploads\/2026\/03\/Todas-Diferentes-Todas-Imortantes-Foto-Alvaro-Rezende-1-1024x683.jpg\" sizes=\"auto, (max-width: 1024px) 100vw, 1024px\" srcset=\"https:\/\/agenciadenoticias.ms.gov.br\/wp-content\/uploads\/2026\/03\/Todas-Diferentes-Todas-Imortantes-Foto-Alvaro-Rezende-1-1024x683.jpg 1024w, https:\/\/agenciadenoticias.ms.gov.br\/wp-content\/uploads\/2026\/03\/Todas-Diferentes-Todas-Imortantes-Foto-Alvaro-Rezende-1-300x200.jpg 300w, https:\/\/agenciadenoticias.ms.gov.br\/wp-content\/uploads\/2026\/03\/Todas-Diferentes-Todas-Imortantes-Foto-Alvaro-Rezende-1-768x512.jpg 768w, https:\/\/agenciadenoticias.ms.gov.br\/wp-content\/uploads\/2026\/03\/Todas-Diferentes-Todas-Imortantes-Foto-Alvaro-Rezende-1-1536x1024.jpg 1536w, https:\/\/agenciadenoticias.ms.gov.br\/wp-content\/uploads\/2026\/03\/Todas-Diferentes-Todas-Imortantes-Foto-Alvaro-Rezende-1-2048x1365.jpg 2048w, https:\/\/agenciadenoticias.ms.gov.br\/wp-content\/uploads\/2026\/03\/Todas-Diferentes-Todas-Imortantes-Foto-Alvaro-Rezende-1-350x232.jpg 350w, https:\/\/agenciadenoticias.ms.gov.br\/wp-content\/uploads\/2026\/03\/Todas-Diferentes-Todas-Imortantes-Foto-Alvaro-Rezende-1-scaled.jpg 1920w\" alt=\"\" width=\"1024\" height=\"683\" \/><\/a><\/div>\n<\/figure>\n<figure class=\"gallery-item\">\n<div class=\"gallery-icon landscape\"><a href=\"https:\/\/agenciadenoticias.ms.gov.br\/wp-content\/uploads\/2026\/03\/Todas-Diferentes-Todas-Imortantes-Foto-Alvaro-Rezende-3-scaled.jpg\"><img loading=\"lazy\" decoding=\"async\" class=\"attachment-large size-large\" src=\"https:\/\/agenciadenoticias.ms.gov.br\/wp-content\/uploads\/2026\/03\/Todas-Diferentes-Todas-Imortantes-Foto-Alvaro-Rezende-3-1024x683.jpg\" sizes=\"auto, (max-width: 1024px) 100vw, 1024px\" srcset=\"https:\/\/agenciadenoticias.ms.gov.br\/wp-content\/uploads\/2026\/03\/Todas-Diferentes-Todas-Imortantes-Foto-Alvaro-Rezende-3-1024x683.jpg 1024w, https:\/\/agenciadenoticias.ms.gov.br\/wp-content\/uploads\/2026\/03\/Todas-Diferentes-Todas-Imortantes-Foto-Alvaro-Rezende-3-300x200.jpg 300w, https:\/\/agenciadenoticias.ms.gov.br\/wp-content\/uploads\/2026\/03\/Todas-Diferentes-Todas-Imortantes-Foto-Alvaro-Rezende-3-768x512.jpg 768w, https:\/\/agenciadenoticias.ms.gov.br\/wp-content\/uploads\/2026\/03\/Todas-Diferentes-Todas-Imortantes-Foto-Alvaro-Rezende-3-1536x1024.jpg 1536w, https:\/\/agenciadenoticias.ms.gov.br\/wp-content\/uploads\/2026\/03\/Todas-Diferentes-Todas-Imortantes-Foto-Alvaro-Rezende-3-2048x1365.jpg 2048w, https:\/\/agenciadenoticias.ms.gov.br\/wp-content\/uploads\/2026\/03\/Todas-Diferentes-Todas-Imortantes-Foto-Alvaro-Rezende-3-350x232.jpg 350w, https:\/\/agenciadenoticias.ms.gov.br\/wp-content\/uploads\/2026\/03\/Todas-Diferentes-Todas-Imortantes-Foto-Alvaro-Rezende-3-scaled.jpg 1920w\" alt=\"\" width=\"1024\" height=\"683\" \/><\/a><\/div>\n<\/figure>\n<figure class=\"gallery-item\">\n<div class=\"gallery-icon landscape\"><a href=\"https:\/\/agenciadenoticias.ms.gov.br\/wp-content\/uploads\/2026\/03\/Todas-Diferentes-Todas-Imortantes-Foto-Alvaro-Rezende-31-scaled.jpg\"><img loading=\"lazy\" decoding=\"async\" class=\"attachment-large size-large\" src=\"https:\/\/agenciadenoticias.ms.gov.br\/wp-content\/uploads\/2026\/03\/Todas-Diferentes-Todas-Imortantes-Foto-Alvaro-Rezende-31-1024x683.jpg\" sizes=\"auto, (max-width: 1024px) 100vw, 1024px\" srcset=\"https:\/\/agenciadenoticias.ms.gov.br\/wp-content\/uploads\/2026\/03\/Todas-Diferentes-Todas-Imortantes-Foto-Alvaro-Rezende-31-1024x683.jpg 1024w, https:\/\/agenciadenoticias.ms.gov.br\/wp-content\/uploads\/2026\/03\/Todas-Diferentes-Todas-Imortantes-Foto-Alvaro-Rezende-31-300x200.jpg 300w, https:\/\/agenciadenoticias.ms.gov.br\/wp-content\/uploads\/2026\/03\/Todas-Diferentes-Todas-Imortantes-Foto-Alvaro-Rezende-31-768x512.jpg 768w, https:\/\/agenciadenoticias.ms.gov.br\/wp-content\/uploads\/2026\/03\/Todas-Diferentes-Todas-Imortantes-Foto-Alvaro-Rezende-31-1536x1024.jpg 1536w, https:\/\/agenciadenoticias.ms.gov.br\/wp-content\/uploads\/2026\/03\/Todas-Diferentes-Todas-Imortantes-Foto-Alvaro-Rezende-31-2048x1365.jpg 2048w, https:\/\/agenciadenoticias.ms.gov.br\/wp-content\/uploads\/2026\/03\/Todas-Diferentes-Todas-Imortantes-Foto-Alvaro-Rezende-31-350x232.jpg 350w, https:\/\/agenciadenoticias.ms.gov.br\/wp-content\/uploads\/2026\/03\/Todas-Diferentes-Todas-Imortantes-Foto-Alvaro-Rezende-31-scaled.jpg 1920w\" alt=\"\" width=\"1024\" height=\"683\" \/><\/a><\/div>\n<\/figure>\n<\/div>\n<p>Luiza Helena Trajano compartilhou experi\u00eancias pessoais e profissionais ao conversar com mulheres de diferentes regi\u00f5es de Mato Grosso do Sul. Durante o encontro, ela destacou que sua trajet\u00f3ria sempre esteve ligada a causas sociais e \u00e0 busca por solu\u00e7\u00f5es.<\/p>\n<p>\u201cEu n\u00e3o tenho partido pol\u00edtico, eu tenho causas. Desde muito nova eu me envolvo com causas. Com 12 anos de idade eu j\u00e1 discutia temas como desigualdade social. A escravid\u00e3o deixou uma marca muito profunda no Brasil e combater essas desigualdades \u00e9 uma responsabilidade de toda a sociedade\u201d, completou.<\/p>\n<p>Luiza tamb\u00e9m ressaltou a import\u00e2ncia de valorizar as pr\u00f3prias origens e n\u00e3o abrir m\u00e3o da ess\u00eancia. \u201cVoc\u00ea pode modernizar, pode evoluir, mas n\u00e3o pode ter vergonha do seu passado. A sua ess\u00eancia precisa continuar.\u201d<\/p>\n<p>A empres\u00e1ria destacou ainda a import\u00e2ncia de ouvir as pessoas e aprender continuamente. \u201cEu tenho muita capacidade de escutar. As pessoas acham que sou muito inteligente, mas eu fa\u00e7o perguntas. Tudo o que aprendi eu perguntei.&#8221;<\/p>\n<p>Ao falar sobre mudan\u00e7as na forma de administrar empresas, ela lembrou que a gest\u00e3o passou por transforma\u00e7\u00f5es ao longo das \u00faltimas d\u00e9cadas. \u201cAntigamente a gest\u00e3o era totalmente mec\u00e2nica. As pessoas n\u00e3o podiam demonstrar sentimentos, n\u00e3o podiam dizer que estavam doentes ou que tinham um filho no hospital. Depois isso come\u00e7ou a mudar e a administra\u00e7\u00e3o passou a ser mais org\u00e2nica, mais humana.\u201d<\/p>\n<p>Luiza refor\u00e7ou ainda a import\u00e2ncia da uni\u00e3o entre as pessoas e do compromisso com o pa\u00eds.\u201cEu acredito muito na uni\u00e3o. O mundo precisa disso. Precisamos parar de dividir e trabalhar por projetos para o Brasil. Eu sou brasileira at\u00e9 o fim e acredito que precisamos amar e lutar pelo nosso pa\u00eds.\u201d<\/p>\n<div id=\"gallery-3\" class=\"gallery galleryid-535802 gallery-columns-3 gallery-size-large\">\n<figure class=\"gallery-item\">\n<div class=\"gallery-icon landscape\"><a href=\"https:\/\/agenciadenoticias.ms.gov.br\/wp-content\/uploads\/2026\/03\/Todas-Diferentes-Todas-Imortantes-Foto-Alvaro-Rezende-10-scaled.jpg\"><img loading=\"lazy\" decoding=\"async\" class=\"attachment-large size-large\" src=\"https:\/\/agenciadenoticias.ms.gov.br\/wp-content\/uploads\/2026\/03\/Todas-Diferentes-Todas-Imortantes-Foto-Alvaro-Rezende-10-1024x683.jpg\" sizes=\"auto, (max-width: 1024px) 100vw, 1024px\" srcset=\"https:\/\/agenciadenoticias.ms.gov.br\/wp-content\/uploads\/2026\/03\/Todas-Diferentes-Todas-Imortantes-Foto-Alvaro-Rezende-10-1024x683.jpg 1024w, https:\/\/agenciadenoticias.ms.gov.br\/wp-content\/uploads\/2026\/03\/Todas-Diferentes-Todas-Imortantes-Foto-Alvaro-Rezende-10-300x200.jpg 300w, https:\/\/agenciadenoticias.ms.gov.br\/wp-content\/uploads\/2026\/03\/Todas-Diferentes-Todas-Imortantes-Foto-Alvaro-Rezende-10-768x512.jpg 768w, https:\/\/agenciadenoticias.ms.gov.br\/wp-content\/uploads\/2026\/03\/Todas-Diferentes-Todas-Imortantes-Foto-Alvaro-Rezende-10-1536x1024.jpg 1536w, https:\/\/agenciadenoticias.ms.gov.br\/wp-content\/uploads\/2026\/03\/Todas-Diferentes-Todas-Imortantes-Foto-Alvaro-Rezende-10-2048x1365.jpg 2048w, https:\/\/agenciadenoticias.ms.gov.br\/wp-content\/uploads\/2026\/03\/Todas-Diferentes-Todas-Imortantes-Foto-Alvaro-Rezende-10-350x232.jpg 350w, https:\/\/agenciadenoticias.ms.gov.br\/wp-content\/uploads\/2026\/03\/Todas-Diferentes-Todas-Imortantes-Foto-Alvaro-Rezende-10-scaled.jpg 1920w\" alt=\"\" width=\"1024\" height=\"683\" \/><\/a><\/div>\n<\/figure>\n<figure class=\"gallery-item\">\n<div class=\"gallery-icon landscape\"><a href=\"https:\/\/agenciadenoticias.ms.gov.br\/wp-content\/uploads\/2026\/03\/Todas-Diferentes-Todas-Imortantes-Foto-Alvaro-Rezende-11-scaled.jpg\"><img loading=\"lazy\" decoding=\"async\" class=\"attachment-large size-large\" src=\"https:\/\/agenciadenoticias.ms.gov.br\/wp-content\/uploads\/2026\/03\/Todas-Diferentes-Todas-Imortantes-Foto-Alvaro-Rezende-11-1024x683.jpg\" sizes=\"auto, (max-width: 1024px) 100vw, 1024px\" srcset=\"https:\/\/agenciadenoticias.ms.gov.br\/wp-content\/uploads\/2026\/03\/Todas-Diferentes-Todas-Imortantes-Foto-Alvaro-Rezende-11-1024x683.jpg 1024w, https:\/\/agenciadenoticias.ms.gov.br\/wp-content\/uploads\/2026\/03\/Todas-Diferentes-Todas-Imortantes-Foto-Alvaro-Rezende-11-300x200.jpg 300w, https:\/\/agenciadenoticias.ms.gov.br\/wp-content\/uploads\/2026\/03\/Todas-Diferentes-Todas-Imortantes-Foto-Alvaro-Rezende-11-768x512.jpg 768w, https:\/\/agenciadenoticias.ms.gov.br\/wp-content\/uploads\/2026\/03\/Todas-Diferentes-Todas-Imortantes-Foto-Alvaro-Rezende-11-1536x1024.jpg 1536w, https:\/\/agenciadenoticias.ms.gov.br\/wp-content\/uploads\/2026\/03\/Todas-Diferentes-Todas-Imortantes-Foto-Alvaro-Rezende-11-2048x1365.jpg 2048w, https:\/\/agenciadenoticias.ms.gov.br\/wp-content\/uploads\/2026\/03\/Todas-Diferentes-Todas-Imortantes-Foto-Alvaro-Rezende-11-350x232.jpg 350w, https:\/\/agenciadenoticias.ms.gov.br\/wp-content\/uploads\/2026\/03\/Todas-Diferentes-Todas-Imortantes-Foto-Alvaro-Rezende-11-scaled.jpg 1920w\" alt=\"\" width=\"1024\" height=\"683\" \/><\/a><\/div>\n<\/figure>\n<figure class=\"gallery-item\">\n<div class=\"gallery-icon landscape\"><a href=\"https:\/\/agenciadenoticias.ms.gov.br\/wp-content\/uploads\/2026\/03\/Todas-Diferentes-Todas-Imortantes-Foto-Alvaro-Rezende-12-scaled.jpg\"><img loading=\"lazy\" decoding=\"async\" class=\"attachment-large size-large\" src=\"https:\/\/agenciadenoticias.ms.gov.br\/wp-content\/uploads\/2026\/03\/Todas-Diferentes-Todas-Imortantes-Foto-Alvaro-Rezende-12-1024x683.jpg\" sizes=\"auto, (max-width: 1024px) 100vw, 1024px\" srcset=\"https:\/\/agenciadenoticias.ms.gov.br\/wp-content\/uploads\/2026\/03\/Todas-Diferentes-Todas-Imortantes-Foto-Alvaro-Rezende-12-1024x683.jpg 1024w, https:\/\/agenciadenoticias.ms.gov.br\/wp-content\/uploads\/2026\/03\/Todas-Diferentes-Todas-Imortantes-Foto-Alvaro-Rezende-12-300x200.jpg 300w, https:\/\/agenciadenoticias.ms.gov.br\/wp-content\/uploads\/2026\/03\/Todas-Diferentes-Todas-Imortantes-Foto-Alvaro-Rezende-12-768x512.jpg 768w, https:\/\/agenciadenoticias.ms.gov.br\/wp-content\/uploads\/2026\/03\/Todas-Diferentes-Todas-Imortantes-Foto-Alvaro-Rezende-12-1536x1024.jpg 1536w, https:\/\/agenciadenoticias.ms.gov.br\/wp-content\/uploads\/2026\/03\/Todas-Diferentes-Todas-Imortantes-Foto-Alvaro-Rezende-12-2048x1365.jpg 2048w, https:\/\/agenciadenoticias.ms.gov.br\/wp-content\/uploads\/2026\/03\/Todas-Diferentes-Todas-Imortantes-Foto-Alvaro-Rezende-12-350x232.jpg 350w, https:\/\/agenciadenoticias.ms.gov.br\/wp-content\/uploads\/2026\/03\/Todas-Diferentes-Todas-Imortantes-Foto-Alvaro-Rezende-12-scaled.jpg 1920w\" alt=\"\" width=\"1024\" height=\"683\" \/><\/a><\/div>\n<\/figure>\n<\/div>\n<div id=\"gallery-4\" class=\"gallery galleryid-535802 gallery-columns-2 gallery-size-large\">\n<figure class=\"gallery-item\">\n<div class=\"gallery-icon landscape\"><a href=\"https:\/\/agenciadenoticias.ms.gov.br\/wp-content\/uploads\/2026\/03\/Todas-Diferentes-Todas-Imortantes-Foto-Alvaro-Rezende-29-scaled.jpg\"><img loading=\"lazy\" decoding=\"async\" class=\"attachment-large size-large\" src=\"https:\/\/agenciadenoticias.ms.gov.br\/wp-content\/uploads\/2026\/03\/Todas-Diferentes-Todas-Imortantes-Foto-Alvaro-Rezende-29-1024x683.jpg\" sizes=\"auto, (max-width: 1024px) 100vw, 1024px\" srcset=\"https:\/\/agenciadenoticias.ms.gov.br\/wp-content\/uploads\/2026\/03\/Todas-Diferentes-Todas-Imortantes-Foto-Alvaro-Rezende-29-1024x683.jpg 1024w, https:\/\/agenciadenoticias.ms.gov.br\/wp-content\/uploads\/2026\/03\/Todas-Diferentes-Todas-Imortantes-Foto-Alvaro-Rezende-29-300x200.jpg 300w, https:\/\/agenciadenoticias.ms.gov.br\/wp-content\/uploads\/2026\/03\/Todas-Diferentes-Todas-Imortantes-Foto-Alvaro-Rezende-29-768x512.jpg 768w, https:\/\/agenciadenoticias.ms.gov.br\/wp-content\/uploads\/2026\/03\/Todas-Diferentes-Todas-Imortantes-Foto-Alvaro-Rezende-29-1536x1024.jpg 1536w, https:\/\/agenciadenoticias.ms.gov.br\/wp-content\/uploads\/2026\/03\/Todas-Diferentes-Todas-Imortantes-Foto-Alvaro-Rezende-29-2048x1365.jpg 2048w, https:\/\/agenciadenoticias.ms.gov.br\/wp-content\/uploads\/2026\/03\/Todas-Diferentes-Todas-Imortantes-Foto-Alvaro-Rezende-29-350x232.jpg 350w, https:\/\/agenciadenoticias.ms.gov.br\/wp-content\/uploads\/2026\/03\/Todas-Diferentes-Todas-Imortantes-Foto-Alvaro-Rezende-29-scaled.jpg 1920w\" alt=\"\" width=\"1024\" height=\"683\" \/><\/a><\/div>\n<\/figure>\n<figure class=\"gallery-item\">\n<div class=\"gallery-icon landscape\"><a href=\"https:\/\/agenciadenoticias.ms.gov.br\/wp-content\/uploads\/2026\/03\/Todas-Diferentes-Todas-Imortantes-Foto-Alvaro-Rezende-13-scaled.jpg\"><img loading=\"lazy\" decoding=\"async\" class=\"attachment-large size-large\" src=\"https:\/\/agenciadenoticias.ms.gov.br\/wp-content\/uploads\/2026\/03\/Todas-Diferentes-Todas-Imortantes-Foto-Alvaro-Rezende-13-1024x683.jpg\" sizes=\"auto, (max-width: 1024px) 100vw, 1024px\" srcset=\"https:\/\/agenciadenoticias.ms.gov.br\/wp-content\/uploads\/2026\/03\/Todas-Diferentes-Todas-Imortantes-Foto-Alvaro-Rezende-13-1024x683.jpg 1024w, https:\/\/agenciadenoticias.ms.gov.br\/wp-content\/uploads\/2026\/03\/Todas-Diferentes-Todas-Imortantes-Foto-Alvaro-Rezende-13-300x200.jpg 300w, https:\/\/agenciadenoticias.ms.gov.br\/wp-content\/uploads\/2026\/03\/Todas-Diferentes-Todas-Imortantes-Foto-Alvaro-Rezende-13-768x512.jpg 768w, https:\/\/agenciadenoticias.ms.gov.br\/wp-content\/uploads\/2026\/03\/Todas-Diferentes-Todas-Imortantes-Foto-Alvaro-Rezende-13-1536x1024.jpg 1536w, https:\/\/agenciadenoticias.ms.gov.br\/wp-content\/uploads\/2026\/03\/Todas-Diferentes-Todas-Imortantes-Foto-Alvaro-Rezende-13-2048x1365.jpg 2048w, https:\/\/agenciadenoticias.ms.gov.br\/wp-content\/uploads\/2026\/03\/Todas-Diferentes-Todas-Imortantes-Foto-Alvaro-Rezende-13-350x232.jpg 350w, https:\/\/agenciadenoticias.ms.gov.br\/wp-content\/uploads\/2026\/03\/Todas-Diferentes-Todas-Imortantes-Foto-Alvaro-Rezende-13-scaled.jpg 1920w\" alt=\"\" width=\"1024\" height=\"683\" \/><\/a><\/div>\n<\/figure>\n<\/div>\n<p>A secret\u00e1ria de Estado da Cidadania, Viviane Luiza, conduziu a media\u00e7\u00e3o do encontro e destacou o papel da pasta na promo\u00e7\u00e3o de a\u00e7\u00f5es afirmativas e no fortalecimento do protagonismo feminino em Mato Grosso do Sul.<\/p>\n<p>Segundo ela, o evento foi pensado como um espa\u00e7o de di\u00e1logo, inspira\u00e7\u00e3o e articula\u00e7\u00e3o em torno do empreendedorismo feminino como instrumento de transforma\u00e7\u00e3o social. \u201cNenhuma sociedade se desenvolve plenamente quando metade da sua popula\u00e7\u00e3o ainda enfrenta mais barreiras para avan\u00e7ar.\u201d<\/p>\n<p>Viviane ressaltou que a constru\u00e7\u00e3o do pa\u00eds passa diariamente pelo trabalho e pela atua\u00e7\u00e3o das mulheres em diferentes \u00e1reas da sociedade.<\/p>\n<p>\u201cO Brasil \u00e9 constru\u00eddo todos os dias pela for\u00e7a das mulheres. Mulheres que trabalham, que empreendem, que cuidam, que lideram comunidades e que, muitas vezes, mesmo diante de tantas desigualdades, seguem abrindo caminhos.S\u00e3o mulheres que transformam a economia, transformam suas fam\u00edlias e transformam o futuro de toda a sociedade\u201d, pontuou.<\/p>\n<p>Ao abordar o tema da autonomia econ\u00f4mica, ela afirmou que o debate vai al\u00e9m da gera\u00e7\u00e3o de renda e est\u00e1 diretamente relacionado \u00e0 liberdade e \u00e0 prote\u00e7\u00e3o das mulheres. \u201cQuando falamos de autonomia econ\u00f4mica das mulheres, n\u00e3o falamos apenas de renda ou de empreendedorismo. Falamos de liberdade, de oportunidades e tamb\u00e9m de uma das formas mais poderosas de enfrentamento \u00e0 viol\u00eancia contra as mulheres\u201d, ponderou.<\/p>\n<p>Segundo Viviane, a independ\u00eancia financeira fortalece a capacidade de decis\u00e3o e contribui para romper ciclos hist\u00f3ricos de desigualdade. \u201cQuando uma mulher tem autonomia econ\u00f4mica, ela fortalece sua voz, amplia sua capacidade de decis\u00e3o e rompe ciclos de desigualdade\u201d, afirmou.<\/p>\n<p>A secret\u00e1ria ressaltou que, em Mato Grosso do Sul, as mulheres j\u00e1 representam a maioria da popula\u00e7\u00e3o e ampliam sua presen\u00e7a no empreendedorismo e na economia. Viviane tamb\u00e9m destacou que o m\u00eas de mar\u00e7o convida \u00e0 reflex\u00e3o sobre a diversidade de trajet\u00f3rias femininas existentes no Estado.<\/p>\n<p>\u201cExistem mulheres com hist\u00f3rias, realidades e desafios diferentes: mulheres das cidades e do campo, das periferias, ind\u00edgenas, quilombolas, l\u00edderes e empreendedoras. Precisamos de mais mulheres na pol\u00edtica e em todos os espa\u00e7os de lideran\u00e7a. E precisamos que esses espa\u00e7os reflitam a diversidade das mulheres brasileiras.\u201d<\/p>\n<p>Ela concluiu ressaltando que a amplia\u00e7\u00e3o da participa\u00e7\u00e3o feminina fortalece a democracia e contribui para o avan\u00e7o da sociedade.<\/p>\n<div id=\"gallery-5\" class=\"gallery galleryid-535802 gallery-columns-3 gallery-size-large\">\n<figure class=\"gallery-item\">\n<div class=\"gallery-icon landscape\"><a href=\"https:\/\/agenciadenoticias.ms.gov.br\/wp-content\/uploads\/2026\/03\/Todas-Diferentes-Todas-Imortantes-Foto-Alvaro-Rezende-19-scaled.jpg\"><img loading=\"lazy\" decoding=\"async\" class=\"attachment-large size-large\" src=\"https:\/\/agenciadenoticias.ms.gov.br\/wp-content\/uploads\/2026\/03\/Todas-Diferentes-Todas-Imortantes-Foto-Alvaro-Rezende-19-1024x683.jpg\" sizes=\"auto, (max-width: 1024px) 100vw, 1024px\" srcset=\"https:\/\/agenciadenoticias.ms.gov.br\/wp-content\/uploads\/2026\/03\/Todas-Diferentes-Todas-Imortantes-Foto-Alvaro-Rezende-19-1024x683.jpg 1024w, https:\/\/agenciadenoticias.ms.gov.br\/wp-content\/uploads\/2026\/03\/Todas-Diferentes-Todas-Imortantes-Foto-Alvaro-Rezende-19-300x200.jpg 300w, https:\/\/agenciadenoticias.ms.gov.br\/wp-content\/uploads\/2026\/03\/Todas-Diferentes-Todas-Imortantes-Foto-Alvaro-Rezende-19-768x512.jpg 768w, https:\/\/agenciadenoticias.ms.gov.br\/wp-content\/uploads\/2026\/03\/Todas-Diferentes-Todas-Imortantes-Foto-Alvaro-Rezende-19-1536x1024.jpg 1536w, https:\/\/agenciadenoticias.ms.gov.br\/wp-content\/uploads\/2026\/03\/Todas-Diferentes-Todas-Imortantes-Foto-Alvaro-Rezende-19-2048x1365.jpg 2048w, https:\/\/agenciadenoticias.ms.gov.br\/wp-content\/uploads\/2026\/03\/Todas-Diferentes-Todas-Imortantes-Foto-Alvaro-Rezende-19-350x232.jpg 350w, https:\/\/agenciadenoticias.ms.gov.br\/wp-content\/uploads\/2026\/03\/Todas-Diferentes-Todas-Imortantes-Foto-Alvaro-Rezende-19-scaled.jpg 1920w\" alt=\"\" width=\"1024\" height=\"683\" \/><\/a><\/div>\n<\/figure>\n<figure class=\"gallery-item\">\n<div class=\"gallery-icon landscape\"><a href=\"https:\/\/agenciadenoticias.ms.gov.br\/wp-content\/uploads\/2026\/03\/Todas-Diferentes-Todas-Imortantes-Foto-Alvaro-Rezende-18-scaled.jpg\"><img loading=\"lazy\" decoding=\"async\" class=\"attachment-large size-large\" src=\"https:\/\/agenciadenoticias.ms.gov.br\/wp-content\/uploads\/2026\/03\/Todas-Diferentes-Todas-Imortantes-Foto-Alvaro-Rezende-18-1024x683.jpg\" sizes=\"auto, (max-width: 1024px) 100vw, 1024px\" srcset=\"https:\/\/agenciadenoticias.ms.gov.br\/wp-content\/uploads\/2026\/03\/Todas-Diferentes-Todas-Imortantes-Foto-Alvaro-Rezende-18-1024x683.jpg 1024w, https:\/\/agenciadenoticias.ms.gov.br\/wp-content\/uploads\/2026\/03\/Todas-Diferentes-Todas-Imortantes-Foto-Alvaro-Rezende-18-300x200.jpg 300w, https:\/\/agenciadenoticias.ms.gov.br\/wp-content\/uploads\/2026\/03\/Todas-Diferentes-Todas-Imortantes-Foto-Alvaro-Rezende-18-768x512.jpg 768w, https:\/\/agenciadenoticias.ms.gov.br\/wp-content\/uploads\/2026\/03\/Todas-Diferentes-Todas-Imortantes-Foto-Alvaro-Rezende-18-1536x1024.jpg 1536w, https:\/\/agenciadenoticias.ms.gov.br\/wp-content\/uploads\/2026\/03\/Todas-Diferentes-Todas-Imortantes-Foto-Alvaro-Rezende-18-2048x1365.jpg 2048w, https:\/\/agenciadenoticias.ms.gov.br\/wp-content\/uploads\/2026\/03\/Todas-Diferentes-Todas-Imortantes-Foto-Alvaro-Rezende-18-350x232.jpg 350w, https:\/\/agenciadenoticias.ms.gov.br\/wp-content\/uploads\/2026\/03\/Todas-Diferentes-Todas-Imortantes-Foto-Alvaro-Rezende-18-scaled.jpg 1920w\" alt=\"\" width=\"1024\" height=\"683\" \/><\/a><\/div>\n<\/figure>\n<figure class=\"gallery-item\">\n<div class=\"gallery-icon landscape\"><a href=\"https:\/\/agenciadenoticias.ms.gov.br\/wp-content\/uploads\/2026\/03\/Todas-Diferentes-Todas-Imortantes-Foto-Alvaro-Rezende-17-scaled.jpg\"><img loading=\"lazy\" decoding=\"async\" class=\"attachment-large size-large\" src=\"https:\/\/agenciadenoticias.ms.gov.br\/wp-content\/uploads\/2026\/03\/Todas-Diferentes-Todas-Imortantes-Foto-Alvaro-Rezende-17-1024x683.jpg\" sizes=\"auto, (max-width: 1024px) 100vw, 1024px\" srcset=\"https:\/\/agenciadenoticias.ms.gov.br\/wp-content\/uploads\/2026\/03\/Todas-Diferentes-Todas-Imortantes-Foto-Alvaro-Rezende-17-1024x683.jpg 1024w, https:\/\/agenciadenoticias.ms.gov.br\/wp-content\/uploads\/2026\/03\/Todas-Diferentes-Todas-Imortantes-Foto-Alvaro-Rezende-17-300x200.jpg 300w, https:\/\/agenciadenoticias.ms.gov.br\/wp-content\/uploads\/2026\/03\/Todas-Diferentes-Todas-Imortantes-Foto-Alvaro-Rezende-17-768x512.jpg 768w, https:\/\/agenciadenoticias.ms.gov.br\/wp-content\/uploads\/2026\/03\/Todas-Diferentes-Todas-Imortantes-Foto-Alvaro-Rezende-17-1536x1024.jpg 1536w, https:\/\/agenciadenoticias.ms.gov.br\/wp-content\/uploads\/2026\/03\/Todas-Diferentes-Todas-Imortantes-Foto-Alvaro-Rezende-17-2048x1365.jpg 2048w, https:\/\/agenciadenoticias.ms.gov.br\/wp-content\/uploads\/2026\/03\/Todas-Diferentes-Todas-Imortantes-Foto-Alvaro-Rezende-17-350x232.jpg 350w, https:\/\/agenciadenoticias.ms.gov.br\/wp-content\/uploads\/2026\/03\/Todas-Diferentes-Todas-Imortantes-Foto-Alvaro-Rezende-17-scaled.jpg 1920w\" alt=\"\" width=\"1024\" height=\"683\" \/><\/a><\/div>\n<\/figure>\n<\/div>\n<p><strong>Desigualdade ainda \u00e9 desafio<\/strong><\/p>\n<p>A ex-ministra das Mulheres Cida Gon\u00e7alves afirmou que a igualdade de oportunidades entre homens e mulheres ainda depende de mudan\u00e7as profundas na sociedade, especialmente no enfrentamento ao machismo e \u00e0s estruturas patriarcais.<\/p>\n<p>\u201cN\u00e3o vamos conseguir ter igualdade enquanto tivermos patriarcado e machismo. Foram s\u00e9culos de luta das mulheres, do movimento de mulheres no Brasil e no mundo. N\u00f3s conquistamos muita coisa, mas nada disso aconteceu porque \u00e9ramos bonitinhas ou arrumadinhas. Foi porque as mulheres lutaram\u201d, assinalou.<\/p>\n<p>Segundo ela, os avan\u00e7os observados na pol\u00edtica, na economia e em outras \u00e1reas s\u00e3o resultado direto dessa mobiliza\u00e7\u00e3o hist\u00f3rica. \u201cSe hoje temos senadoras, deputadas, ministras e empres\u00e1rias \u00e9 porque houve luta. Essas conquistas n\u00e3o foram f\u00e1ceis e agora o nosso desafio \u00e9 manter e avan\u00e7ar.\u201d<\/p>\n<p>Cida destacou ainda que, por muito tempo, a luta por direitos foi conduzida quase exclusivamente pelas pr\u00f3prias mulheres, mas que agora \u00e9 necess\u00e1rio ampliar essa participa\u00e7\u00e3o e que o movimento feminino n\u00e3o deve ser tratado como uma disputa entre homens e mulheres, mas como uma busca por igualdade real. \u201cN\u00e3o podemos transformar a luta das mulheres em uma guerra dos sexos. O que queremos \u00e9 conquistar espa\u00e7os e ter igualdade.\u201d<\/p>\n<p>Para ela, os n\u00fameros ainda mostram o tamanho do desafio. \u201cN\u00e3o existe igualdade quando somos apenas 17% do Congresso Nacional. N\u00e3o existe igualdade quando temos apenas duas governadoras no pa\u00eds, menos de 10% de prefeitas e quando as mulheres ganham cerca de 30% a menos que os homens, mesmo trabalhando mais. Precisamos lutar para que todos os munic\u00edpios tenham secretarias ou estruturas espec\u00edficas para pol\u00edticas para mulheres. Isso garante que o olhar de g\u00eanero esteja presente em todas as \u00e1reas da administra\u00e7\u00e3o p\u00fablica, concluiu.\u201d<\/p>\n<div id=\"gallery-6\" class=\"gallery galleryid-535802 gallery-columns-2 gallery-size-large\">\n<figure class=\"gallery-item\">\n<div class=\"gallery-icon landscape\"><a href=\"https:\/\/agenciadenoticias.ms.gov.br\/wp-content\/uploads\/2026\/03\/Todas-Diferentes-Todas-Imortantes-Foto-Alvaro-Rezende-7-scaled.jpg\"><img loading=\"lazy\" decoding=\"async\" class=\"attachment-large size-large\" src=\"https:\/\/agenciadenoticias.ms.gov.br\/wp-content\/uploads\/2026\/03\/Todas-Diferentes-Todas-Imortantes-Foto-Alvaro-Rezende-7-1024x683.jpg\" sizes=\"auto, (max-width: 1024px) 100vw, 1024px\" srcset=\"https:\/\/agenciadenoticias.ms.gov.br\/wp-content\/uploads\/2026\/03\/Todas-Diferentes-Todas-Imortantes-Foto-Alvaro-Rezende-7-1024x683.jpg 1024w, https:\/\/agenciadenoticias.ms.gov.br\/wp-content\/uploads\/2026\/03\/Todas-Diferentes-Todas-Imortantes-Foto-Alvaro-Rezende-7-300x200.jpg 300w, https:\/\/agenciadenoticias.ms.gov.br\/wp-content\/uploads\/2026\/03\/Todas-Diferentes-Todas-Imortantes-Foto-Alvaro-Rezende-7-768x512.jpg 768w, https:\/\/agenciadenoticias.ms.gov.br\/wp-content\/uploads\/2026\/03\/Todas-Diferentes-Todas-Imortantes-Foto-Alvaro-Rezende-7-1536x1024.jpg 1536w, https:\/\/agenciadenoticias.ms.gov.br\/wp-content\/uploads\/2026\/03\/Todas-Diferentes-Todas-Imortantes-Foto-Alvaro-Rezende-7-2048x1365.jpg 2048w, https:\/\/agenciadenoticias.ms.gov.br\/wp-content\/uploads\/2026\/03\/Todas-Diferentes-Todas-Imortantes-Foto-Alvaro-Rezende-7-350x232.jpg 350w, https:\/\/agenciadenoticias.ms.gov.br\/wp-content\/uploads\/2026\/03\/Todas-Diferentes-Todas-Imortantes-Foto-Alvaro-Rezende-7-scaled.jpg 1920w\" alt=\"\" width=\"1024\" height=\"683\" \/><\/a><\/div>\n<\/figure>\n<figure class=\"gallery-item\">\n<div class=\"gallery-icon landscape\"><a href=\"https:\/\/agenciadenoticias.ms.gov.br\/wp-content\/uploads\/2026\/03\/Todas-Diferentes-Todas-Imortantes-Foto-Alvaro-Rezende-6-scaled.jpg\"><img loading=\"lazy\" decoding=\"async\" class=\"attachment-large size-large\" src=\"https:\/\/agenciadenoticias.ms.gov.br\/wp-content\/uploads\/2026\/03\/Todas-Diferentes-Todas-Imortantes-Foto-Alvaro-Rezende-6-1024x683.jpg\" sizes=\"auto, (max-width: 1024px) 100vw, 1024px\" srcset=\"https:\/\/agenciadenoticias.ms.gov.br\/wp-content\/uploads\/2026\/03\/Todas-Diferentes-Todas-Imortantes-Foto-Alvaro-Rezende-6-1024x683.jpg 1024w, https:\/\/agenciadenoticias.ms.gov.br\/wp-content\/uploads\/2026\/03\/Todas-Diferentes-Todas-Imortantes-Foto-Alvaro-Rezende-6-300x200.jpg 300w, https:\/\/agenciadenoticias.ms.gov.br\/wp-content\/uploads\/2026\/03\/Todas-Diferentes-Todas-Imortantes-Foto-Alvaro-Rezende-6-768x512.jpg 768w, https:\/\/agenciadenoticias.ms.gov.br\/wp-content\/uploads\/2026\/03\/Todas-Diferentes-Todas-Imortantes-Foto-Alvaro-Rezende-6-1536x1024.jpg 1536w, https:\/\/agenciadenoticias.ms.gov.br\/wp-content\/uploads\/2026\/03\/Todas-Diferentes-Todas-Imortantes-Foto-Alvaro-Rezende-6-2048x1365.jpg 2048w, https:\/\/agenciadenoticias.ms.gov.br\/wp-content\/uploads\/2026\/03\/Todas-Diferentes-Todas-Imortantes-Foto-Alvaro-Rezende-6-350x232.jpg 350w, https:\/\/agenciadenoticias.ms.gov.br\/wp-content\/uploads\/2026\/03\/Todas-Diferentes-Todas-Imortantes-Foto-Alvaro-Rezende-6-scaled.jpg 1920w\" alt=\"\" width=\"1024\" height=\"683\" \/><\/a><\/div>\n<\/figure>\n<\/div>\n<p>No Mato Grosso do Sul, as mulheres representam 50,8% da popula\u00e7\u00e3o, o equivalente a 1.400.498 pessoas, segundo dados do Instituto Brasileiro de Geografia e Estat\u00edstica de 2022. Elas s\u00e3o maioria em 35 munic\u00edpios e ampliam, ano a ano, sua presen\u00e7a em diferentes espa\u00e7os da sociedade.<\/p>\n<p>O avan\u00e7o tamb\u00e9m se reflete no empreendedorismo. Atualmente, cerca de 159.921 mulheres s\u00e3o donas de neg\u00f3cio no Estado, o que representa 42% do total de empres\u00e1rios, segundo levantamento do Observat\u00f3rio da Cidadania com base em dados da Receita Federal de 2026.<\/p>\n<p>O estudo aponta ainda que 171.825 empresas em Mato Grosso do Sul s\u00e3o comandadas por mulheres, o equivalente a 44,9% do total. A presen\u00e7a feminina \u00e9 mais forte nos setores de com\u00e9rcio, agropecu\u00e1ria e servi\u00e7os, com predomin\u00e2ncia entre empreendedoras de 35 a 39 anos.<\/p>\n<p>Esse crescimento tamb\u00e9m aparece na vida p\u00fablica. Hoje o Estado conta com 13 prefeitas, n\u00famero que em 2020 era de cinco, representando aumento de 160%.<\/p>\n<p>Nas c\u00e2maras municipais, a presen\u00e7a feminina tamb\u00e9m avan\u00e7ou. Foram eleitas 213 vereadoras no pleito de 2024, frente a 163 em 2020, crescimento de 30%, indicando uma amplia\u00e7\u00e3o gradual da participa\u00e7\u00e3o das mulheres nos espa\u00e7os de decis\u00e3o pol\u00edtica.<\/p>\n<p><strong>Capacita\u00e7\u00e3o e fortalecimento da rede de prote\u00e7\u00e3o<\/strong><\/p>\n<p>Na mesma ocasi\u00e3o, a Secretaria da Cidadania assinou um termo de inten\u00e7\u00e3o com a ex-ministra Cida Gon\u00e7alves para a contrata\u00e7\u00e3o do curso de capacita\u00e7\u00e3o \u201cProtege MS \u2013 Fortalecimento dos Organismos de Pol\u00edticas P\u00fablicas para Mulheres\u201d.<\/p>\n<p>A forma\u00e7\u00e3o ser\u00e1 realizada por meio de oficinas voltadas a servidoras que atuam diretamente no atendimento a mulheres em situa\u00e7\u00e3o de viol\u00eancia, com o objetivo de qualificar e fortalecer as equipes dos Centros de Refer\u00eancia de Atendimento \u00e0 Mulher, abrigos e demais estruturas da rede de prote\u00e7\u00e3o.<\/p>\n<div id=\"gallery-7\" class=\"gallery galleryid-535802 gallery-columns-2 gallery-size-large\">\n<figure class=\"gallery-item\">\n<div class=\"gallery-icon landscape\"><a href=\"https:\/\/agenciadenoticias.ms.gov.br\/wp-content\/uploads\/2026\/03\/Todas-Diferentes-Todas-Imortantes-Foto-Alvaro-Rezende-22-scaled.jpg\"><img loading=\"lazy\" decoding=\"async\" class=\"attachment-large size-large\" src=\"https:\/\/agenciadenoticias.ms.gov.br\/wp-content\/uploads\/2026\/03\/Todas-Diferentes-Todas-Imortantes-Foto-Alvaro-Rezende-22-1024x683.jpg\" sizes=\"auto, (max-width: 1024px) 100vw, 1024px\" srcset=\"https:\/\/agenciadenoticias.ms.gov.br\/wp-content\/uploads\/2026\/03\/Todas-Diferentes-Todas-Imortantes-Foto-Alvaro-Rezende-22-1024x683.jpg 1024w, https:\/\/agenciadenoticias.ms.gov.br\/wp-content\/uploads\/2026\/03\/Todas-Diferentes-Todas-Imortantes-Foto-Alvaro-Rezende-22-300x200.jpg 300w, https:\/\/agenciadenoticias.ms.gov.br\/wp-content\/uploads\/2026\/03\/Todas-Diferentes-Todas-Imortantes-Foto-Alvaro-Rezende-22-768x512.jpg 768w, https:\/\/agenciadenoticias.ms.gov.br\/wp-content\/uploads\/2026\/03\/Todas-Diferentes-Todas-Imortantes-Foto-Alvaro-Rezende-22-1536x1024.jpg 1536w, https:\/\/agenciadenoticias.ms.gov.br\/wp-content\/uploads\/2026\/03\/Todas-Diferentes-Todas-Imortantes-Foto-Alvaro-Rezende-22-2048x1365.jpg 2048w, https:\/\/agenciadenoticias.ms.gov.br\/wp-content\/uploads\/2026\/03\/Todas-Diferentes-Todas-Imortantes-Foto-Alvaro-Rezende-22-350x232.jpg 350w, https:\/\/agenciadenoticias.ms.gov.br\/wp-content\/uploads\/2026\/03\/Todas-Diferentes-Todas-Imortantes-Foto-Alvaro-Rezende-22-scaled.jpg 1920w\" alt=\"\" width=\"1024\" height=\"683\" \/><\/a><\/div>\n<\/figure>\n<figure class=\"gallery-item\">\n<div class=\"gallery-icon landscape\"><a href=\"https:\/\/agenciadenoticias.ms.gov.br\/wp-content\/uploads\/2026\/03\/Todas-Diferentes-Todas-Imortantes-Foto-Alvaro-Rezende-20-scaled.jpg\"><img loading=\"lazy\" decoding=\"async\" class=\"attachment-large size-large\" src=\"https:\/\/agenciadenoticias.ms.gov.br\/wp-content\/uploads\/2026\/03\/Todas-Diferentes-Todas-Imortantes-Foto-Alvaro-Rezende-20-1024x683.jpg\" sizes=\"auto, (max-width: 1024px) 100vw, 1024px\" srcset=\"https:\/\/agenciadenoticias.ms.gov.br\/wp-content\/uploads\/2026\/03\/Todas-Diferentes-Todas-Imortantes-Foto-Alvaro-Rezende-20-1024x683.jpg 1024w, https:\/\/agenciadenoticias.ms.gov.br\/wp-content\/uploads\/2026\/03\/Todas-Diferentes-Todas-Imortantes-Foto-Alvaro-Rezende-20-300x200.jpg 300w, https:\/\/agenciadenoticias.ms.gov.br\/wp-content\/uploads\/2026\/03\/Todas-Diferentes-Todas-Imortantes-Foto-Alvaro-Rezende-20-768x512.jpg 768w, https:\/\/agenciadenoticias.ms.gov.br\/wp-content\/uploads\/2026\/03\/Todas-Diferentes-Todas-Imortantes-Foto-Alvaro-Rezende-20-1536x1024.jpg 1536w, https:\/\/agenciadenoticias.ms.gov.br\/wp-content\/uploads\/2026\/03\/Todas-Diferentes-Todas-Imortantes-Foto-Alvaro-Rezende-20-2048x1365.jpg 2048w, https:\/\/agenciadenoticias.ms.gov.br\/wp-content\/uploads\/2026\/03\/Todas-Diferentes-Todas-Imortantes-Foto-Alvaro-Rezende-20-350x232.jpg 350w, https:\/\/agenciadenoticias.ms.gov.br\/wp-content\/uploads\/2026\/03\/Todas-Diferentes-Todas-Imortantes-Foto-Alvaro-Rezende-20-scaled.jpg 1920w\" alt=\"\" width=\"1024\" height=\"683\" \/><\/a><\/div>\n<\/figure>\n<figure class=\"gallery-item\">\n<div class=\"gallery-icon landscape\"><a href=\"https:\/\/agenciadenoticias.ms.gov.br\/wp-content\/uploads\/2026\/03\/Todas-Diferentes-Todas-Imortantes-Foto-Alvaro-Rezende-21-scaled.jpg\"><img loading=\"lazy\" decoding=\"async\" class=\"attachment-large size-large\" src=\"https:\/\/agenciadenoticias.ms.gov.br\/wp-content\/uploads\/2026\/03\/Todas-Diferentes-Todas-Imortantes-Foto-Alvaro-Rezende-21-1024x683.jpg\" sizes=\"auto, (max-width: 1024px) 100vw, 1024px\" srcset=\"https:\/\/agenciadenoticias.ms.gov.br\/wp-content\/uploads\/2026\/03\/Todas-Diferentes-Todas-Imortantes-Foto-Alvaro-Rezende-21-1024x683.jpg 1024w, https:\/\/agenciadenoticias.ms.gov.br\/wp-content\/uploads\/2026\/03\/Todas-Diferentes-Todas-Imortantes-Foto-Alvaro-Rezende-21-300x200.jpg 300w, https:\/\/agenciadenoticias.ms.gov.br\/wp-content\/uploads\/2026\/03\/Todas-Diferentes-Todas-Imortantes-Foto-Alvaro-Rezende-21-768x512.jpg 768w, https:\/\/agenciadenoticias.ms.gov.br\/wp-content\/uploads\/2026\/03\/Todas-Diferentes-Todas-Imortantes-Foto-Alvaro-Rezende-21-1536x1024.jpg 1536w, https:\/\/agenciadenoticias.ms.gov.br\/wp-content\/uploads\/2026\/03\/Todas-Diferentes-Todas-Imortantes-Foto-Alvaro-Rezende-21-2048x1365.jpg 2048w, https:\/\/agenciadenoticias.ms.gov.br\/wp-content\/uploads\/2026\/03\/Todas-Diferentes-Todas-Imortantes-Foto-Alvaro-Rezende-21-350x232.jpg 350w, https:\/\/agenciadenoticias.ms.gov.br\/wp-content\/uploads\/2026\/03\/Todas-Diferentes-Todas-Imortantes-Foto-Alvaro-Rezende-21-scaled.jpg 1920w\" alt=\"\" width=\"1024\" height=\"683\" \/><\/a><\/div>\n<\/figure>\n<figure class=\"gallery-item\">\n<div class=\"gallery-icon landscape\"><a href=\"https:\/\/agenciadenoticias.ms.gov.br\/wp-content\/uploads\/2026\/03\/Todas-Diferentes-Todas-Imortantes-Foto-Alvaro-Rezende-26-scaled.jpg\"><img loading=\"lazy\" decoding=\"async\" class=\"attachment-large size-large\" src=\"https:\/\/agenciadenoticias.ms.gov.br\/wp-content\/uploads\/2026\/03\/Todas-Diferentes-Todas-Imortantes-Foto-Alvaro-Rezende-26-1024x683.jpg\" sizes=\"auto, (max-width: 1024px) 100vw, 1024px\" srcset=\"https:\/\/agenciadenoticias.ms.gov.br\/wp-content\/uploads\/2026\/03\/Todas-Diferentes-Todas-Imortantes-Foto-Alvaro-Rezende-26-1024x683.jpg 1024w, https:\/\/agenciadenoticias.ms.gov.br\/wp-content\/uploads\/2026\/03\/Todas-Diferentes-Todas-Imortantes-Foto-Alvaro-Rezende-26-300x200.jpg 300w, https:\/\/agenciadenoticias.ms.gov.br\/wp-content\/uploads\/2026\/03\/Todas-Diferentes-Todas-Imortantes-Foto-Alvaro-Rezende-26-768x512.jpg 768w, https:\/\/agenciadenoticias.ms.gov.br\/wp-content\/uploads\/2026\/03\/Todas-Diferentes-Todas-Imortantes-Foto-Alvaro-Rezende-26-1536x1024.jpg 1536w, https:\/\/agenciadenoticias.ms.gov.br\/wp-content\/uploads\/2026\/03\/Todas-Diferentes-Todas-Imortantes-Foto-Alvaro-Rezende-26-2048x1365.jpg 2048w, https:\/\/agenciadenoticias.ms.gov.br\/wp-content\/uploads\/2026\/03\/Todas-Diferentes-Todas-Imortantes-Foto-Alvaro-Rezende-26-350x232.jpg 350w, https:\/\/agenciadenoticias.ms.gov.br\/wp-content\/uploads\/2026\/03\/Todas-Diferentes-Todas-Imortantes-Foto-Alvaro-Rezende-26-scaled.jpg 1920w\" alt=\"\" width=\"1024\" height=\"683\" \/><\/a><\/div>\n<\/figure>\n<\/div>\n<p>O Protege MS \u00e9 um programa estadual de preven\u00e7\u00e3o e enfrentamento \u00e0 viol\u00eancia contra as mulheres que re\u00fane diferentes secretarias e \u00f3rg\u00e3os estaduais em a\u00e7\u00f5es integradas de combate e redu\u00e7\u00e3o da viol\u00eancia. A iniciativa atua de forma transversal e intersetorial com medidas educativas, de prote\u00e7\u00e3o, acolhimento e responsabiliza\u00e7\u00e3o de agressores.<\/p>\n<p>O programa busca fortalecer a rede de atendimento, qualificar profissionais, promover a autonomia das mulheres e ampliar servi\u00e7os especializados nos munic\u00edpios, garantindo prote\u00e7\u00e3o e apoio \u00e0s v\u00edtimas.<\/p>\n<p><strong>Parcerias com o Sebrae<\/strong><\/p>\n<p>Em sua participa\u00e7\u00e3o no encontro, a diretora-t\u00e9cnica do Sebrae MS, Sandra Amarilha, iniciou a fala emocionada ao destacar a inspira\u00e7\u00e3o que encontra no exemplo da empres\u00e1ria Luiza Helena Trajano. Segundo ela, a trajet\u00f3ria da empreendedora acompanha sua pr\u00f3pria caminhada profissional no Sebrae h\u00e1 mais de tr\u00eas d\u00e9cadas.<\/p>\n<p>Sandra ressaltou que Mato Grosso do Sul ocupa atualmente a s\u00e9tima posi\u00e7\u00e3o nacional em empreendedorismo feminino e destacou a relev\u00e2ncia econ\u00f4mica desse movimento. De acordo com ela, cerca de 42% da atividade econ\u00f4mica do Estado j\u00e1 \u00e9 impulsionada por mulheres empreendedoras, o que demonstra a for\u00e7a crescente desse protagonismo.<\/p>\n<p>A diretora tamb\u00e9m enfatizou que o empreendedorismo feminino representa, sobretudo, autonomia financeira e gera\u00e7\u00e3o de oportunidades. Para ela, aquilo que durante muito tempo foi tratado apenas como potencial come\u00e7a a se consolidar como uma pot\u00eancia real, capaz de gerar renda, dignidade e independ\u00eancia para milhares de mulheres sul-mato-grossenses, especialmente com o apoio de parcerias entre o governo estadual, o Sistema S e entidades empresariais.<\/p>\n<p>O evento tamb\u00e9m destacou parcerias entre a Secretaria da Cidadania e o Sebrae realizadas entre mar\u00e7o de 2025 e fevereiro de 2026, voltadas ao empreendedorismo feminino e \u00e0 inclus\u00e3o produtiva.<\/p>\n<div id=\"gallery-8\" class=\"gallery galleryid-535802 gallery-columns-3 gallery-size-large\">\n<figure class=\"gallery-item\">\n<div class=\"gallery-icon landscape\"><a href=\"https:\/\/agenciadenoticias.ms.gov.br\/wp-content\/uploads\/2026\/03\/Todas-Diferentes-Todas-Imortantes-Foto-Alvaro-Rezende-14-scaled.jpg\"><img loading=\"lazy\" decoding=\"async\" class=\"attachment-large size-large\" src=\"https:\/\/agenciadenoticias.ms.gov.br\/wp-content\/uploads\/2026\/03\/Todas-Diferentes-Todas-Imortantes-Foto-Alvaro-Rezende-14-1024x682.jpg\" sizes=\"auto, (max-width: 1024px) 100vw, 1024px\" srcset=\"https:\/\/agenciadenoticias.ms.gov.br\/wp-content\/uploads\/2026\/03\/Todas-Diferentes-Todas-Imortantes-Foto-Alvaro-Rezende-14-1024x682.jpg 1024w, https:\/\/agenciadenoticias.ms.gov.br\/wp-content\/uploads\/2026\/03\/Todas-Diferentes-Todas-Imortantes-Foto-Alvaro-Rezende-14-300x200.jpg 300w, https:\/\/agenciadenoticias.ms.gov.br\/wp-content\/uploads\/2026\/03\/Todas-Diferentes-Todas-Imortantes-Foto-Alvaro-Rezende-14-768x512.jpg 768w, https:\/\/agenciadenoticias.ms.gov.br\/wp-content\/uploads\/2026\/03\/Todas-Diferentes-Todas-Imortantes-Foto-Alvaro-Rezende-14-1536x1024.jpg 1536w, https:\/\/agenciadenoticias.ms.gov.br\/wp-content\/uploads\/2026\/03\/Todas-Diferentes-Todas-Imortantes-Foto-Alvaro-Rezende-14-2048x1365.jpg 2048w, https:\/\/agenciadenoticias.ms.gov.br\/wp-content\/uploads\/2026\/03\/Todas-Diferentes-Todas-Imortantes-Foto-Alvaro-Rezende-14-350x232.jpg 350w, https:\/\/agenciadenoticias.ms.gov.br\/wp-content\/uploads\/2026\/03\/Todas-Diferentes-Todas-Imortantes-Foto-Alvaro-Rezende-14-scaled.jpg 1920w\" alt=\"\" width=\"1024\" height=\"682\" \/><\/a><\/div>\n<\/figure>\n<figure class=\"gallery-item\">\n<div class=\"gallery-icon landscape\"><a href=\"https:\/\/agenciadenoticias.ms.gov.br\/wp-content\/uploads\/2026\/03\/Todas-Diferentes-Todas-Imortantes-Foto-Alvaro-Rezende-15-scaled.jpg\"><img loading=\"lazy\" decoding=\"async\" class=\"attachment-large size-large\" src=\"https:\/\/agenciadenoticias.ms.gov.br\/wp-content\/uploads\/2026\/03\/Todas-Diferentes-Todas-Imortantes-Foto-Alvaro-Rezende-15-1024x683.jpg\" sizes=\"auto, (max-width: 1024px) 100vw, 1024px\" srcset=\"https:\/\/agenciadenoticias.ms.gov.br\/wp-content\/uploads\/2026\/03\/Todas-Diferentes-Todas-Imortantes-Foto-Alvaro-Rezende-15-1024x683.jpg 1024w, https:\/\/agenciadenoticias.ms.gov.br\/wp-content\/uploads\/2026\/03\/Todas-Diferentes-Todas-Imortantes-Foto-Alvaro-Rezende-15-300x200.jpg 300w, https:\/\/agenciadenoticias.ms.gov.br\/wp-content\/uploads\/2026\/03\/Todas-Diferentes-Todas-Imortantes-Foto-Alvaro-Rezende-15-768x512.jpg 768w, https:\/\/agenciadenoticias.ms.gov.br\/wp-content\/uploads\/2026\/03\/Todas-Diferentes-Todas-Imortantes-Foto-Alvaro-Rezende-15-1536x1024.jpg 1536w, https:\/\/agenciadenoticias.ms.gov.br\/wp-content\/uploads\/2026\/03\/Todas-Diferentes-Todas-Imortantes-Foto-Alvaro-Rezende-15-2048x1365.jpg 2048w, https:\/\/agenciadenoticias.ms.gov.br\/wp-content\/uploads\/2026\/03\/Todas-Diferentes-Todas-Imortantes-Foto-Alvaro-Rezende-15-350x232.jpg 350w, https:\/\/agenciadenoticias.ms.gov.br\/wp-content\/uploads\/2026\/03\/Todas-Diferentes-Todas-Imortantes-Foto-Alvaro-Rezende-15-scaled.jpg 1920w\" alt=\"\" width=\"1024\" height=\"683\" \/><\/a><\/div>\n<\/figure>\n<figure class=\"gallery-item\">\n<div class=\"gallery-icon landscape\"><a href=\"https:\/\/agenciadenoticias.ms.gov.br\/wp-content\/uploads\/2026\/03\/Todas-Diferentes-Todas-Imortantes-Foto-Alvaro-Rezende-16-scaled.jpg\"><img loading=\"lazy\" decoding=\"async\" class=\"attachment-large size-large\" src=\"https:\/\/agenciadenoticias.ms.gov.br\/wp-content\/uploads\/2026\/03\/Todas-Diferentes-Todas-Imortantes-Foto-Alvaro-Rezende-16-1024x683.jpg\" sizes=\"auto, (max-width: 1024px) 100vw, 1024px\" srcset=\"https:\/\/agenciadenoticias.ms.gov.br\/wp-content\/uploads\/2026\/03\/Todas-Diferentes-Todas-Imortantes-Foto-Alvaro-Rezende-16-1024x683.jpg 1024w, https:\/\/agenciadenoticias.ms.gov.br\/wp-content\/uploads\/2026\/03\/Todas-Diferentes-Todas-Imortantes-Foto-Alvaro-Rezende-16-300x200.jpg 300w, https:\/\/agenciadenoticias.ms.gov.br\/wp-content\/uploads\/2026\/03\/Todas-Diferentes-Todas-Imortantes-Foto-Alvaro-Rezende-16-768x512.jpg 768w, https:\/\/agenciadenoticias.ms.gov.br\/wp-content\/uploads\/2026\/03\/Todas-Diferentes-Todas-Imortantes-Foto-Alvaro-Rezende-16-1536x1024.jpg 1536w, https:\/\/agenciadenoticias.ms.gov.br\/wp-content\/uploads\/2026\/03\/Todas-Diferentes-Todas-Imortantes-Foto-Alvaro-Rezende-16-2048x1365.jpg 2048w, https:\/\/agenciadenoticias.ms.gov.br\/wp-content\/uploads\/2026\/03\/Todas-Diferentes-Todas-Imortantes-Foto-Alvaro-Rezende-16-350x232.jpg 350w, https:\/\/agenciadenoticias.ms.gov.br\/wp-content\/uploads\/2026\/03\/Todas-Diferentes-Todas-Imortantes-Foto-Alvaro-Rezende-16-scaled.jpg 1920w\" alt=\"\" width=\"1024\" height=\"683\" \/><\/a><\/div>\n<\/figure>\n<\/div>\n<p>Entre as iniciativas est\u00e3o o Delas Day, realizado em mar\u00e7o de 2025 em Campo Grande e que reuniu cerca de tr\u00eas mil mulheres, cursos de capacita\u00e7\u00e3o voltados \u00e0 cidadania e autonomia feminina em diversos munic\u00edpios, a\u00e7\u00f5es de fortalecimento do afroturismo e programas de qualifica\u00e7\u00e3o empreendedora em 19 cidades.<\/p>\n<p>Outras atividades inclu\u00edram encontros com m\u00e3es de pessoas com defici\u00eancia, projetos voltados a fam\u00edlias at\u00edpicas, a\u00e7\u00f5es de empreendedorismo quilombola e ind\u00edgena, al\u00e9m de capacita\u00e7\u00f5es como o Empretec Ind\u00edgena e o Empretec Quilombola.<\/p>\n<p>Em fevereiro de 2026, o encontro MS Empreende Mais apresentou resultados das a\u00e7\u00f5es de 2025 e iniciativas previstas para 2026, destacando o conv\u00eanio com o governo estadual e o apoio de R$ 16,4 milh\u00f5es ao programa Cidade Empreendedora.<\/p>\n","protected":false},"excerpt":{"rendered":"<p>Fortalecer a autonomia feminina e ampliar as oportunidades para as mulheres sul-mato-grossenses foi o eixo&#8230;<\/p>\n","protected":false},"author":13,"featured_media":11779432,"comment_status":"closed","ping_status":"closed","sticky":false,"template":"","format":"standard","meta":{"footnotes":""},"categories":[8,9],"tags":[189],"class_list":["post-11779431","post","type-post","status-publish","format-standard","has-post-thumbnail","hentry","category-destaque","category-economia","tag-economia"],"_links":{"self":[{"href":"https:\/\/www.corumbaonline.com.br\/news\/wp-json\/wp\/v2\/posts\/11779431","targetHints":{"allow":["GET"]}}],"collection":[{"href":"https:\/\/www.corumbaonline.com.br\/news\/wp-json\/wp\/v2\/posts"}],"about":[{"href":"https:\/\/www.corumbaonline.com.br\/news\/wp-json\/wp\/v2\/types\/post"}],"author":[{"embeddable":true,"href":"https:\/\/www.corumbaonline.com.br\/news\/wp-json\/wp\/v2\/users\/13"}],"replies":[{"embeddable":true,"href":"https:\/\/www.corumbaonline.com.br\/news\/wp-json\/wp\/v2\/comments?post=11779431"}],"version-history":[{"count":1,"href":"https:\/\/www.corumbaonline.com.br\/news\/wp-json\/wp\/v2\/posts\/11779431\/revisions"}],"predecessor-version":[{"id":11779433,"href":"https:\/\/www.corumbaonline.com.br\/news\/wp-json\/wp\/v2\/posts\/11779431\/revisions\/11779433"}],"wp:featuredmedia":[{"embeddable":true,"href":"https:\/\/www.corumbaonline.com.br\/news\/wp-json\/wp\/v2\/media\/11779432"}],"wp:attachment":[{"href":"https:\/\/www.corumbaonline.com.br\/news\/wp-json\/wp\/v2\/media?parent=11779431"}],"wp:term":[{"taxonomy":"category","embeddable":true,"href":"https:\/\/www.corumbaonline.com.br\/news\/wp-json\/wp\/v2\/categories?post=11779431"},{"taxonomy":"post_tag","embeddable":true,"href":"https:\/\/www.corumbaonline.com.br\/news\/wp-json\/wp\/v2\/tags?post=11779431"}],"curies":[{"name":"wp","href":"https:\/\/api.w.org\/{rel}","templated":true}]}}