{"id":11779469,"date":"2026-03-10T16:00:00","date_gmt":"2026-03-10T20:00:00","guid":{"rendered":"https:\/\/www.corumbaonline.com.br\/news\/?p=11779469"},"modified":"2026-03-10T16:12:54","modified_gmt":"2026-03-10T20:12:54","slug":"prefeitura-inicia-entrega-de-kits-escolares-a-estudantes-da-rede-municipal-de-ensino","status":"publish","type":"post","link":"https:\/\/www.corumbaonline.com.br\/news\/prefeitura-inicia-entrega-de-kits-escolares-a-estudantes-da-rede-municipal-de-ensino\/","title":{"rendered":"Prefeitura inicia entrega de kits escolares a estudantes da Rede Municipal de Ensino"},"content":{"rendered":"<p align=\"left\">A Prefeitura de Corumb\u00e1 iniciou nesta ter\u00e7a-feira, 10 de mar\u00e7o, a entrega dos kits escolares para os estudantes da Rede Municipal de Ensino (REME). Os materiais ser\u00e3o distribu\u00eddos nas unidades escolares da zona urbana ao longo da semana e contam com itens de alta qualidade, pensados para apoiar o aprendizado dos alunos ao longo do ano letivo.<\/p>\n<p>Durante a entrega simb\u00f3lica, realizada na Escola Municipal Cyr\u00edaco de Toledo, o prefeito Doutor Gabriel Alves de Oliveira destacou que, apesar do atraso na entrega ocorrido por quest\u00f5es burocr\u00e1ticas, a Administra\u00e7\u00e3o municipal manteve a exig\u00eancia por materiais de maior durabilidade e qualidade.<\/p>\n<p>Segundo o prefeito, a preocupa\u00e7\u00e3o da gest\u00e3o \u00e9 garantir que os estudantes tenham melhores condi\u00e7\u00f5es de aprendizado dentro da sala de aula. \u201cInfelizmente houve um atraso por parte da empresa, mas a gente exige um kit de qualidade, que seja duradouro e que realmente ajude os alunos no processo de aprendizagem\u201d, afirmou.<\/p>\n<p>Outro diferencial dos kits \u00e9 a identidade visual personalizada, que valoriza elementos culturais e naturais de Corumb\u00e1, especialmente o Pantanal. A iniciativa busca refor\u00e7ar o v\u00ednculo dos estudantes com a cultura local. \u201cO material traz um pouco da nossa hist\u00f3ria e do nosso Pantanal. Foi um capricho pensado para mostrar aos alunos a riqueza da nossa regi\u00e3o e fortalecer a nossa cultura\u201d, explicou o prefeito.<\/p>\n<p>Al\u00e9m dos kits escolares, a Prefeitura tamb\u00e9m prev\u00ea a entrega dos uniformes escolares ainda neste m\u00eas. De acordo com Dr. Gabriel, a confec\u00e7\u00e3o j\u00e1 est\u00e1 em andamento e a previs\u00e3o \u00e9 de que os uniformes sejam entregues at\u00e9 o final de mar\u00e7o. \u201cA empresa teve um problema com os tecidos que seriam utilizados, mas mantivemos a exig\u00eancia de qualidade. O que foi contratado precisa ser entregue com o padr\u00e3o que definimos\u201d, ressaltou.<\/p>\n<p>O prefeito tamb\u00e9m refor\u00e7ou que a Educa\u00e7\u00e3o segue como uma das prioridades da gest\u00e3o municipal. Ele destacou que a Prefeitura j\u00e1 observa avan\u00e7os nos indicadores internos da Rede de Ensino, que dever\u00e3o ser divulgados em breve. \u201cSabemos o que cada investimento representa dentro da educa\u00e7\u00e3o de Corumb\u00e1. J\u00e1 temos avan\u00e7os nos acompanhamentos internos e, em breve, vamos apresentar esses resultados\u201d, concluiu.<\/p>\n<p>Participaram da solenidade a secret\u00e1ria municipal de Educa\u00e7\u00e3o, Mabel Sahib, a vice-prefeita e secret\u00e1ria municipal de Assist\u00eancia Social e Cidadania, Beatriz Cavassa de Oliveira, e os vereadores Nanah Cordeiro, que falou em nome do Legislativo municipal, Edinaldo Neves e Hanna Santana, al\u00e9m de pais e alunos do Cyr\u00edaco e diretores de outras unidades de ensino.<\/p>\n","protected":false},"excerpt":{"rendered":"<p>A Prefeitura de Corumb\u00e1 iniciou nesta ter\u00e7a-feira, 10 de mar\u00e7o, a entrega dos kits escolares&#8230;<\/p>\n","protected":false},"author":70,"featured_media":11779470,"comment_status":"closed","ping_status":"closed","sticky":false,"template":"","format":"standard","meta":{"footnotes":""},"categories":[8,10],"tags":[194],"class_list":["post-11779469","post","type-post","status-publish","format-standard","has-post-thumbnail","hentry","category-destaque","category-educacao","tag-educacao"],"_links":{"self":[{"href":"https:\/\/www.corumbaonline.com.br\/news\/wp-json\/wp\/v2\/posts\/11779469","targetHints":{"allow":["GET"]}}],"collection":[{"href":"https:\/\/www.corumbaonline.com.br\/news\/wp-json\/wp\/v2\/posts"}],"about":[{"href":"https:\/\/www.corumbaonline.com.br\/news\/wp-json\/wp\/v2\/types\/post"}],"author":[{"embeddable":true,"href":"https:\/\/www.corumbaonline.com.br\/news\/wp-json\/wp\/v2\/users\/70"}],"replies":[{"embeddable":true,"href":"https:\/\/www.corumbaonline.com.br\/news\/wp-json\/wp\/v2\/comments?post=11779469"}],"version-history":[{"count":1,"href":"https:\/\/www.corumbaonline.com.br\/news\/wp-json\/wp\/v2\/posts\/11779469\/revisions"}],"predecessor-version":[{"id":11779471,"href":"https:\/\/www.corumbaonline.com.br\/news\/wp-json\/wp\/v2\/posts\/11779469\/revisions\/11779471"}],"wp:featuredmedia":[{"embeddable":true,"href":"https:\/\/www.corumbaonline.com.br\/news\/wp-json\/wp\/v2\/media\/11779470"}],"wp:attachment":[{"href":"https:\/\/www.corumbaonline.com.br\/news\/wp-json\/wp\/v2\/media?parent=11779469"}],"wp:term":[{"taxonomy":"category","embeddable":true,"href":"https:\/\/www.corumbaonline.com.br\/news\/wp-json\/wp\/v2\/categories?post=11779469"},{"taxonomy":"post_tag","embeddable":true,"href":"https:\/\/www.corumbaonline.com.br\/news\/wp-json\/wp\/v2\/tags?post=11779469"}],"curies":[{"name":"wp","href":"https:\/\/api.w.org\/{rel}","templated":true}]}}