{"id":11779478,"date":"2026-03-11T08:25:00","date_gmt":"2026-03-11T12:25:00","guid":{"rendered":"https:\/\/www.corumbaonline.com.br\/news\/?p=11779478"},"modified":"2026-03-11T08:13:40","modified_gmt":"2026-03-11T12:13:40","slug":"governo-de-mato-grosso-do-sul-abre-processo-seletivo-para-programa-de-estagio-com-foco-em-inovacao-e-esg","status":"publish","type":"post","link":"https:\/\/www.corumbaonline.com.br\/news\/governo-de-mato-grosso-do-sul-abre-processo-seletivo-para-programa-de-estagio-com-foco-em-inovacao-e-esg\/","title":{"rendered":"Governo de Mato Grosso do Sul abre processo seletivo para programa de est\u00e1gio com foco em inova\u00e7\u00e3o e ESG"},"content":{"rendered":"<p>O Governo de Mato Grosso do Sul publicou, no\u00a0<a href=\"https:\/\/www.diariooficial.ms.gov.br\/\">Di\u00e1rio Oficial n. 12.095<\/a>, desta ter\u00e7a-feira (10), o Edital de Abertura do Processo Seletivo para ingresso no Programa de Est\u00e1gio MS Multiplica. O certame vai formar cadastro de reserva para estudantes de gradua\u00e7\u00e3o interessados em atuar em \u00f3rg\u00e3os da Administra\u00e7\u00e3o P\u00fablica Estadual. As inscri\u00e7\u00f5es s\u00e3o gratuitas e poder\u00e3o ser realizadas entre 13 e 23 de mar\u00e7o de 2026, exclusivamente pela internet, no site<a href=\"https:\/\/www.pseg.ms.gov.br\/\">\u00a0https:\/\/www.pseg.ms.gov.br<\/a>.<\/p>\n<p>O programa \u00e9 coordenado pela Secretaria de Estado de Administra\u00e7\u00e3o (SAD), em parceria com a Secretaria de Estado de Governo e Gest\u00e3o Estrat\u00e9gica (Segov), a Secretaria de Estado de Educa\u00e7\u00e3o (SED), a Funda\u00e7\u00e3o Escola de Governo de Mato Grosso do Sul (Escolagov-MS) e a Funda\u00e7\u00e3o de Apoio ao Desenvolvimento do Ensino, Ci\u00eancia e Tecnologia de Mato Grosso do Sul (Fundect). O processo seletivo \u00e9 conduzido pela Escolagov-MS, respons\u00e1vel pela organiza\u00e7\u00e3o das etapas da sele\u00e7\u00e3o.<\/p>\n<p>Podem participar estudantes matriculados nos dois \u00faltimos anos de cursos de gradua\u00e7\u00e3o em institui\u00e7\u00f5es de ensino superior que aderiram ao programa. O edital prev\u00ea a forma\u00e7\u00e3o de cadastro de reserva por \u00e1rea de forma\u00e7\u00e3o, com convoca\u00e7\u00f5es realizadas conforme a necessidade dos \u00f3rg\u00e3os do Poder Executivo estadual.<\/p>\n<p>De acordo com o secret\u00e1rio de Estado de Administra\u00e7\u00e3o, Frederico Felini, o programa refor\u00e7a o compromisso do Governo do Estado com a forma\u00e7\u00e3o de novos profissionais e com a moderniza\u00e7\u00e3o da gest\u00e3o p\u00fablica. \u201cO Programa de Est\u00e1gio foi estruturado para aproximar os estudantes da realidade da Administra\u00e7\u00e3o P\u00fablica e, ao mesmo tempo, estimular uma cultura de inova\u00e7\u00e3o, \u00e9tica e responsabilidade na gest\u00e3o. \u00c9 uma oportunidade de aprendizado pr\u00e1tico para os universit\u00e1rios e tamb\u00e9m de renova\u00e7\u00e3o de ideias dentro do servi\u00e7o p\u00fablico\u201d, destacou o secret\u00e1rio.<\/p>\n<p>Os estudantes convocados para o programa receber\u00e3o bolsa mensal equivalente a um sal\u00e1rio m\u00ednimo; aux\u00edlio-transporte e seguro contra acidentes pessoais. A carga hor\u00e1ria ser\u00e1 de 25 horas semanais, distribu\u00eddas em cinco horas di\u00e1rias. O edital tamb\u00e9m prev\u00ea reserva de vagas para a\u00e7\u00f5es afirmativas, conforme legisla\u00e7\u00e3o estadual: 20% para candidatos negros; 3% para candidatos ind\u00edgenas e 5% para pessoas com defici\u00eancia.<\/p>\n<div id=\"gallery-1\" class=\"gallery galleryid-535908 gallery-columns-7 gallery-size-large\">\n<figure class=\"gallery-item\">\n<div class=\"gallery-icon landscape\"><a href=\"https:\/\/agenciadenoticias.ms.gov.br\/wp-content\/uploads\/2026\/03\/Programa-Estagio-Foto-Jessica-Salles-SAD-21-scaled.jpg\"><img loading=\"lazy\" decoding=\"async\" class=\"attachment-large size-large\" src=\"https:\/\/agenciadenoticias.ms.gov.br\/wp-content\/uploads\/2026\/03\/Programa-Estagio-Foto-Jessica-Salles-SAD-21-1024x683.jpg\" sizes=\"auto, (max-width: 1024px) 100vw, 1024px\" srcset=\"https:\/\/agenciadenoticias.ms.gov.br\/wp-content\/uploads\/2026\/03\/Programa-Estagio-Foto-Jessica-Salles-SAD-21-1024x683.jpg 1024w, https:\/\/agenciadenoticias.ms.gov.br\/wp-content\/uploads\/2026\/03\/Programa-Estagio-Foto-Jessica-Salles-SAD-21-300x200.jpg 300w, https:\/\/agenciadenoticias.ms.gov.br\/wp-content\/uploads\/2026\/03\/Programa-Estagio-Foto-Jessica-Salles-SAD-21-768x512.jpg 768w, https:\/\/agenciadenoticias.ms.gov.br\/wp-content\/uploads\/2026\/03\/Programa-Estagio-Foto-Jessica-Salles-SAD-21-1536x1024.jpg 1536w, https:\/\/agenciadenoticias.ms.gov.br\/wp-content\/uploads\/2026\/03\/Programa-Estagio-Foto-Jessica-Salles-SAD-21-2048x1365.jpg 2048w, https:\/\/agenciadenoticias.ms.gov.br\/wp-content\/uploads\/2026\/03\/Programa-Estagio-Foto-Jessica-Salles-SAD-21-350x232.jpg 350w, https:\/\/agenciadenoticias.ms.gov.br\/wp-content\/uploads\/2026\/03\/Programa-Estagio-Foto-Jessica-Salles-SAD-21-scaled.jpg 1920w\" alt=\"\" width=\"1024\" height=\"683\" \/><\/a><\/div>\n<\/figure>\n<figure class=\"gallery-item\">\n<div class=\"gallery-icon landscape\"><a href=\"https:\/\/agenciadenoticias.ms.gov.br\/wp-content\/uploads\/2026\/03\/Programa-Estagio-Foto-Jessica-Salles-SAD-20-scaled.jpg\"><img loading=\"lazy\" decoding=\"async\" class=\"attachment-large size-large\" src=\"https:\/\/agenciadenoticias.ms.gov.br\/wp-content\/uploads\/2026\/03\/Programa-Estagio-Foto-Jessica-Salles-SAD-20-1024x683.jpg\" sizes=\"auto, (max-width: 1024px) 100vw, 1024px\" srcset=\"https:\/\/agenciadenoticias.ms.gov.br\/wp-content\/uploads\/2026\/03\/Programa-Estagio-Foto-Jessica-Salles-SAD-20-1024x683.jpg 1024w, https:\/\/agenciadenoticias.ms.gov.br\/wp-content\/uploads\/2026\/03\/Programa-Estagio-Foto-Jessica-Salles-SAD-20-300x200.jpg 300w, https:\/\/agenciadenoticias.ms.gov.br\/wp-content\/uploads\/2026\/03\/Programa-Estagio-Foto-Jessica-Salles-SAD-20-768x512.jpg 768w, https:\/\/agenciadenoticias.ms.gov.br\/wp-content\/uploads\/2026\/03\/Programa-Estagio-Foto-Jessica-Salles-SAD-20-1536x1024.jpg 1536w, https:\/\/agenciadenoticias.ms.gov.br\/wp-content\/uploads\/2026\/03\/Programa-Estagio-Foto-Jessica-Salles-SAD-20-2048x1365.jpg 2048w, https:\/\/agenciadenoticias.ms.gov.br\/wp-content\/uploads\/2026\/03\/Programa-Estagio-Foto-Jessica-Salles-SAD-20-350x232.jpg 350w, https:\/\/agenciadenoticias.ms.gov.br\/wp-content\/uploads\/2026\/03\/Programa-Estagio-Foto-Jessica-Salles-SAD-20-scaled.jpg 1920w\" alt=\"\" width=\"1024\" height=\"683\" \/><\/a><\/div>\n<\/figure>\n<figure class=\"gallery-item\">\n<div class=\"gallery-icon landscape\"><a href=\"https:\/\/agenciadenoticias.ms.gov.br\/wp-content\/uploads\/2026\/03\/Programa-Estagio-Foto-Jessica-Salles-SAD-19-scaled.jpg\"><img loading=\"lazy\" decoding=\"async\" class=\"attachment-large size-large\" src=\"https:\/\/agenciadenoticias.ms.gov.br\/wp-content\/uploads\/2026\/03\/Programa-Estagio-Foto-Jessica-Salles-SAD-19-1024x683.jpg\" sizes=\"auto, (max-width: 1024px) 100vw, 1024px\" srcset=\"https:\/\/agenciadenoticias.ms.gov.br\/wp-content\/uploads\/2026\/03\/Programa-Estagio-Foto-Jessica-Salles-SAD-19-1024x683.jpg 1024w, https:\/\/agenciadenoticias.ms.gov.br\/wp-content\/uploads\/2026\/03\/Programa-Estagio-Foto-Jessica-Salles-SAD-19-300x200.jpg 300w, https:\/\/agenciadenoticias.ms.gov.br\/wp-content\/uploads\/2026\/03\/Programa-Estagio-Foto-Jessica-Salles-SAD-19-768x512.jpg 768w, https:\/\/agenciadenoticias.ms.gov.br\/wp-content\/uploads\/2026\/03\/Programa-Estagio-Foto-Jessica-Salles-SAD-19-1536x1024.jpg 1536w, https:\/\/agenciadenoticias.ms.gov.br\/wp-content\/uploads\/2026\/03\/Programa-Estagio-Foto-Jessica-Salles-SAD-19-2048x1365.jpg 2048w, https:\/\/agenciadenoticias.ms.gov.br\/wp-content\/uploads\/2026\/03\/Programa-Estagio-Foto-Jessica-Salles-SAD-19-350x232.jpg 350w, https:\/\/agenciadenoticias.ms.gov.br\/wp-content\/uploads\/2026\/03\/Programa-Estagio-Foto-Jessica-Salles-SAD-19-scaled.jpg 1920w\" alt=\"\" width=\"1024\" height=\"683\" \/><\/a><\/div>\n<\/figure>\n<figure class=\"gallery-item\">\n<div class=\"gallery-icon landscape\"><a href=\"https:\/\/agenciadenoticias.ms.gov.br\/wp-content\/uploads\/2026\/03\/Programa-Estagio-Foto-Jessica-Salles-SAD-18-scaled.jpg\"><img loading=\"lazy\" decoding=\"async\" class=\"attachment-large size-large\" src=\"https:\/\/agenciadenoticias.ms.gov.br\/wp-content\/uploads\/2026\/03\/Programa-Estagio-Foto-Jessica-Salles-SAD-18-1024x683.jpg\" sizes=\"auto, (max-width: 1024px) 100vw, 1024px\" srcset=\"https:\/\/agenciadenoticias.ms.gov.br\/wp-content\/uploads\/2026\/03\/Programa-Estagio-Foto-Jessica-Salles-SAD-18-1024x683.jpg 1024w, https:\/\/agenciadenoticias.ms.gov.br\/wp-content\/uploads\/2026\/03\/Programa-Estagio-Foto-Jessica-Salles-SAD-18-300x200.jpg 300w, https:\/\/agenciadenoticias.ms.gov.br\/wp-content\/uploads\/2026\/03\/Programa-Estagio-Foto-Jessica-Salles-SAD-18-768x512.jpg 768w, https:\/\/agenciadenoticias.ms.gov.br\/wp-content\/uploads\/2026\/03\/Programa-Estagio-Foto-Jessica-Salles-SAD-18-1536x1024.jpg 1536w, https:\/\/agenciadenoticias.ms.gov.br\/wp-content\/uploads\/2026\/03\/Programa-Estagio-Foto-Jessica-Salles-SAD-18-2048x1365.jpg 2048w, https:\/\/agenciadenoticias.ms.gov.br\/wp-content\/uploads\/2026\/03\/Programa-Estagio-Foto-Jessica-Salles-SAD-18-350x232.jpg 350w, https:\/\/agenciadenoticias.ms.gov.br\/wp-content\/uploads\/2026\/03\/Programa-Estagio-Foto-Jessica-Salles-SAD-18-scaled.jpg 1920w\" alt=\"\" width=\"1024\" height=\"683\" \/><\/a><\/div>\n<\/figure>\n<figure class=\"gallery-item\">\n<div class=\"gallery-icon landscape\"><a href=\"https:\/\/agenciadenoticias.ms.gov.br\/wp-content\/uploads\/2026\/03\/Programa-Estagio-Foto-Jessica-Salles-SAD-17-scaled.jpg\"><img loading=\"lazy\" decoding=\"async\" class=\"attachment-large size-large\" src=\"https:\/\/agenciadenoticias.ms.gov.br\/wp-content\/uploads\/2026\/03\/Programa-Estagio-Foto-Jessica-Salles-SAD-17-1024x683.jpg\" sizes=\"auto, (max-width: 1024px) 100vw, 1024px\" srcset=\"https:\/\/agenciadenoticias.ms.gov.br\/wp-content\/uploads\/2026\/03\/Programa-Estagio-Foto-Jessica-Salles-SAD-17-1024x683.jpg 1024w, https:\/\/agenciadenoticias.ms.gov.br\/wp-content\/uploads\/2026\/03\/Programa-Estagio-Foto-Jessica-Salles-SAD-17-300x200.jpg 300w, https:\/\/agenciadenoticias.ms.gov.br\/wp-content\/uploads\/2026\/03\/Programa-Estagio-Foto-Jessica-Salles-SAD-17-768x512.jpg 768w, https:\/\/agenciadenoticias.ms.gov.br\/wp-content\/uploads\/2026\/03\/Programa-Estagio-Foto-Jessica-Salles-SAD-17-1536x1024.jpg 1536w, https:\/\/agenciadenoticias.ms.gov.br\/wp-content\/uploads\/2026\/03\/Programa-Estagio-Foto-Jessica-Salles-SAD-17-2048x1365.jpg 2048w, https:\/\/agenciadenoticias.ms.gov.br\/wp-content\/uploads\/2026\/03\/Programa-Estagio-Foto-Jessica-Salles-SAD-17-350x232.jpg 350w, https:\/\/agenciadenoticias.ms.gov.br\/wp-content\/uploads\/2026\/03\/Programa-Estagio-Foto-Jessica-Salles-SAD-17-scaled.jpg 1920w\" alt=\"\" width=\"1024\" height=\"683\" \/><\/a><\/div>\n<\/figure>\n<figure class=\"gallery-item\">\n<div class=\"gallery-icon landscape\"><a href=\"https:\/\/agenciadenoticias.ms.gov.br\/wp-content\/uploads\/2026\/03\/Programa-Estagio-Foto-Jessica-Salles-SAD-16-scaled.jpg\"><img loading=\"lazy\" decoding=\"async\" class=\"attachment-large size-large\" src=\"https:\/\/agenciadenoticias.ms.gov.br\/wp-content\/uploads\/2026\/03\/Programa-Estagio-Foto-Jessica-Salles-SAD-16-1024x683.jpg\" sizes=\"auto, (max-width: 1024px) 100vw, 1024px\" srcset=\"https:\/\/agenciadenoticias.ms.gov.br\/wp-content\/uploads\/2026\/03\/Programa-Estagio-Foto-Jessica-Salles-SAD-16-1024x683.jpg 1024w, https:\/\/agenciadenoticias.ms.gov.br\/wp-content\/uploads\/2026\/03\/Programa-Estagio-Foto-Jessica-Salles-SAD-16-300x200.jpg 300w, https:\/\/agenciadenoticias.ms.gov.br\/wp-content\/uploads\/2026\/03\/Programa-Estagio-Foto-Jessica-Salles-SAD-16-768x512.jpg 768w, https:\/\/agenciadenoticias.ms.gov.br\/wp-content\/uploads\/2026\/03\/Programa-Estagio-Foto-Jessica-Salles-SAD-16-1536x1024.jpg 1536w, https:\/\/agenciadenoticias.ms.gov.br\/wp-content\/uploads\/2026\/03\/Programa-Estagio-Foto-Jessica-Salles-SAD-16-2048x1365.jpg 2048w, https:\/\/agenciadenoticias.ms.gov.br\/wp-content\/uploads\/2026\/03\/Programa-Estagio-Foto-Jessica-Salles-SAD-16-350x232.jpg 350w, https:\/\/agenciadenoticias.ms.gov.br\/wp-content\/uploads\/2026\/03\/Programa-Estagio-Foto-Jessica-Salles-SAD-16-scaled.jpg 1920w\" alt=\"\" width=\"1024\" height=\"683\" \/><\/a><\/div>\n<\/figure>\n<figure class=\"gallery-item\">\n<div class=\"gallery-icon landscape\"><a href=\"https:\/\/agenciadenoticias.ms.gov.br\/wp-content\/uploads\/2026\/03\/Programa-Estagio-Foto-Jessica-Salles-SAD-14-scaled.jpg\"><img loading=\"lazy\" decoding=\"async\" class=\"attachment-large size-large\" src=\"https:\/\/agenciadenoticias.ms.gov.br\/wp-content\/uploads\/2026\/03\/Programa-Estagio-Foto-Jessica-Salles-SAD-14-1024x683.jpg\" sizes=\"auto, (max-width: 1024px) 100vw, 1024px\" srcset=\"https:\/\/agenciadenoticias.ms.gov.br\/wp-content\/uploads\/2026\/03\/Programa-Estagio-Foto-Jessica-Salles-SAD-14-1024x683.jpg 1024w, https:\/\/agenciadenoticias.ms.gov.br\/wp-content\/uploads\/2026\/03\/Programa-Estagio-Foto-Jessica-Salles-SAD-14-300x200.jpg 300w, https:\/\/agenciadenoticias.ms.gov.br\/wp-content\/uploads\/2026\/03\/Programa-Estagio-Foto-Jessica-Salles-SAD-14-768x512.jpg 768w, https:\/\/agenciadenoticias.ms.gov.br\/wp-content\/uploads\/2026\/03\/Programa-Estagio-Foto-Jessica-Salles-SAD-14-1536x1024.jpg 1536w, https:\/\/agenciadenoticias.ms.gov.br\/wp-content\/uploads\/2026\/03\/Programa-Estagio-Foto-Jessica-Salles-SAD-14-2048x1365.jpg 2048w, https:\/\/agenciadenoticias.ms.gov.br\/wp-content\/uploads\/2026\/03\/Programa-Estagio-Foto-Jessica-Salles-SAD-14-350x232.jpg 350w, https:\/\/agenciadenoticias.ms.gov.br\/wp-content\/uploads\/2026\/03\/Programa-Estagio-Foto-Jessica-Salles-SAD-14-scaled.jpg 1920w\" alt=\"\" width=\"1024\" height=\"683\" \/><\/a><\/div>\n<\/figure>\n<figure class=\"gallery-item\">\n<div class=\"gallery-icon landscape\"><a href=\"https:\/\/agenciadenoticias.ms.gov.br\/wp-content\/uploads\/2026\/03\/Programa-Estagio-Foto-Jessica-Salles-SAD-13-scaled.jpg\"><img loading=\"lazy\" decoding=\"async\" class=\"attachment-large size-large\" src=\"https:\/\/agenciadenoticias.ms.gov.br\/wp-content\/uploads\/2026\/03\/Programa-Estagio-Foto-Jessica-Salles-SAD-13-1024x683.jpg\" sizes=\"auto, (max-width: 1024px) 100vw, 1024px\" srcset=\"https:\/\/agenciadenoticias.ms.gov.br\/wp-content\/uploads\/2026\/03\/Programa-Estagio-Foto-Jessica-Salles-SAD-13-1024x683.jpg 1024w, https:\/\/agenciadenoticias.ms.gov.br\/wp-content\/uploads\/2026\/03\/Programa-Estagio-Foto-Jessica-Salles-SAD-13-300x200.jpg 300w, https:\/\/agenciadenoticias.ms.gov.br\/wp-content\/uploads\/2026\/03\/Programa-Estagio-Foto-Jessica-Salles-SAD-13-768x512.jpg 768w, https:\/\/agenciadenoticias.ms.gov.br\/wp-content\/uploads\/2026\/03\/Programa-Estagio-Foto-Jessica-Salles-SAD-13-1536x1024.jpg 1536w, https:\/\/agenciadenoticias.ms.gov.br\/wp-content\/uploads\/2026\/03\/Programa-Estagio-Foto-Jessica-Salles-SAD-13-2048x1365.jpg 2048w, https:\/\/agenciadenoticias.ms.gov.br\/wp-content\/uploads\/2026\/03\/Programa-Estagio-Foto-Jessica-Salles-SAD-13-350x232.jpg 350w, https:\/\/agenciadenoticias.ms.gov.br\/wp-content\/uploads\/2026\/03\/Programa-Estagio-Foto-Jessica-Salles-SAD-13-scaled.jpg 1920w\" alt=\"\" width=\"1024\" height=\"683\" \/><\/a><\/div>\n<\/figure>\n<figure class=\"gallery-item\">\n<div class=\"gallery-icon landscape\"><a href=\"https:\/\/agenciadenoticias.ms.gov.br\/wp-content\/uploads\/2026\/03\/Programa-Estagio-Foto-Jessica-Salles-SAD-8-scaled.jpg\"><img loading=\"lazy\" decoding=\"async\" class=\"attachment-large size-large\" src=\"https:\/\/agenciadenoticias.ms.gov.br\/wp-content\/uploads\/2026\/03\/Programa-Estagio-Foto-Jessica-Salles-SAD-8-1024x683.jpg\" sizes=\"auto, (max-width: 1024px) 100vw, 1024px\" srcset=\"https:\/\/agenciadenoticias.ms.gov.br\/wp-content\/uploads\/2026\/03\/Programa-Estagio-Foto-Jessica-Salles-SAD-8-1024x683.jpg 1024w, https:\/\/agenciadenoticias.ms.gov.br\/wp-content\/uploads\/2026\/03\/Programa-Estagio-Foto-Jessica-Salles-SAD-8-300x200.jpg 300w, https:\/\/agenciadenoticias.ms.gov.br\/wp-content\/uploads\/2026\/03\/Programa-Estagio-Foto-Jessica-Salles-SAD-8-768x512.jpg 768w, https:\/\/agenciadenoticias.ms.gov.br\/wp-content\/uploads\/2026\/03\/Programa-Estagio-Foto-Jessica-Salles-SAD-8-1536x1024.jpg 1536w, https:\/\/agenciadenoticias.ms.gov.br\/wp-content\/uploads\/2026\/03\/Programa-Estagio-Foto-Jessica-Salles-SAD-8-2048x1365.jpg 2048w, https:\/\/agenciadenoticias.ms.gov.br\/wp-content\/uploads\/2026\/03\/Programa-Estagio-Foto-Jessica-Salles-SAD-8-350x232.jpg 350w, https:\/\/agenciadenoticias.ms.gov.br\/wp-content\/uploads\/2026\/03\/Programa-Estagio-Foto-Jessica-Salles-SAD-8-scaled.jpg 1920w\" alt=\"\" width=\"1024\" height=\"683\" \/><\/a><\/div>\n<\/figure>\n<figure class=\"gallery-item\">\n<div class=\"gallery-icon landscape\"><a href=\"https:\/\/agenciadenoticias.ms.gov.br\/wp-content\/uploads\/2026\/03\/Programa-Estagio-Foto-Jessica-Salles-SAD-7-scaled.jpg\"><img loading=\"lazy\" decoding=\"async\" class=\"attachment-large size-large\" src=\"https:\/\/agenciadenoticias.ms.gov.br\/wp-content\/uploads\/2026\/03\/Programa-Estagio-Foto-Jessica-Salles-SAD-7-1024x683.jpg\" sizes=\"auto, (max-width: 1024px) 100vw, 1024px\" srcset=\"https:\/\/agenciadenoticias.ms.gov.br\/wp-content\/uploads\/2026\/03\/Programa-Estagio-Foto-Jessica-Salles-SAD-7-1024x683.jpg 1024w, https:\/\/agenciadenoticias.ms.gov.br\/wp-content\/uploads\/2026\/03\/Programa-Estagio-Foto-Jessica-Salles-SAD-7-300x200.jpg 300w, https:\/\/agenciadenoticias.ms.gov.br\/wp-content\/uploads\/2026\/03\/Programa-Estagio-Foto-Jessica-Salles-SAD-7-768x512.jpg 768w, https:\/\/agenciadenoticias.ms.gov.br\/wp-content\/uploads\/2026\/03\/Programa-Estagio-Foto-Jessica-Salles-SAD-7-1536x1024.jpg 1536w, https:\/\/agenciadenoticias.ms.gov.br\/wp-content\/uploads\/2026\/03\/Programa-Estagio-Foto-Jessica-Salles-SAD-7-2048x1365.jpg 2048w, https:\/\/agenciadenoticias.ms.gov.br\/wp-content\/uploads\/2026\/03\/Programa-Estagio-Foto-Jessica-Salles-SAD-7-350x232.jpg 350w, https:\/\/agenciadenoticias.ms.gov.br\/wp-content\/uploads\/2026\/03\/Programa-Estagio-Foto-Jessica-Salles-SAD-7-scaled.jpg 1920w\" alt=\"\" width=\"1024\" height=\"683\" \/><\/a><\/div>\n<\/figure>\n<figure class=\"gallery-item\">\n<div class=\"gallery-icon landscape\"><a href=\"https:\/\/agenciadenoticias.ms.gov.br\/wp-content\/uploads\/2026\/03\/Programa-Estagio-Foto-Jessica-Salles-SAD-6-scaled.jpg\"><img loading=\"lazy\" decoding=\"async\" class=\"attachment-large size-large\" src=\"https:\/\/agenciadenoticias.ms.gov.br\/wp-content\/uploads\/2026\/03\/Programa-Estagio-Foto-Jessica-Salles-SAD-6-1024x683.jpg\" sizes=\"auto, (max-width: 1024px) 100vw, 1024px\" srcset=\"https:\/\/agenciadenoticias.ms.gov.br\/wp-content\/uploads\/2026\/03\/Programa-Estagio-Foto-Jessica-Salles-SAD-6-1024x683.jpg 1024w, https:\/\/agenciadenoticias.ms.gov.br\/wp-content\/uploads\/2026\/03\/Programa-Estagio-Foto-Jessica-Salles-SAD-6-300x200.jpg 300w, https:\/\/agenciadenoticias.ms.gov.br\/wp-content\/uploads\/2026\/03\/Programa-Estagio-Foto-Jessica-Salles-SAD-6-768x512.jpg 768w, https:\/\/agenciadenoticias.ms.gov.br\/wp-content\/uploads\/2026\/03\/Programa-Estagio-Foto-Jessica-Salles-SAD-6-1536x1024.jpg 1536w, https:\/\/agenciadenoticias.ms.gov.br\/wp-content\/uploads\/2026\/03\/Programa-Estagio-Foto-Jessica-Salles-SAD-6-2048x1365.jpg 2048w, https:\/\/agenciadenoticias.ms.gov.br\/wp-content\/uploads\/2026\/03\/Programa-Estagio-Foto-Jessica-Salles-SAD-6-350x232.jpg 350w, https:\/\/agenciadenoticias.ms.gov.br\/wp-content\/uploads\/2026\/03\/Programa-Estagio-Foto-Jessica-Salles-SAD-6-scaled.jpg 1920w\" alt=\"\" width=\"1024\" height=\"683\" \/><\/a><\/div>\n<\/figure>\n<figure class=\"gallery-item\">\n<div class=\"gallery-icon landscape\"><a href=\"https:\/\/agenciadenoticias.ms.gov.br\/wp-content\/uploads\/2026\/03\/Programa-Estagio-Foto-Jessica-Salles-SAD-5-scaled.jpg\"><img loading=\"lazy\" decoding=\"async\" class=\"attachment-large size-large\" src=\"https:\/\/agenciadenoticias.ms.gov.br\/wp-content\/uploads\/2026\/03\/Programa-Estagio-Foto-Jessica-Salles-SAD-5-1024x683.jpg\" sizes=\"auto, (max-width: 1024px) 100vw, 1024px\" srcset=\"https:\/\/agenciadenoticias.ms.gov.br\/wp-content\/uploads\/2026\/03\/Programa-Estagio-Foto-Jessica-Salles-SAD-5-1024x683.jpg 1024w, https:\/\/agenciadenoticias.ms.gov.br\/wp-content\/uploads\/2026\/03\/Programa-Estagio-Foto-Jessica-Salles-SAD-5-300x200.jpg 300w, https:\/\/agenciadenoticias.ms.gov.br\/wp-content\/uploads\/2026\/03\/Programa-Estagio-Foto-Jessica-Salles-SAD-5-768x512.jpg 768w, https:\/\/agenciadenoticias.ms.gov.br\/wp-content\/uploads\/2026\/03\/Programa-Estagio-Foto-Jessica-Salles-SAD-5-1536x1024.jpg 1536w, https:\/\/agenciadenoticias.ms.gov.br\/wp-content\/uploads\/2026\/03\/Programa-Estagio-Foto-Jessica-Salles-SAD-5-2048x1365.jpg 2048w, https:\/\/agenciadenoticias.ms.gov.br\/wp-content\/uploads\/2026\/03\/Programa-Estagio-Foto-Jessica-Salles-SAD-5-350x232.jpg 350w, https:\/\/agenciadenoticias.ms.gov.br\/wp-content\/uploads\/2026\/03\/Programa-Estagio-Foto-Jessica-Salles-SAD-5-scaled.jpg 1920w\" alt=\"\" width=\"1024\" height=\"683\" \/><\/a><\/div>\n<\/figure>\n<figure class=\"gallery-item\">\n<div class=\"gallery-icon landscape\"><a href=\"https:\/\/agenciadenoticias.ms.gov.br\/wp-content\/uploads\/2026\/03\/Programa-Estagio-Foto-Jessica-Salles-SAD-4-scaled.jpg\"><img loading=\"lazy\" decoding=\"async\" class=\"attachment-large size-large\" src=\"https:\/\/agenciadenoticias.ms.gov.br\/wp-content\/uploads\/2026\/03\/Programa-Estagio-Foto-Jessica-Salles-SAD-4-1024x683.jpg\" sizes=\"auto, (max-width: 1024px) 100vw, 1024px\" srcset=\"https:\/\/agenciadenoticias.ms.gov.br\/wp-content\/uploads\/2026\/03\/Programa-Estagio-Foto-Jessica-Salles-SAD-4-1024x683.jpg 1024w, https:\/\/agenciadenoticias.ms.gov.br\/wp-content\/uploads\/2026\/03\/Programa-Estagio-Foto-Jessica-Salles-SAD-4-300x200.jpg 300w, https:\/\/agenciadenoticias.ms.gov.br\/wp-content\/uploads\/2026\/03\/Programa-Estagio-Foto-Jessica-Salles-SAD-4-768x512.jpg 768w, https:\/\/agenciadenoticias.ms.gov.br\/wp-content\/uploads\/2026\/03\/Programa-Estagio-Foto-Jessica-Salles-SAD-4-1536x1024.jpg 1536w, https:\/\/agenciadenoticias.ms.gov.br\/wp-content\/uploads\/2026\/03\/Programa-Estagio-Foto-Jessica-Salles-SAD-4-2048x1365.jpg 2048w, https:\/\/agenciadenoticias.ms.gov.br\/wp-content\/uploads\/2026\/03\/Programa-Estagio-Foto-Jessica-Salles-SAD-4-350x232.jpg 350w, https:\/\/agenciadenoticias.ms.gov.br\/wp-content\/uploads\/2026\/03\/Programa-Estagio-Foto-Jessica-Salles-SAD-4-scaled.jpg 1920w\" alt=\"\" width=\"1024\" height=\"683\" \/><\/a><\/div>\n<\/figure>\n<figure class=\"gallery-item\">\n<div class=\"gallery-icon landscape\"><a href=\"https:\/\/agenciadenoticias.ms.gov.br\/wp-content\/uploads\/2026\/03\/Programa-Estagio-Foto-Jessica-Salles-SAD-22-scaled.jpg\"><img loading=\"lazy\" decoding=\"async\" class=\"attachment-large size-large\" src=\"https:\/\/agenciadenoticias.ms.gov.br\/wp-content\/uploads\/2026\/03\/Programa-Estagio-Foto-Jessica-Salles-SAD-22-1024x683.jpg\" sizes=\"auto, (max-width: 1024px) 100vw, 1024px\" srcset=\"https:\/\/agenciadenoticias.ms.gov.br\/wp-content\/uploads\/2026\/03\/Programa-Estagio-Foto-Jessica-Salles-SAD-22-1024x683.jpg 1024w, https:\/\/agenciadenoticias.ms.gov.br\/wp-content\/uploads\/2026\/03\/Programa-Estagio-Foto-Jessica-Salles-SAD-22-300x200.jpg 300w, https:\/\/agenciadenoticias.ms.gov.br\/wp-content\/uploads\/2026\/03\/Programa-Estagio-Foto-Jessica-Salles-SAD-22-768x512.jpg 768w, https:\/\/agenciadenoticias.ms.gov.br\/wp-content\/uploads\/2026\/03\/Programa-Estagio-Foto-Jessica-Salles-SAD-22-1536x1024.jpg 1536w, https:\/\/agenciadenoticias.ms.gov.br\/wp-content\/uploads\/2026\/03\/Programa-Estagio-Foto-Jessica-Salles-SAD-22-2048x1365.jpg 2048w, https:\/\/agenciadenoticias.ms.gov.br\/wp-content\/uploads\/2026\/03\/Programa-Estagio-Foto-Jessica-Salles-SAD-22-350x232.jpg 350w, https:\/\/agenciadenoticias.ms.gov.br\/wp-content\/uploads\/2026\/03\/Programa-Estagio-Foto-Jessica-Salles-SAD-22-scaled.jpg 1920w\" alt=\"\" width=\"1024\" height=\"683\" \/><\/a><\/div>\n<\/figure>\n<\/div>\n<p><b>Forma\u00e7\u00e3o voltada \u00e0 inova\u00e7\u00e3o e sustentabilidade<\/b><\/p>\n<p>Um dos diferenciais do programa \u00e9 a incorpora\u00e7\u00e3o de pr\u00e1ticas e conte\u00fados ligados \u00e0 agenda ESG (Ambiental, Social e Governan\u00e7a) e \u00e0 Agenda Ambiental na Administra\u00e7\u00e3o P\u00fablica (A3P), que orientam a\u00e7\u00f5es de sustentabilidade e responsabilidade institucional no setor p\u00fablico. Al\u00e9m das atividades pr\u00e1ticas nos \u00f3rg\u00e3os estaduais, os estagi\u00e1rios participar\u00e3o de forma\u00e7\u00e3o continuada promovida pela Escolagov, com conte\u00fados voltados \u00e0 Administra\u00e7\u00e3o P\u00fablica, \u00e9tica, governan\u00e7a e sustentabilidade.<\/p>\n<p>Durante o per\u00edodo de est\u00e1gio, os participantes tamb\u00e9m desenvolver\u00e3o projetos estrat\u00e9gicos coletivos voltados \u00e0 inova\u00e7\u00e3o, governan\u00e7a e sustentabilidade, com acompanhamento de mentores de inova\u00e7\u00e3o.<\/p>\n<p>Segundo Felini, a proposta \u00e9 que os estudantes atuem como agentes de desenvolvimento em ESG, contribuindo para a constru\u00e7\u00e3o de solu\u00e7\u00f5es e melhorias na gest\u00e3o p\u00fablica. \u201cEstamos preparando os estagi\u00e1rios para compreender o funcionamento do Estado e tamb\u00e9m para pensar solu\u00e7\u00f5es inovadoras que fortale\u00e7am a governan\u00e7a, a responsabilidade social e a sustentabilidade na Administra\u00e7\u00e3o P\u00fablica\u201d, afirmou.<\/p>\n<p><b>Etapas da sele\u00e7\u00e3o<\/b><\/p>\n<p>O processo seletivo ser\u00e1 composto por duas etapas eliminat\u00f3rias e classificat\u00f3rias: An\u00e1lise da m\u00e9dia geral do hist\u00f3rico escolar, com nota m\u00ednima de 6,0 e Curso de forma\u00e7\u00e3o on-line, com carga hor\u00e1ria de 30 horas, promovido pela Escolagov-MS. A nota final ser\u00e1 calculada entre a m\u00e9dia acad\u00eamica do candidato e a nota obtida no curso de forma\u00e7\u00e3o.<\/p>\n<p>O curso ser\u00e1 dividido em tr\u00eas m\u00f3dulos:<\/p>\n<ul>\n<li aria-level=\"1\">Estrutura do Estado e organiza\u00e7\u00e3o da administra\u00e7\u00e3o p\u00fablica<\/li>\n<li aria-level=\"1\">Normas e legisla\u00e7\u00e3o do est\u00e1gio p\u00fablico<\/li>\n<li aria-level=\"1\">Introdu\u00e7\u00e3o ao ESG no setor p\u00fablico<\/li>\n<\/ul>\n<div id=\"gallery-2\" class=\"gallery galleryid-535908 gallery-columns-3 gallery-size-large\">\n<figure class=\"gallery-item\">\n<div class=\"gallery-icon landscape\"><a href=\"https:\/\/agenciadenoticias.ms.gov.br\/wp-content\/uploads\/2026\/03\/Programa-Estagio-Foto-Jessica-Salles-SAD-1-scaled.jpg\"><img loading=\"lazy\" decoding=\"async\" class=\"attachment-large size-large\" src=\"https:\/\/agenciadenoticias.ms.gov.br\/wp-content\/uploads\/2026\/03\/Programa-Estagio-Foto-Jessica-Salles-SAD-1-1024x683.jpg\" sizes=\"auto, (max-width: 1024px) 100vw, 1024px\" srcset=\"https:\/\/agenciadenoticias.ms.gov.br\/wp-content\/uploads\/2026\/03\/Programa-Estagio-Foto-Jessica-Salles-SAD-1-1024x683.jpg 1024w, https:\/\/agenciadenoticias.ms.gov.br\/wp-content\/uploads\/2026\/03\/Programa-Estagio-Foto-Jessica-Salles-SAD-1-300x200.jpg 300w, https:\/\/agenciadenoticias.ms.gov.br\/wp-content\/uploads\/2026\/03\/Programa-Estagio-Foto-Jessica-Salles-SAD-1-768x512.jpg 768w, https:\/\/agenciadenoticias.ms.gov.br\/wp-content\/uploads\/2026\/03\/Programa-Estagio-Foto-Jessica-Salles-SAD-1-1536x1024.jpg 1536w, https:\/\/agenciadenoticias.ms.gov.br\/wp-content\/uploads\/2026\/03\/Programa-Estagio-Foto-Jessica-Salles-SAD-1-2048x1365.jpg 2048w, https:\/\/agenciadenoticias.ms.gov.br\/wp-content\/uploads\/2026\/03\/Programa-Estagio-Foto-Jessica-Salles-SAD-1-350x232.jpg 350w, https:\/\/agenciadenoticias.ms.gov.br\/wp-content\/uploads\/2026\/03\/Programa-Estagio-Foto-Jessica-Salles-SAD-1-scaled.jpg 1920w\" alt=\"\" width=\"1024\" height=\"683\" \/><\/a><\/div>\n<\/figure>\n<figure class=\"gallery-item\">\n<div class=\"gallery-icon landscape\"><a href=\"https:\/\/agenciadenoticias.ms.gov.br\/wp-content\/uploads\/2026\/03\/Programa-Estagio-Foto-Jessica-Salles-SAD-2-scaled.jpg\"><img loading=\"lazy\" decoding=\"async\" class=\"attachment-large size-large\" src=\"https:\/\/agenciadenoticias.ms.gov.br\/wp-content\/uploads\/2026\/03\/Programa-Estagio-Foto-Jessica-Salles-SAD-2-1024x683.jpg\" sizes=\"auto, (max-width: 1024px) 100vw, 1024px\" srcset=\"https:\/\/agenciadenoticias.ms.gov.br\/wp-content\/uploads\/2026\/03\/Programa-Estagio-Foto-Jessica-Salles-SAD-2-1024x683.jpg 1024w, https:\/\/agenciadenoticias.ms.gov.br\/wp-content\/uploads\/2026\/03\/Programa-Estagio-Foto-Jessica-Salles-SAD-2-300x200.jpg 300w, https:\/\/agenciadenoticias.ms.gov.br\/wp-content\/uploads\/2026\/03\/Programa-Estagio-Foto-Jessica-Salles-SAD-2-768x512.jpg 768w, https:\/\/agenciadenoticias.ms.gov.br\/wp-content\/uploads\/2026\/03\/Programa-Estagio-Foto-Jessica-Salles-SAD-2-1536x1024.jpg 1536w, https:\/\/agenciadenoticias.ms.gov.br\/wp-content\/uploads\/2026\/03\/Programa-Estagio-Foto-Jessica-Salles-SAD-2-2048x1365.jpg 2048w, https:\/\/agenciadenoticias.ms.gov.br\/wp-content\/uploads\/2026\/03\/Programa-Estagio-Foto-Jessica-Salles-SAD-2-350x232.jpg 350w, https:\/\/agenciadenoticias.ms.gov.br\/wp-content\/uploads\/2026\/03\/Programa-Estagio-Foto-Jessica-Salles-SAD-2-scaled.jpg 1920w\" alt=\"\" width=\"1024\" height=\"683\" \/><\/a><\/div>\n<\/figure>\n<figure class=\"gallery-item\">\n<div class=\"gallery-icon landscape\"><a href=\"https:\/\/agenciadenoticias.ms.gov.br\/wp-content\/uploads\/2026\/03\/Programa-Estagio-Foto-Jessica-Salles-SAD-3-scaled.jpg\"><img loading=\"lazy\" decoding=\"async\" class=\"attachment-large size-large\" src=\"https:\/\/agenciadenoticias.ms.gov.br\/wp-content\/uploads\/2026\/03\/Programa-Estagio-Foto-Jessica-Salles-SAD-3-1024x683.jpg\" sizes=\"auto, (max-width: 1024px) 100vw, 1024px\" srcset=\"https:\/\/agenciadenoticias.ms.gov.br\/wp-content\/uploads\/2026\/03\/Programa-Estagio-Foto-Jessica-Salles-SAD-3-1024x683.jpg 1024w, https:\/\/agenciadenoticias.ms.gov.br\/wp-content\/uploads\/2026\/03\/Programa-Estagio-Foto-Jessica-Salles-SAD-3-300x200.jpg 300w, https:\/\/agenciadenoticias.ms.gov.br\/wp-content\/uploads\/2026\/03\/Programa-Estagio-Foto-Jessica-Salles-SAD-3-768x512.jpg 768w, https:\/\/agenciadenoticias.ms.gov.br\/wp-content\/uploads\/2026\/03\/Programa-Estagio-Foto-Jessica-Salles-SAD-3-1536x1024.jpg 1536w, https:\/\/agenciadenoticias.ms.gov.br\/wp-content\/uploads\/2026\/03\/Programa-Estagio-Foto-Jessica-Salles-SAD-3-2048x1365.jpg 2048w, https:\/\/agenciadenoticias.ms.gov.br\/wp-content\/uploads\/2026\/03\/Programa-Estagio-Foto-Jessica-Salles-SAD-3-350x232.jpg 350w, https:\/\/agenciadenoticias.ms.gov.br\/wp-content\/uploads\/2026\/03\/Programa-Estagio-Foto-Jessica-Salles-SAD-3-scaled.jpg 1920w\" alt=\"\" width=\"1024\" height=\"683\" \/><\/a><\/div>\n<\/figure>\n<figure class=\"gallery-item\">\n<div class=\"gallery-icon landscape\"><a href=\"https:\/\/agenciadenoticias.ms.gov.br\/wp-content\/uploads\/2026\/03\/Programa-Estagio-Foto-Jessica-Salles-SAD-11-scaled.jpg\"><img loading=\"lazy\" decoding=\"async\" class=\"attachment-large size-large\" src=\"https:\/\/agenciadenoticias.ms.gov.br\/wp-content\/uploads\/2026\/03\/Programa-Estagio-Foto-Jessica-Salles-SAD-11-1024x683.jpg\" sizes=\"auto, (max-width: 1024px) 100vw, 1024px\" srcset=\"https:\/\/agenciadenoticias.ms.gov.br\/wp-content\/uploads\/2026\/03\/Programa-Estagio-Foto-Jessica-Salles-SAD-11-1024x683.jpg 1024w, https:\/\/agenciadenoticias.ms.gov.br\/wp-content\/uploads\/2026\/03\/Programa-Estagio-Foto-Jessica-Salles-SAD-11-300x200.jpg 300w, https:\/\/agenciadenoticias.ms.gov.br\/wp-content\/uploads\/2026\/03\/Programa-Estagio-Foto-Jessica-Salles-SAD-11-768x512.jpg 768w, https:\/\/agenciadenoticias.ms.gov.br\/wp-content\/uploads\/2026\/03\/Programa-Estagio-Foto-Jessica-Salles-SAD-11-1536x1024.jpg 1536w, https:\/\/agenciadenoticias.ms.gov.br\/wp-content\/uploads\/2026\/03\/Programa-Estagio-Foto-Jessica-Salles-SAD-11-2048x1365.jpg 2048w, https:\/\/agenciadenoticias.ms.gov.br\/wp-content\/uploads\/2026\/03\/Programa-Estagio-Foto-Jessica-Salles-SAD-11-350x232.jpg 350w, https:\/\/agenciadenoticias.ms.gov.br\/wp-content\/uploads\/2026\/03\/Programa-Estagio-Foto-Jessica-Salles-SAD-11-scaled.jpg 1920w\" alt=\"\" width=\"1024\" height=\"683\" \/><\/a><\/div>\n<\/figure>\n<figure class=\"gallery-item\">\n<div class=\"gallery-icon landscape\"><a href=\"https:\/\/agenciadenoticias.ms.gov.br\/wp-content\/uploads\/2026\/03\/Programa-Estagio-Foto-Jessica-Salles-SAD-12-scaled.jpg\"><img loading=\"lazy\" decoding=\"async\" class=\"attachment-large size-large\" src=\"https:\/\/agenciadenoticias.ms.gov.br\/wp-content\/uploads\/2026\/03\/Programa-Estagio-Foto-Jessica-Salles-SAD-12-1024x683.jpg\" sizes=\"auto, (max-width: 1024px) 100vw, 1024px\" srcset=\"https:\/\/agenciadenoticias.ms.gov.br\/wp-content\/uploads\/2026\/03\/Programa-Estagio-Foto-Jessica-Salles-SAD-12-1024x683.jpg 1024w, https:\/\/agenciadenoticias.ms.gov.br\/wp-content\/uploads\/2026\/03\/Programa-Estagio-Foto-Jessica-Salles-SAD-12-300x200.jpg 300w, https:\/\/agenciadenoticias.ms.gov.br\/wp-content\/uploads\/2026\/03\/Programa-Estagio-Foto-Jessica-Salles-SAD-12-768x512.jpg 768w, https:\/\/agenciadenoticias.ms.gov.br\/wp-content\/uploads\/2026\/03\/Programa-Estagio-Foto-Jessica-Salles-SAD-12-1536x1024.jpg 1536w, https:\/\/agenciadenoticias.ms.gov.br\/wp-content\/uploads\/2026\/03\/Programa-Estagio-Foto-Jessica-Salles-SAD-12-2048x1365.jpg 2048w, https:\/\/agenciadenoticias.ms.gov.br\/wp-content\/uploads\/2026\/03\/Programa-Estagio-Foto-Jessica-Salles-SAD-12-350x232.jpg 350w, https:\/\/agenciadenoticias.ms.gov.br\/wp-content\/uploads\/2026\/03\/Programa-Estagio-Foto-Jessica-Salles-SAD-12-scaled.jpg 1920w\" alt=\"\" width=\"1024\" height=\"683\" \/><\/a><\/div>\n<\/figure>\n<figure class=\"gallery-item\">\n<div class=\"gallery-icon landscape\"><a href=\"https:\/\/agenciadenoticias.ms.gov.br\/wp-content\/uploads\/2026\/03\/Programa-Estagio-Foto-Jessica-Salles-SAD-9-scaled.jpg\"><img loading=\"lazy\" decoding=\"async\" class=\"attachment-large size-large\" src=\"https:\/\/agenciadenoticias.ms.gov.br\/wp-content\/uploads\/2026\/03\/Programa-Estagio-Foto-Jessica-Salles-SAD-9-1024x683.jpg\" sizes=\"auto, (max-width: 1024px) 100vw, 1024px\" srcset=\"https:\/\/agenciadenoticias.ms.gov.br\/wp-content\/uploads\/2026\/03\/Programa-Estagio-Foto-Jessica-Salles-SAD-9-1024x683.jpg 1024w, https:\/\/agenciadenoticias.ms.gov.br\/wp-content\/uploads\/2026\/03\/Programa-Estagio-Foto-Jessica-Salles-SAD-9-300x200.jpg 300w, https:\/\/agenciadenoticias.ms.gov.br\/wp-content\/uploads\/2026\/03\/Programa-Estagio-Foto-Jessica-Salles-SAD-9-768x512.jpg 768w, https:\/\/agenciadenoticias.ms.gov.br\/wp-content\/uploads\/2026\/03\/Programa-Estagio-Foto-Jessica-Salles-SAD-9-1536x1024.jpg 1536w, https:\/\/agenciadenoticias.ms.gov.br\/wp-content\/uploads\/2026\/03\/Programa-Estagio-Foto-Jessica-Salles-SAD-9-2048x1365.jpg 2048w, https:\/\/agenciadenoticias.ms.gov.br\/wp-content\/uploads\/2026\/03\/Programa-Estagio-Foto-Jessica-Salles-SAD-9-350x232.jpg 350w, https:\/\/agenciadenoticias.ms.gov.br\/wp-content\/uploads\/2026\/03\/Programa-Estagio-Foto-Jessica-Salles-SAD-9-scaled.jpg 1920w\" alt=\"\" width=\"1024\" height=\"683\" \/><\/a><\/div>\n<\/figure>\n<\/div>\n<p><b>Cronograma<\/b><\/p>\n<ul>\n<li aria-level=\"1\">Publica\u00e7\u00e3o do edital: 10 de mar\u00e7o de 2026<\/li>\n<li aria-level=\"1\">Per\u00edodo de inscri\u00e7\u00f5es: 13 a 23 de mar\u00e7o de 2026<\/li>\n<li aria-level=\"1\">Resultado final: 18 de maio de 2026<\/li>\n<li aria-level=\"1\">Previs\u00e3o de in\u00edcio dos est\u00e1gios: a partir de 1\u00ba de junho de 2026, conforme a abertura de vagas nos \u00f3rg\u00e3os estaduais.<\/li>\n<\/ul>\n<p>O edital completo e todas as informa\u00e7\u00f5es do processo seletivo est\u00e3o dispon\u00edveis no Di\u00e1rio Oficial n. 12.095, em\u00a0<a href=\"https:\/\/www.diariooficial.ms.gov.br\/\">https:\/\/www.diariooficial.ms.gov.br\/<\/a>.<\/p>\n","protected":false},"excerpt":{"rendered":"<p>O Governo de Mato Grosso do Sul publicou, no\u00a0Di\u00e1rio Oficial n. 12.095, desta ter\u00e7a-feira (10),&#8230;<\/p>\n","protected":false},"author":13,"featured_media":11779479,"comment_status":"closed","ping_status":"closed","sticky":false,"template":"","format":"standard","meta":{"footnotes":""},"categories":[8],"tags":[],"class_list":["post-11779478","post","type-post","status-publish","format-standard","has-post-thumbnail","hentry","category-destaque"],"_links":{"self":[{"href":"https:\/\/www.corumbaonline.com.br\/news\/wp-json\/wp\/v2\/posts\/11779478","targetHints":{"allow":["GET"]}}],"collection":[{"href":"https:\/\/www.corumbaonline.com.br\/news\/wp-json\/wp\/v2\/posts"}],"about":[{"href":"https:\/\/www.corumbaonline.com.br\/news\/wp-json\/wp\/v2\/types\/post"}],"author":[{"embeddable":true,"href":"https:\/\/www.corumbaonline.com.br\/news\/wp-json\/wp\/v2\/users\/13"}],"replies":[{"embeddable":true,"href":"https:\/\/www.corumbaonline.com.br\/news\/wp-json\/wp\/v2\/comments?post=11779478"}],"version-history":[{"count":1,"href":"https:\/\/www.corumbaonline.com.br\/news\/wp-json\/wp\/v2\/posts\/11779478\/revisions"}],"predecessor-version":[{"id":11779480,"href":"https:\/\/www.corumbaonline.com.br\/news\/wp-json\/wp\/v2\/posts\/11779478\/revisions\/11779480"}],"wp:featuredmedia":[{"embeddable":true,"href":"https:\/\/www.corumbaonline.com.br\/news\/wp-json\/wp\/v2\/media\/11779479"}],"wp:attachment":[{"href":"https:\/\/www.corumbaonline.com.br\/news\/wp-json\/wp\/v2\/media?parent=11779478"}],"wp:term":[{"taxonomy":"category","embeddable":true,"href":"https:\/\/www.corumbaonline.com.br\/news\/wp-json\/wp\/v2\/categories?post=11779478"},{"taxonomy":"post_tag","embeddable":true,"href":"https:\/\/www.corumbaonline.com.br\/news\/wp-json\/wp\/v2\/tags?post=11779478"}],"curies":[{"name":"wp","href":"https:\/\/api.w.org\/{rel}","templated":true}]}}