{"id":11779500,"date":"2026-03-11T11:01:00","date_gmt":"2026-03-11T15:01:00","guid":{"rendered":"https:\/\/www.corumbaonline.com.br\/news\/?p=11779500"},"modified":"2026-03-11T10:25:36","modified_gmt":"2026-03-11T14:25:36","slug":"fies-2026-pre-selecionados-tem-quarta-para-completar-cadastro","status":"publish","type":"post","link":"https:\/\/www.corumbaonline.com.br\/news\/fies-2026-pre-selecionados-tem-quarta-para-completar-cadastro\/","title":{"rendered":"Fies 2026: pr\u00e9-selecionados t\u00eam quarta para completar cadastro"},"content":{"rendered":"<p>Os estudantes pr\u00e9-selecionados,\u00a0por meio da lista de espera,\u00a0para vagas do Fundo de Financiamento Estudantil (Fies) para o primeiro semestre de 2026, devem fazer a complementa\u00e7\u00e3o da inscri\u00e7\u00e3o na\u00a0<a href=\"https:\/\/acessounico.mec.gov.br\/fies\" target=\"_blank\" rel=\"noopener\">p\u00e1gina do programa<\/a>\u00a0at\u00e9 as 23h59 desta quarta-feira (11), no hor\u00e1rio de Bras\u00edlia.<img decoding=\"async\" src=\"https:\/\/agenciabrasil.ebc.com.br\/ebc.png?id=1681450&amp;o=node\" \/><img decoding=\"async\" src=\"https:\/\/agenciabrasil.ebc.com.br\/ebc.gif?id=1681450&amp;o=node\" \/><\/p>\n<p>O Fies oferece financiamento a estudantes de baixa renda em cursos de gradua\u00e7\u00e3o\u00a0em institui\u00e7\u00f5es privadas de ensino superior.\u00a0O Minist\u00e9rio da Educa\u00e7\u00e3o (MEC) fez uma nova convoca\u00e7\u00e3o de estudantes no s\u00e1bado (7) e os nomes dos pr\u00e9-selecionados podem ser conferidos no Portal \u00danico de Acesso ao Ensino Superior,\u00a0<a href=\"https:\/\/acessounico.mec.gov.br\/fies\" target=\"_blank\" rel=\"noopener\">na aba do Fies<\/a>, por meio do login na plataforma Gov.br.<\/p>\n<p>A complementa\u00e7\u00e3o do cadastro \u00e9 uma fase obrigat\u00f3ria para seguir no processo de contrata\u00e7\u00e3o do financiamento estudantil.<\/p>\n<h2>Informa\u00e7\u00f5es complementares<\/h2>\n<p>Os interessados selecionados devem complementar informa\u00e7\u00f5es que n\u00e3o foram solicitadas na inscri\u00e7\u00e3o inicial, como por exemplo a confirma\u00e7\u00e3o do endere\u00e7o e contatos de e-mail telefone, al\u00e9m da composi\u00e7\u00e3o do grupo familiar. Tamb\u00e9m s\u00e3o solicitados dados relacionados ao curso pretendido, como o semestre de ingresso na faculdade e o valor da mensalidade, al\u00e9m do banco onde formalizar\u00e1 o contrato;\u00a0percentual do financiamento estudantil, entre outros.<\/p>\n<p>De acordo com o\u00a0<a href=\"https:\/\/www.gov.br\/mec\/pt-br\/fies\/arquivos\/2026\/edital_n_3_21012026.pdf\" target=\"_blank\" rel=\"noopener\">edital do Fies 2026<\/a>, o pr\u00e9-selecionado \u00e0 vaga do Fies Social tamb\u00e9m poder\u00e1 solicitar a contrata\u00e7\u00e3o de financiamento integral, com a cobertura de at\u00e9 100% dos encargos educacionais cobrados pela faculdade privada.<\/p>\n<p>Essa modalidade beneficia estudantes com renda familiar por pessoa de at\u00e9 meio sal\u00e1rio m\u00ednimo (R$ 810,50, em 2026) e com inscri\u00e7\u00e3o ativa no Cadastro \u00danico de Programas Sociais do governo federal (Cad\u00danico).<\/p>\n<h2>Pr\u00f3ximas fases<\/h2>\n<p>Ap\u00f3s a etapa da complementa\u00e7\u00e3o online da inscri\u00e7\u00e3o, o estudante deve comprovar as informa\u00e7\u00f5es declaradas, de forma f\u00edsica ou digital, diretamente na institui\u00e7\u00e3o de ensino em que foi pr\u00e9-selecionado no prazo de at\u00e9 cinco dias \u00fateis.<\/p>\n<p>Ap\u00f3s a aprova\u00e7\u00e3o da Comiss\u00e3o Permanente de Supervis\u00e3o e Acompanhamento (CPSA) da faculdade, em at\u00e9 10 dias \u00fateis, o pr\u00f3prio estudante deve validar no banco a documenta\u00e7\u00e3o exigida.<\/p>\n<p>Os prazos de todas as etapas listadas em edital, at\u00e9 a conclus\u00e3o do processo com a assinatura do contrato de financiamento, devem ser rigorosamente observados para evitar a perda da vaga.<\/p>\n<h2>Convoca\u00e7\u00e3o da lista<\/h2>\n<p>Todos os inscritos n\u00e3o selecionados na chamada regular foram inclu\u00eddos, automaticamente, na lista de espera.<\/p>\n<p>Todos os participantes desta lista devem consultar periodicamente a p\u00e1gina do Fies para acompanhar as pr\u00f3ximas convoca\u00e7\u00f5es, que ser\u00e3o realizadas at\u00e9 10 de abril.<\/p>\n<h2>Vagas<\/h2>\n<p>Em 2026, o total de vagas ofertadas para o Fies ser\u00e1 de 112.168. O MEC j\u00e1 ofertou 67.301 vagas em 1.421 institui\u00e7\u00f5es de ensino superior, distribu\u00eddas por 19.834 cursos e turnos.<\/p>\n<p>As vagas n\u00e3o ocupadas ap\u00f3s todas as convoca\u00e7\u00f5es desta edi\u00e7\u00e3o ser\u00e3o ofertadas no processo seletivo do segundo semestre.<\/p>\n","protected":false},"excerpt":{"rendered":"<p>Os estudantes pr\u00e9-selecionados,\u00a0por meio da lista de espera,\u00a0para vagas do Fundo de Financiamento Estudantil (Fies)&#8230;<\/p>\n","protected":false},"author":4,"featured_media":11779501,"comment_status":"closed","ping_status":"closed","sticky":false,"template":"","format":"standard","meta":{"footnotes":""},"categories":[10],"tags":[194],"class_list":["post-11779500","post","type-post","status-publish","format-standard","has-post-thumbnail","hentry","category-educacao","tag-educacao"],"_links":{"self":[{"href":"https:\/\/www.corumbaonline.com.br\/news\/wp-json\/wp\/v2\/posts\/11779500","targetHints":{"allow":["GET"]}}],"collection":[{"href":"https:\/\/www.corumbaonline.com.br\/news\/wp-json\/wp\/v2\/posts"}],"about":[{"href":"https:\/\/www.corumbaonline.com.br\/news\/wp-json\/wp\/v2\/types\/post"}],"author":[{"embeddable":true,"href":"https:\/\/www.corumbaonline.com.br\/news\/wp-json\/wp\/v2\/users\/4"}],"replies":[{"embeddable":true,"href":"https:\/\/www.corumbaonline.com.br\/news\/wp-json\/wp\/v2\/comments?post=11779500"}],"version-history":[{"count":1,"href":"https:\/\/www.corumbaonline.com.br\/news\/wp-json\/wp\/v2\/posts\/11779500\/revisions"}],"predecessor-version":[{"id":11779502,"href":"https:\/\/www.corumbaonline.com.br\/news\/wp-json\/wp\/v2\/posts\/11779500\/revisions\/11779502"}],"wp:featuredmedia":[{"embeddable":true,"href":"https:\/\/www.corumbaonline.com.br\/news\/wp-json\/wp\/v2\/media\/11779501"}],"wp:attachment":[{"href":"https:\/\/www.corumbaonline.com.br\/news\/wp-json\/wp\/v2\/media?parent=11779500"}],"wp:term":[{"taxonomy":"category","embeddable":true,"href":"https:\/\/www.corumbaonline.com.br\/news\/wp-json\/wp\/v2\/categories?post=11779500"},{"taxonomy":"post_tag","embeddable":true,"href":"https:\/\/www.corumbaonline.com.br\/news\/wp-json\/wp\/v2\/tags?post=11779500"}],"curies":[{"name":"wp","href":"https:\/\/api.w.org\/{rel}","templated":true}]}}