{"id":11779508,"date":"2026-03-11T11:30:00","date_gmt":"2026-03-11T15:30:00","guid":{"rendered":"https:\/\/www.corumbaonline.com.br\/news\/?p=11779508"},"modified":"2026-03-11T11:11:36","modified_gmt":"2026-03-11T15:11:36","slug":"estado-sedia-forum-de-secretarios-e-reune-liderancas-do-pais","status":"publish","type":"post","link":"https:\/\/www.corumbaonline.com.br\/news\/estado-sedia-forum-de-secretarios-e-reune-liderancas-do-pais\/","title":{"rendered":"Estado sedia F\u00f3rum de Secret\u00e1rios e re\u00fane lideran\u00e7as do pa\u00eds"},"content":{"rendered":"<p>Mato Grosso do Sul recebe, entre os dias 11 e 13 de mar\u00e7o, o XCVI F\u00f3rum Nacional de Secret\u00e1rios Estaduais de Planejamento, encontro que re\u00fane gestores e especialistas de todo o pa\u00eds para discutir estrat\u00e9gias capazes de fortalecer a capacidade de planejamento dos governos e aprimorar a gest\u00e3o p\u00fablica brasileira.<\/p>\n<p>Promovido pelo Conseplan (Conselho Nacional de Secret\u00e1rios Estaduais do Planejamento), o evento coloca Mato Grosso do Sul no centro do debate nacional sobre planejamento, governan\u00e7a e desenvolvimento, reunindo secret\u00e1rios estaduais, t\u00e9cnicos e representantes de institui\u00e7\u00f5es que atuam diretamente na formula\u00e7\u00e3o e execu\u00e7\u00e3o de pol\u00edticas p\u00fablicas.<\/p>\n<p>A abertura oficial acontece na quinta-feira (12), com a presen\u00e7a do presidente do Conseplan, Fabr\u00edcio Marques, do governador de Mato Grosso do Sul, Eduardo Riedel, e do secret\u00e1rio de Governo e Gest\u00e3o Estrat\u00e9gica, Rodrigo Perez Ramos. A programa\u00e7\u00e3o inclui pain\u00e9is que abordam temas estrat\u00e9gicos para a administra\u00e7\u00e3o p\u00fablica contempor\u00e2nea, como moderniza\u00e7\u00e3o do Estado, planejamento fiscal e gest\u00e3o de investimentos p\u00fablicos.<\/p>\n<p>Um dos destaques da agenda \u00e9 o painel do economista e professor da Funda\u00e7\u00e3o Dom Cabral, Bruno Carazza, colunista do Valor Econ\u00f4mico e comentarista do Jornal da Globo e da r\u00e1dio CBN. Autor de obras que analisam a rela\u00e7\u00e3o entre economia, pol\u00edtica e poder no pa\u00eds, Carazza traz ao f\u00f3rum reflex\u00f5es sobre os desafios institucionais e econ\u00f4micos que impactam o planejamento p\u00fablico no Brasil.<\/p>\n<p>Os debates tamb\u00e9m incluem pain\u00e9is dedicados \u00e0 transforma\u00e7\u00e3o do Estado e \u00e0 moderniza\u00e7\u00e3o da gest\u00e3o p\u00fablica, reunindo especialistas como Francisco Gaetani, do Minist\u00e9rio da Gest\u00e3o e Inova\u00e7\u00e3o, e Washington Bonfim, secret\u00e1rio do Planejamento do Piau\u00ed. A discuss\u00e3o parte do princ\u00edpio de que a transforma\u00e7\u00e3o do Estado deve ter como objetivo central melhorar as entregas de pol\u00edticas p\u00fablicas \u00e0 sociedade, fortalecendo a capacidade governamental de formular, implementar e avaliar a\u00e7\u00f5es que gerem resultados concretos para a popula\u00e7\u00e3o.<\/p>\n<p>Outro tema relevante da programa\u00e7\u00e3o \u00e9 a Reforma Tribut\u00e1ria e seus impactos sobre o planejamento p\u00fablico. O painel ser\u00e1 conduzido pelo secret\u00e1rio de Fazenda de Mato Grosso do Sul e presidente do Comit\u00ea Nacional de Secret\u00e1rios de Fazenda dos Estados e do Distrito Federal, Fl\u00e1vio C\u00e9sar Mendes de Oliveira, e a presidenta da Associa\u00e7\u00e3o Brasileira das Secretarias de Finan\u00e7as das Capitais, Michele Roncalio.<\/p>\n<p>O debate aborda os efeitos da nova estrutura tribut\u00e1ria sobre a previsibilidade fiscal, a reorganiza\u00e7\u00e3o das receitas e os desafios enfrentados por estados e munic\u00edpios durante o per\u00edodo de transi\u00e7\u00e3o.<\/p>\n<p>A programa\u00e7\u00e3o ainda inclui discuss\u00f5es sobre o Programa de Pleno Pagamento de D\u00edvidas dos Estados (PROPAG), iniciativa que busca reorganizar o equil\u00edbrio fiscal das unidades federativas e seus impactos no planejamento or\u00e7ament\u00e1rio e financeiro.<\/p>\n<p>No \u00faltimo dia do encontro, Mato Grosso do Sul ganha destaque ao apresentar as Boas Pr\u00e1ticas Estaduais na \u00e1rea de planejamento. O painel ser\u00e1 conduzido pelo secret\u00e1rio Rodrigo Perez Ramos, que apresentar\u00e1 as experi\u00eancias do Estado voltadas \u00e0 inova\u00e7\u00e3o institucional e \u00e0 melhoria da gest\u00e3o p\u00fablica.<\/p>\n<p>O f\u00f3rum tamb\u00e9m abre espa\u00e7o para debates t\u00e9cnicos que envolvem temas estrat\u00e9gicos para o futuro das pol\u00edticas p\u00fablicas, como a Rede Nacional de Pesquisa em Planejamento, coordenada pelo Instituto de Pesquisa Econ\u00f4mica Aplicada, a implementa\u00e7\u00e3o da agenda transversal voltada \u00e0 inf\u00e2ncia e adolesc\u00eancia nos estados, com participa\u00e7\u00e3o de membros da UNICEF, e a incorpora\u00e7\u00e3o de crit\u00e9rios de mitiga\u00e7\u00e3o e adapta\u00e7\u00e3o clim\u00e1tica nos investimentos p\u00fablicos, apresentada por especialistas do Banco Mundial.<\/p>\n<p>Al\u00e9m dos pain\u00e9is, o encontro inclui reuni\u00f5es t\u00e9cnicas dos grupos de trabalho do Conseplan, com equipes especializadas dos estados para aprofundar discuss\u00f5es sobre gest\u00e3o de investimentos p\u00fablicos, planejamento e or\u00e7amento, revis\u00e3o de gastos, monitoramento e avalia\u00e7\u00e3o de pol\u00edticas p\u00fablicas e estrat\u00e9gias de desenvolvimento de longo prazo.<\/p>\n<figure class=\"wp-block-image size-large\"><img loading=\"lazy\" decoding=\"async\" class=\"wp-image-535906 aligncenter\" src=\"https:\/\/agenciadenoticias.ms.gov.br\/wp-content\/uploads\/2026\/03\/Thaner_-1024x567.png\" sizes=\"auto, (max-width: 1024px) 100vw, 1024px\" srcset=\"https:\/\/agenciadenoticias.ms.gov.br\/wp-content\/uploads\/2026\/03\/Thaner_-1024x567.png 1024w, https:\/\/agenciadenoticias.ms.gov.br\/wp-content\/uploads\/2026\/03\/Thaner_-300x166.png 300w, https:\/\/agenciadenoticias.ms.gov.br\/wp-content\/uploads\/2026\/03\/Thaner_-768x425.png 768w, https:\/\/agenciadenoticias.ms.gov.br\/wp-content\/uploads\/2026\/03\/Thaner_-350x194.png 350w, https:\/\/agenciadenoticias.ms.gov.br\/wp-content\/uploads\/2026\/03\/Thaner_.png 1536w\" alt=\"\" width=\"1024\" height=\"567\" \/><figcaption class=\"wp-element-caption\"><em>Secret\u00e1rio-executivo de Gest\u00e3o Estrat\u00e9gica e Municipalismo, Thaner Castro Nogueira, destaca que o encontro refor\u00e7a a import\u00e2ncia da coopera\u00e7\u00e3o entre os estados<\/em><\/figcaption><\/figure>\n<p>Um dos anfitri\u00f5es do evento, o secret\u00e1rio-executivo de Gest\u00e3o Estrat\u00e9gica e Municipalismo, Thaner Castro Nogueira, destaca que o encontro refor\u00e7a a import\u00e2ncia da coopera\u00e7\u00e3o entre os estados na constru\u00e7\u00e3o de pol\u00edticas p\u00fablicas mais eficientes.<\/p>\n<p>\u201cO Conseplan cumpre um papel fundamental ao promover esse ambiente de coopera\u00e7\u00e3o entre os estados. S\u00e3o espa\u00e7os como este que permitem avan\u00e7ar em agendas estruturantes e construir solu\u00e7\u00f5es compartilhadas para desafios que s\u00e3o comuns a todo o pa\u00eds\u201d, destacou.<\/p>\n<p>Ao sediar o encontro, Mato Grosso do Sul reafirma seu papel de protagonista no debate nacional sobre planejamento p\u00fablico, reunindo lideran\u00e7as e experi\u00eancias que ajudam a transformar estrat\u00e9gia em pol\u00edticas p\u00fablicas mais eficientes e conectadas \u00e0s necessidades da popula\u00e7\u00e3o.<\/p>\n","protected":false},"excerpt":{"rendered":"<p>Mato Grosso do Sul recebe, entre os dias 11 e 13 de mar\u00e7o, o XCVI&#8230;<\/p>\n","protected":false},"author":13,"featured_media":11779509,"comment_status":"closed","ping_status":"closed","sticky":false,"template":"","format":"standard","meta":{"footnotes":""},"categories":[14],"tags":[],"class_list":["post-11779508","post","type-post","status-publish","format-standard","has-post-thumbnail","hentry","category-geral"],"_links":{"self":[{"href":"https:\/\/www.corumbaonline.com.br\/news\/wp-json\/wp\/v2\/posts\/11779508","targetHints":{"allow":["GET"]}}],"collection":[{"href":"https:\/\/www.corumbaonline.com.br\/news\/wp-json\/wp\/v2\/posts"}],"about":[{"href":"https:\/\/www.corumbaonline.com.br\/news\/wp-json\/wp\/v2\/types\/post"}],"author":[{"embeddable":true,"href":"https:\/\/www.corumbaonline.com.br\/news\/wp-json\/wp\/v2\/users\/13"}],"replies":[{"embeddable":true,"href":"https:\/\/www.corumbaonline.com.br\/news\/wp-json\/wp\/v2\/comments?post=11779508"}],"version-history":[{"count":1,"href":"https:\/\/www.corumbaonline.com.br\/news\/wp-json\/wp\/v2\/posts\/11779508\/revisions"}],"predecessor-version":[{"id":11779510,"href":"https:\/\/www.corumbaonline.com.br\/news\/wp-json\/wp\/v2\/posts\/11779508\/revisions\/11779510"}],"wp:featuredmedia":[{"embeddable":true,"href":"https:\/\/www.corumbaonline.com.br\/news\/wp-json\/wp\/v2\/media\/11779509"}],"wp:attachment":[{"href":"https:\/\/www.corumbaonline.com.br\/news\/wp-json\/wp\/v2\/media?parent=11779508"}],"wp:term":[{"taxonomy":"category","embeddable":true,"href":"https:\/\/www.corumbaonline.com.br\/news\/wp-json\/wp\/v2\/categories?post=11779508"},{"taxonomy":"post_tag","embeddable":true,"href":"https:\/\/www.corumbaonline.com.br\/news\/wp-json\/wp\/v2\/tags?post=11779508"}],"curies":[{"name":"wp","href":"https:\/\/api.w.org\/{rel}","templated":true}]}}