{"id":11779532,"date":"2026-03-12T08:19:00","date_gmt":"2026-03-12T12:19:00","guid":{"rendered":"https:\/\/www.corumbaonline.com.br\/news\/?p=11779532"},"modified":"2026-03-12T08:25:51","modified_gmt":"2026-03-12T12:25:51","slug":"alms-projeto-que-preve-cartazes-informativos-sobre-depressao-infantil-sera-votado-nesta-quinta-feira","status":"publish","type":"post","link":"https:\/\/www.corumbaonline.com.br\/news\/alms-projeto-que-preve-cartazes-informativos-sobre-depressao-infantil-sera-votado-nesta-quinta-feira\/","title":{"rendered":"ALMS: projeto que prev\u00ea cartazes informativos sobre depress\u00e3o infantil ser\u00e1 votado nesta quinta-feira"},"content":{"rendered":"\n<p><\/p>\n\n\n<p>O Projeto de Lei n\u00ba 272\/2025 ser\u00e1 apreciado pelos deputados estaduais na sess\u00e3o desta quinta-feira (12) da Assembleia Legislativa de Mato Grosso do Sul.\u00a0A proposta, de autoria do deputado Jamilson Name (PSDB), prev\u00ea a fixa\u00e7\u00e3o de cartazes informativos sobre depress\u00e3o infantil e os locais de atendimento especializado pelos Centros de Aten\u00e7\u00e3o Psicossocial Infanto-Juvenil (CAPS Infantil) em locais de grande circula\u00e7\u00e3o no Estado.<\/p>\n<p>\u00a0De acordo com o projeto, a divulga\u00e7\u00e3o poder\u00e1 ocorrer em escolas, unidades de sa\u00fade, \u00f3rg\u00e3os p\u00fablicos, terminais de transporte coletivo e outros locais com grande circula\u00e7\u00e3o de pessoas.\u00a0Na justificatica o parlamentar observa\u00a0que a depress\u00e3o infantil \u00e9 um tema de crescente relev\u00e2ncia na \u00e1rea da sa\u00fade p\u00fablica, mas ainda pouco discutido. Muitas vezes\u00a0o\u00a0sintomas s\u00e3o confundidos com comportamentos t\u00edpicos da inf\u00e2ncia, o que pode atrasar o diagn\u00f3stico e o tratamento.\u00a0<\/p>\n<p>Na ordem do dia da sess\u00e3o ordin\u00e1ria desta quinta-feira (12)\u00a0 h\u00e1 outros tr\u00eas projetos para delibera\u00e7\u00e3o. O deputado M\u00e1rcio Fernandes (MDB), com o Projeto de Lei 273\/2025, denomina Emigdio Ant\u00f4nio\u00a0 Sandri a\u00a0MS-380, trecho que liga a sede do munic\u00edpio de Ponta Por\u00e3 \u00e0 BR-463. A deputada Lia Nogueira (PSDB), com o Projeto de Lei 277\/2025, inclui no calend\u00e1rio anual de eventos de Mato Grosso do Sul o &#8221; Baile de Debutantes do Projeto Primavera&#8221;,\u00a0realizado anualmente em outubro no munic\u00edpio de Costa Rica. Por iniciativa do deputado Pedro Caravina (PSDB,) ,o Noven\u00e1rio em Honra a Judas Tadeu e a Festa das Na\u00e7\u00f5es, passam a integrar o calend\u00e1rio estadual de eventos,conforme prev\u00ea o Projeto de Lei 327\/2025.<\/p>\n<p>Servi\u00e7o<\/p>\n<p>As sess\u00f5es plen\u00e1rias podem ser acompanhadas presencialmente ou pela transmiss\u00e3o ao vivo dos canais oficiais de comunica\u00e7\u00e3o da Casa de Leis:\u00a0 TV ALEMS canal\u00a07.2 no sinal aberto e canal\u00a09 da Claro NET TV, ou ainda no\u00a0link\u00a0TV ALEMS;\u00a0R\u00e1dio ALEMS FM 105.5, sinal aberto, ou no link\u00a0R\u00e1dio ALEMS;\u00a0Facebook\u00a0e\u00a0Youtube.<\/p>","protected":false},"excerpt":{"rendered":"<p>O Projeto de Lei n\u00ba 272\/2025 ser\u00e1 apreciado pelos deputados estaduais na sess\u00e3o desta quinta-feira&#8230;<\/p>\n","protected":false},"author":12,"featured_media":11779533,"comment_status":"closed","ping_status":"closed","sticky":false,"template":"","format":"standard","meta":{"footnotes":""},"categories":[19],"tags":[188],"class_list":["post-11779532","post","type-post","status-publish","format-standard","has-post-thumbnail","hentry","category-politica","tag-politica"],"_links":{"self":[{"href":"https:\/\/www.corumbaonline.com.br\/news\/wp-json\/wp\/v2\/posts\/11779532","targetHints":{"allow":["GET"]}}],"collection":[{"href":"https:\/\/www.corumbaonline.com.br\/news\/wp-json\/wp\/v2\/posts"}],"about":[{"href":"https:\/\/www.corumbaonline.com.br\/news\/wp-json\/wp\/v2\/types\/post"}],"author":[{"embeddable":true,"href":"https:\/\/www.corumbaonline.com.br\/news\/wp-json\/wp\/v2\/users\/12"}],"replies":[{"embeddable":true,"href":"https:\/\/www.corumbaonline.com.br\/news\/wp-json\/wp\/v2\/comments?post=11779532"}],"version-history":[{"count":1,"href":"https:\/\/www.corumbaonline.com.br\/news\/wp-json\/wp\/v2\/posts\/11779532\/revisions"}],"predecessor-version":[{"id":11779534,"href":"https:\/\/www.corumbaonline.com.br\/news\/wp-json\/wp\/v2\/posts\/11779532\/revisions\/11779534"}],"wp:featuredmedia":[{"embeddable":true,"href":"https:\/\/www.corumbaonline.com.br\/news\/wp-json\/wp\/v2\/media\/11779533"}],"wp:attachment":[{"href":"https:\/\/www.corumbaonline.com.br\/news\/wp-json\/wp\/v2\/media?parent=11779532"}],"wp:term":[{"taxonomy":"category","embeddable":true,"href":"https:\/\/www.corumbaonline.com.br\/news\/wp-json\/wp\/v2\/categories?post=11779532"},{"taxonomy":"post_tag","embeddable":true,"href":"https:\/\/www.corumbaonline.com.br\/news\/wp-json\/wp\/v2\/tags?post=11779532"}],"curies":[{"name":"wp","href":"https:\/\/api.w.org\/{rel}","templated":true}]}}