{"id":11779543,"date":"2026-03-12T09:27:00","date_gmt":"2026-03-12T13:27:00","guid":{"rendered":"https:\/\/www.corumbaonline.com.br\/news\/?p=11779543"},"modified":"2026-03-12T09:22:24","modified_gmt":"2026-03-12T13:22:24","slug":"corumba-recebe-carreta-do-programa-agora-tem-especialistas-para-exames-da-saude-da-mulher","status":"publish","type":"post","link":"https:\/\/www.corumbaonline.com.br\/news\/corumba-recebe-carreta-do-programa-agora-tem-especialistas-para-exames-da-saude-da-mulher\/","title":{"rendered":"Corumb\u00e1 recebe carreta do Programa Agora Tem Especialistas para exames da sa\u00fade da mulher"},"content":{"rendered":"<p>Corumb\u00e1 vai receber, a partir do dia 13 de mar\u00e7o, a carreta \u201cPreven\u00e7\u00e3o e Cuidado da Sa\u00fade da Mulher\u201d, unidade m\u00f3vel do Programa Agora Tem Especialistas.<\/p>\n<p>A estrutura ficar\u00e1 instalada no Poli Esportivo Na\u00e7\u00e3o Guat\u00f3 por aproximadamente 30 dias, com previs\u00e3o de realizar at\u00e9 600 atendimentos, como mamografia, ultrassonografia mam\u00e1ria bilateral, pun\u00e7\u00f5es, colposcopias, ultrassonografia transvaginal, ultrassonografia p\u00e9lvica e consulta com especialista.<\/p>\n<p>A secret\u00e1ria municipal de Sa\u00fade de Corumb\u00e1, Tatiana Mattos, celebrou a chegada da unidade m\u00f3vel ao munic\u00edpio. \u201cCoroamos o m\u00eas da mulher trazendo a carreta para Corumb\u00e1. Nosso objetivo \u00e9 atender o m\u00e1ximo de mulheres, fortalecendo a preven\u00e7\u00e3o e garantindo mais agilidade no diagn\u00f3stico\u201d, afirmou.<\/p>\n<p>A secret\u00e1ria tamb\u00e9m fez um alerta importante \u00e0s pacientes que aguardam atendimento. \u201cFazemos um pedido muito importante: quem estiver aguardando exames deve atender o telefone. As equipes do Minist\u00e9rio da Sa\u00fade entrar\u00e3o em contato com o n\u00famero cadastrado na rede para realizar o agendamento. Quem n\u00e3o atender, infelizmente, pode perder a oportunidade\u201d, explicou.<\/p>\n<p>Tamb\u00e9m \u00e9 importante que pacientes que est\u00e3o na fila de espera procurem a unidade de sa\u00fade de refer\u00eancia para atualizar o cadastro e os dados de contato, garantindo que a equipe consiga efetivar o agendamento.<\/p>\n<p>Os exames s\u00e3o fundamentais para a detec\u00e7\u00e3o precoce de altera\u00e7\u00f5es, aumentando as chances de tratamento eficaz e reduzindo poss\u00edveis complica\u00e7\u00f5es.<\/p>\n<p>A unidade m\u00f3vel conta com uma equipe composta por enfermeiro, t\u00e9cnico de enfermagem, m\u00e9dico ginecologista, agente do cuidado e equipe de apoio, al\u00e9m de motorista, recepcionista e servi\u00e7os gerais.<\/p>\n<p>A a\u00e7\u00e3o integra a estrat\u00e9gia do Programa Agora Tem Especialistas, iniciativa do Governo Federal, por meio do Minist\u00e9rio da Sa\u00fade, que busca ampliar o acesso a servi\u00e7os especializados, voltados \u00e0 preven\u00e7\u00e3o, rastreamento e diagn\u00f3stico precoce do c\u00e2ncer de colo do \u00fatero e de mama.<\/p>\n","protected":false},"excerpt":{"rendered":"<p>Corumb\u00e1 vai receber, a partir do dia 13 de mar\u00e7o, a carreta \u201cPreven\u00e7\u00e3o e Cuidado&#8230;<\/p>\n","protected":false},"author":70,"featured_media":11779544,"comment_status":"closed","ping_status":"closed","sticky":false,"template":"","format":"standard","meta":{"footnotes":""},"categories":[21],"tags":[222],"class_list":["post-11779543","post","type-post","status-publish","format-standard","has-post-thumbnail","hentry","category-saude","tag-saude"],"_links":{"self":[{"href":"https:\/\/www.corumbaonline.com.br\/news\/wp-json\/wp\/v2\/posts\/11779543","targetHints":{"allow":["GET"]}}],"collection":[{"href":"https:\/\/www.corumbaonline.com.br\/news\/wp-json\/wp\/v2\/posts"}],"about":[{"href":"https:\/\/www.corumbaonline.com.br\/news\/wp-json\/wp\/v2\/types\/post"}],"author":[{"embeddable":true,"href":"https:\/\/www.corumbaonline.com.br\/news\/wp-json\/wp\/v2\/users\/70"}],"replies":[{"embeddable":true,"href":"https:\/\/www.corumbaonline.com.br\/news\/wp-json\/wp\/v2\/comments?post=11779543"}],"version-history":[{"count":1,"href":"https:\/\/www.corumbaonline.com.br\/news\/wp-json\/wp\/v2\/posts\/11779543\/revisions"}],"predecessor-version":[{"id":11779545,"href":"https:\/\/www.corumbaonline.com.br\/news\/wp-json\/wp\/v2\/posts\/11779543\/revisions\/11779545"}],"wp:featuredmedia":[{"embeddable":true,"href":"https:\/\/www.corumbaonline.com.br\/news\/wp-json\/wp\/v2\/media\/11779544"}],"wp:attachment":[{"href":"https:\/\/www.corumbaonline.com.br\/news\/wp-json\/wp\/v2\/media?parent=11779543"}],"wp:term":[{"taxonomy":"category","embeddable":true,"href":"https:\/\/www.corumbaonline.com.br\/news\/wp-json\/wp\/v2\/categories?post=11779543"},{"taxonomy":"post_tag","embeddable":true,"href":"https:\/\/www.corumbaonline.com.br\/news\/wp-json\/wp\/v2\/tags?post=11779543"}],"curies":[{"name":"wp","href":"https:\/\/api.w.org\/{rel}","templated":true}]}}