{"id":11779554,"date":"2026-03-12T10:13:00","date_gmt":"2026-03-12T14:13:00","guid":{"rendered":"https:\/\/www.corumbaonline.com.br\/news\/?p=11779554"},"modified":"2026-03-12T10:48:02","modified_gmt":"2026-03-12T14:48:02","slug":"cras-1-recebe-projeto-de-orientacao-em-defesa-pessoal-para-familias-assistidas","status":"publish","type":"post","link":"https:\/\/www.corumbaonline.com.br\/news\/cras-1-recebe-projeto-de-orientacao-em-defesa-pessoal-para-familias-assistidas\/","title":{"rendered":"CRAS 1 recebe projeto de orienta\u00e7\u00e3o em defesa pessoal para fam\u00edlias assistidas"},"content":{"rendered":"<p>O CRAS 1 recebeu, pela primeira vez, uma atividade voltada \u00e0 orienta\u00e7\u00e3o em defesa pessoal, iniciativa promovida pela Prefeitura de Corumb\u00e1, por meio da Secretaria Municipal de Assist\u00eancia Social e sua Superintend\u00eancia de Pol\u00edticas P\u00fablicas e da pasta da Juventude.<\/p>\n<p>A a\u00e7\u00e3o integra um novo projeto que busca levar conhecimento e orienta\u00e7\u00f5es pr\u00e1ticas \u00e0 comunidade, abordando princ\u00edpios b\u00e1sicos de preven\u00e7\u00e3o, postura e seguran\u00e7a no dia a dia. Durante o encontro, mulheres do grupo intergeracional e crian\u00e7as do grupo de 7 a 13 anos participaram da atividade, que trouxe orienta\u00e7\u00f5es sobre como agir em situa\u00e7\u00f5es de risco e apresentou no\u00e7\u00f5es simples de defesa pessoal adaptadas \u00e0s diferentes faixas et\u00e1rias.<\/p>\n<p>A atividade contou com a parceria da Academia RISE, com orienta\u00e7\u00f5es conduzidas pelo professor Douglas Novaes, que apresentou aos participantes t\u00e9cnicas b\u00e1sicas de defesa pessoal e estrat\u00e9gias de preven\u00e7\u00e3o, destacando a import\u00e2ncia da aten\u00e7\u00e3o ao ambiente, da postura e da confian\u00e7a para lidar com poss\u00edveis situa\u00e7\u00f5es de risco.<\/p>\n<p>Mais do que ensinar t\u00e9cnicas f\u00edsicas, o projeto tem como objetivo promover autonomia, fortalecer a autoestima e incentivar atitudes preventivas, ampliando o acesso da popula\u00e7\u00e3o a informa\u00e7\u00f5es que contribuem para a seguran\u00e7a e o bem-estar no cotidiano.<\/p>\n<p>A iniciativa foi realizada inicialmente no CRAS 1, e a proposta da Secretaria de Assist\u00eancia Social \u00e9 dar continuidade ao projeto, levando as orienta\u00e7\u00f5es para outros Centros de Refer\u00eancia de Assist\u00eancia Social do munic\u00edpio, ampliando o alcance da a\u00e7\u00e3o e fortalecendo o trabalho de preven\u00e7\u00e3o e cuidado com a comunidade.<\/p>\n","protected":false},"excerpt":{"rendered":"<p>O CRAS 1 recebeu, pela primeira vez, uma atividade voltada \u00e0 orienta\u00e7\u00e3o em defesa pessoal,&#8230;<\/p>\n","protected":false},"author":70,"featured_media":11779557,"comment_status":"closed","ping_status":"closed","sticky":false,"template":"","format":"standard","meta":{"footnotes":""},"categories":[14],"tags":[],"class_list":["post-11779554","post","type-post","status-publish","format-standard","has-post-thumbnail","hentry","category-geral"],"_links":{"self":[{"href":"https:\/\/www.corumbaonline.com.br\/news\/wp-json\/wp\/v2\/posts\/11779554","targetHints":{"allow":["GET"]}}],"collection":[{"href":"https:\/\/www.corumbaonline.com.br\/news\/wp-json\/wp\/v2\/posts"}],"about":[{"href":"https:\/\/www.corumbaonline.com.br\/news\/wp-json\/wp\/v2\/types\/post"}],"author":[{"embeddable":true,"href":"https:\/\/www.corumbaonline.com.br\/news\/wp-json\/wp\/v2\/users\/70"}],"replies":[{"embeddable":true,"href":"https:\/\/www.corumbaonline.com.br\/news\/wp-json\/wp\/v2\/comments?post=11779554"}],"version-history":[{"count":1,"href":"https:\/\/www.corumbaonline.com.br\/news\/wp-json\/wp\/v2\/posts\/11779554\/revisions"}],"predecessor-version":[{"id":11779558,"href":"https:\/\/www.corumbaonline.com.br\/news\/wp-json\/wp\/v2\/posts\/11779554\/revisions\/11779558"}],"wp:featuredmedia":[{"embeddable":true,"href":"https:\/\/www.corumbaonline.com.br\/news\/wp-json\/wp\/v2\/media\/11779557"}],"wp:attachment":[{"href":"https:\/\/www.corumbaonline.com.br\/news\/wp-json\/wp\/v2\/media?parent=11779554"}],"wp:term":[{"taxonomy":"category","embeddable":true,"href":"https:\/\/www.corumbaonline.com.br\/news\/wp-json\/wp\/v2\/categories?post=11779554"},{"taxonomy":"post_tag","embeddable":true,"href":"https:\/\/www.corumbaonline.com.br\/news\/wp-json\/wp\/v2\/tags?post=11779554"}],"curies":[{"name":"wp","href":"https:\/\/api.w.org\/{rel}","templated":true}]}}