{"id":11779568,"date":"2026-03-12T11:04:00","date_gmt":"2026-03-12T15:04:00","guid":{"rendered":"https:\/\/www.corumbaonline.com.br\/news\/?p=11779568"},"modified":"2026-03-12T11:38:00","modified_gmt":"2026-03-12T15:38:00","slug":"4a-corrida-do-urucum-incentiva-esporte-e-integracao-na-zona-rural-de-corumba","status":"publish","type":"post","link":"https:\/\/www.corumbaonline.com.br\/news\/4a-corrida-do-urucum-incentiva-esporte-e-integracao-na-zona-rural-de-corumba\/","title":{"rendered":"4\u00aa Corrida do Urucum incentiva esporte e integra\u00e7\u00e3o na zona rural de Corumb\u00e1"},"content":{"rendered":"<p data-start=\"82\" data-end=\"553\">A Prefeitura de Corumb\u00e1, por meio da Secretaria Municipal de Educa\u00e7\u00e3o, apoia a realiza\u00e7\u00e3o da 4\u00aa Corrida do Urucum, promovida pela Escola Municipal Rural de Educa\u00e7\u00e3o Integral (EMREI) Carlos C\u00e1rcano e Extens\u00e3o. O evento esportivo acontece no dia 11 de abril, no assentamento Urucum, localizado \u00e0s margens da BR-262, e tem como objetivo incentivar a pr\u00e1tica esportiva, promover a integra\u00e7\u00e3o comunit\u00e1ria e arrecadar recursos para investimentos na unidade escolar.<\/p>\n<p data-start=\"555\" data-end=\"871\">A iniciativa re\u00fane estudantes, moradores da regi\u00e3o, atletas e praticantes da modalidade, fortalecendo a cultura do esporte na \u00e1rea rural do munic\u00edpio. A corrida tamb\u00e9m busca estimular h\u00e1bitos de vida saud\u00e1veis entre crian\u00e7as, jovens e adultos, al\u00e9m de aproximar a comunidade das atividades desenvolvidas pela escola.<\/p>\n<p data-start=\"873\" data-end=\"1205\">A programa\u00e7\u00e3o come\u00e7a \u00e0s 7h30, com a largada da prova destinada \u00e0s crian\u00e7as de 8 a 14 anos, com percurso de 1 quil\u00f4metro. Em seguida, \u00e0s 8 horas, ser\u00e1 dada a largada das provas principais, nas modalidades 5 km e 10 km, al\u00e9m da caminhada e corrida de 1 km, abertas a participantes de diferentes faixas et\u00e1rias.<\/p>\n<p data-start=\"1207\" data-end=\"1585\">As\u00a0<em><strong><a href=\"https:\/\/docs.google.com\/forms\/d\/e\/1FAIpQLSejZKngK3GUn_NPGnMTNYdsSN7D6TviIhh3fJT8zbCMr1zrXg\/viewform?pli=1\">inscri\u00e7\u00f5es est\u00e3o abertas<\/a><\/strong><\/em>\u00a0desde 2 de mar\u00e7o e seguem at\u00e9 7 de abril, no hor\u00e1rio das 8h \u00e0s 16h. A taxa de inscri\u00e7\u00e3o \u00e9 de R$ 60, e os recursos arrecadados ser\u00e3o destinados \u00e0 manuten\u00e7\u00e3o da escola, realiza\u00e7\u00e3o de reparos e aquisi\u00e7\u00e3o de materiais pedag\u00f3gicos e esportivos, que contribuem para o fortalecimento das atividades educacionais desenvolvidas na unidade.<\/p>\n<p data-start=\"1587\" data-end=\"1969\">De car\u00e1ter socioeducativo, a Corrida do Urucum busca valorizar a popula\u00e7\u00e3o da zona rural e incentivar a participa\u00e7\u00e3o da comunidade escolar e dos moradores dos assentamentos da regi\u00e3o, como Urucum, Maria Coelho, S\u00e3o Domingos e S\u00e3o Gabriel. A expectativa \u00e9 reunir estudantes, fam\u00edlias, atletas amadores e praticantes da corrida de rua em um momento de integra\u00e7\u00e3o, sa\u00fade e conviv\u00eancia.<\/p>\n<p data-start=\"1971\" data-end=\"2306\">A estrutura do evento contar\u00e1 com p\u00f3rtico de largada, sistema de som, hidrata\u00e7\u00e3o para os participantes, medalhas e trof\u00e9us, al\u00e9m de equipe de apoio e atendimento de sa\u00fade. A realiza\u00e7\u00e3o tamb\u00e9m conta com apoio de setores da Prefeitura de Corumb\u00e1 e de \u00f3rg\u00e3os respons\u00e1veis pela organiza\u00e7\u00e3o do tr\u00e2nsito, seguran\u00e7a e atendimento emergencial.<\/p>\n","protected":false},"excerpt":{"rendered":"<p>A Prefeitura de Corumb\u00e1, por meio da Secretaria Municipal de Educa\u00e7\u00e3o, apoia a realiza\u00e7\u00e3o da&#8230;<\/p>\n","protected":false},"author":70,"featured_media":11779570,"comment_status":"closed","ping_status":"closed","sticky":false,"template":"","format":"standard","meta":{"footnotes":""},"categories":[11],"tags":[223],"class_list":["post-11779568","post","type-post","status-publish","format-standard","has-post-thumbnail","hentry","category-esporte","tag-esporte"],"_links":{"self":[{"href":"https:\/\/www.corumbaonline.com.br\/news\/wp-json\/wp\/v2\/posts\/11779568","targetHints":{"allow":["GET"]}}],"collection":[{"href":"https:\/\/www.corumbaonline.com.br\/news\/wp-json\/wp\/v2\/posts"}],"about":[{"href":"https:\/\/www.corumbaonline.com.br\/news\/wp-json\/wp\/v2\/types\/post"}],"author":[{"embeddable":true,"href":"https:\/\/www.corumbaonline.com.br\/news\/wp-json\/wp\/v2\/users\/70"}],"replies":[{"embeddable":true,"href":"https:\/\/www.corumbaonline.com.br\/news\/wp-json\/wp\/v2\/comments?post=11779568"}],"version-history":[{"count":1,"href":"https:\/\/www.corumbaonline.com.br\/news\/wp-json\/wp\/v2\/posts\/11779568\/revisions"}],"predecessor-version":[{"id":11779571,"href":"https:\/\/www.corumbaonline.com.br\/news\/wp-json\/wp\/v2\/posts\/11779568\/revisions\/11779571"}],"wp:featuredmedia":[{"embeddable":true,"href":"https:\/\/www.corumbaonline.com.br\/news\/wp-json\/wp\/v2\/media\/11779570"}],"wp:attachment":[{"href":"https:\/\/www.corumbaonline.com.br\/news\/wp-json\/wp\/v2\/media?parent=11779568"}],"wp:term":[{"taxonomy":"category","embeddable":true,"href":"https:\/\/www.corumbaonline.com.br\/news\/wp-json\/wp\/v2\/categories?post=11779568"},{"taxonomy":"post_tag","embeddable":true,"href":"https:\/\/www.corumbaonline.com.br\/news\/wp-json\/wp\/v2\/tags?post=11779568"}],"curies":[{"name":"wp","href":"https:\/\/api.w.org\/{rel}","templated":true}]}}