{"id":11779578,"date":"2026-03-12T16:00:18","date_gmt":"2026-03-12T20:00:18","guid":{"rendered":"https:\/\/www.corumbaonline.com.br\/news\/?p=11779578"},"modified":"2026-03-12T16:10:41","modified_gmt":"2026-03-12T20:10:41","slug":"sorteio-de-181-moradias-do-minha-casa-minha-vida-sera-realizado-no-dia-25-em-corumba","status":"publish","type":"post","link":"https:\/\/www.corumbaonline.com.br\/news\/sorteio-de-181-moradias-do-minha-casa-minha-vida-sera-realizado-no-dia-25-em-corumba\/","title":{"rendered":"Sorteio de 181 moradias do Minha Casa Minha Vida ser\u00e1 realizado no dia 25 em Corumb\u00e1"},"content":{"rendered":"<p>A Prefeitura de Corumb\u00e1 realiza no pr\u00f3ximo dia 25 de mar\u00e7o, \u00e0s 16 horas, no Gin\u00e1sio Poliesportivo Luc\u00edlio de Medeiros, o sorteio das unidades habitacionais do programa Minha Casa Minha Vida em constru\u00e7\u00e3o no bairro Guat\u00f3. As resid\u00eancias ser\u00e3o destinadas \u00e0s fam\u00edlias previamente cadastradas no munic\u00edpio. Ao todo, ser\u00e3o sorteadas 181 casas que est\u00e3o em constru\u00e7\u00e3o na cidade.<\/p>\n<p>As moradias fazem parte dos empreendimentos Residencial dos Ip\u00eas I e Residencial dos Ip\u00eas II, viabilizados por meio de parceria entre a Prefeitura de Corumb\u00e1, o Governo do Estado e o Governo Federal. O objetivo \u00e9 ampliar o acesso \u00e0 moradia digna e contribuir para a redu\u00e7\u00e3o do d\u00e9ficit habitacional no munic\u00edpio.<\/p>\n<p>O processo de defini\u00e7\u00e3o dos contemplados ser\u00e1 conduzido pela Ag\u00eancia de Habita\u00e7\u00e3o Popular do Estado de Mato Grosso do Sul (AGEHAB\/MS) e ser\u00e1 transmitido em tempo real nas redes sociais da Prefeitura de Corumb\u00e1. N\u00e3o h\u00e1 necessidade da presen\u00e7a das fam\u00edlias no sorteio.<\/p>\n<p>Conforme as regras estabelecidas pela legisla\u00e7\u00e3o do programa habitacional, apenas fam\u00edlias com renda bruta mensal de at\u00e9 R$ 2.850,00 podem participar do processo de sele\u00e7\u00e3o. Dessa forma, fam\u00edlias com renda superior a esse valor n\u00e3o participam do sorteio, seguindo os crit\u00e9rios definidos para a Faixa Urbano 1 do programa.<\/p>\n<p>O processo de sele\u00e7\u00e3o considera ainda crit\u00e9rios sociais previstos na legisla\u00e7\u00e3o federal, incluindo situa\u00e7\u00f5es de vulnerabilidade habitacional, como fam\u00edlias que vivem em moradias prec\u00e1rias, em coabita\u00e7\u00e3o, com \u00f4nus excessivo de aluguel ou em situa\u00e7\u00e3o de risco social. Parte das unidades tamb\u00e9m \u00e9 reservada para grupos priorit\u00e1rios, como idosos, pessoas com defici\u00eancia e fam\u00edlias benefici\u00e1rias de programas sociais. Para saber mais sobre o enquadramento das fam\u00edlias acessar o edital publicado no\u00a0<em><strong><a href=\"https:\/\/do.corumba.ms.gov.br\/portal\/edicoes\/download\/5342\">Di\u00e1rio Oficial de Corumb\u00e1 (DIOCORUMB\u00c1)<\/a><\/strong><\/em>\u00a0n\u00b0 3.206 de 02 de setembro 2025, p\u00e1ginas 12 e 13.<\/p>\n<p>As casas sorteadas integram um conjunto habitacional que est\u00e1 sendo constru\u00eddo com toda infraestrutura urbana completa. A iniciativa faz parte de um pacote de investimentos voltados \u00e0 melhoria das condi\u00e7\u00f5es de moradia da popula\u00e7\u00e3o e \u00e0 expans\u00e3o urbana planejada da cidade, refor\u00e7ando a pol\u00edtica p\u00fablica de acesso \u00e0 moradia e de promo\u00e7\u00e3o da qualidade de vida das fam\u00edlias atendidas.<\/p>\n<p>\u201cCorumb\u00e1 ficou muito tempo sem novos conjuntos habitacionais, e essas casas chegam para reduzir o d\u00e9ficit e dar dignidade \u00e0s fam\u00edlias. Estamos conduzindo todo o processo com transpar\u00eancia, para que todos saibam como funciona a sele\u00e7\u00e3o e por que cada vaga \u00e9 destinada. E esse \u00e9 apenas um passo. Seguimos trabalhando para trazer novos programas habitacionais para a cidade, porque temos o compromisso de continuar avan\u00e7ando na redu\u00e7\u00e3o do d\u00e9ficit habitacional e garantir mais moradia digna para a nossa popula\u00e7\u00e3o\u201d, completou o prefeito Dr. Gabriel Alves de Oliveira.<\/p>\n","protected":false},"excerpt":{"rendered":"<p>A Prefeitura de Corumb\u00e1 realiza no pr\u00f3ximo dia 25 de mar\u00e7o, \u00e0s 16 horas, no&#8230;<\/p>\n","protected":false},"author":70,"featured_media":11779579,"comment_status":"closed","ping_status":"closed","sticky":false,"template":"","format":"standard","meta":{"footnotes":""},"categories":[14],"tags":[],"class_list":["post-11779578","post","type-post","status-publish","format-standard","has-post-thumbnail","hentry","category-geral"],"_links":{"self":[{"href":"https:\/\/www.corumbaonline.com.br\/news\/wp-json\/wp\/v2\/posts\/11779578","targetHints":{"allow":["GET"]}}],"collection":[{"href":"https:\/\/www.corumbaonline.com.br\/news\/wp-json\/wp\/v2\/posts"}],"about":[{"href":"https:\/\/www.corumbaonline.com.br\/news\/wp-json\/wp\/v2\/types\/post"}],"author":[{"embeddable":true,"href":"https:\/\/www.corumbaonline.com.br\/news\/wp-json\/wp\/v2\/users\/70"}],"replies":[{"embeddable":true,"href":"https:\/\/www.corumbaonline.com.br\/news\/wp-json\/wp\/v2\/comments?post=11779578"}],"version-history":[{"count":1,"href":"https:\/\/www.corumbaonline.com.br\/news\/wp-json\/wp\/v2\/posts\/11779578\/revisions"}],"predecessor-version":[{"id":11779580,"href":"https:\/\/www.corumbaonline.com.br\/news\/wp-json\/wp\/v2\/posts\/11779578\/revisions\/11779580"}],"wp:featuredmedia":[{"embeddable":true,"href":"https:\/\/www.corumbaonline.com.br\/news\/wp-json\/wp\/v2\/media\/11779579"}],"wp:attachment":[{"href":"https:\/\/www.corumbaonline.com.br\/news\/wp-json\/wp\/v2\/media?parent=11779578"}],"wp:term":[{"taxonomy":"category","embeddable":true,"href":"https:\/\/www.corumbaonline.com.br\/news\/wp-json\/wp\/v2\/categories?post=11779578"},{"taxonomy":"post_tag","embeddable":true,"href":"https:\/\/www.corumbaonline.com.br\/news\/wp-json\/wp\/v2\/tags?post=11779578"}],"curies":[{"name":"wp","href":"https:\/\/api.w.org\/{rel}","templated":true}]}}