{"id":11779588,"date":"2026-03-13T08:19:00","date_gmt":"2026-03-13T12:19:00","guid":{"rendered":"https:\/\/www.corumbaonline.com.br\/news\/?p=11779588"},"modified":"2026-03-13T08:15:12","modified_gmt":"2026-03-13T12:15:12","slug":"turismo-de-mato-grosso-do-sul-marca-presenca-na-primeira-edicao-do-turismall-em-2026","status":"publish","type":"post","link":"https:\/\/www.corumbaonline.com.br\/news\/turismo-de-mato-grosso-do-sul-marca-presenca-na-primeira-edicao-do-turismall-em-2026\/","title":{"rendered":"Turismo de Mato Grosso do Sul marca presen\u00e7a na primeira edi\u00e7\u00e3o do TurisMall em 2026"},"content":{"rendered":"<p data-start=\"83\" data-end=\"554\">Entre os dias 12 e 14 de mar\u00e7o, o turismo de Mato Grosso do Sul marca presen\u00e7a na primeira edi\u00e7\u00e3o do TurisMall, plataforma multieventos criada para fortalecer o turismo brasileiro e ampliar conex\u00f5es entre destinos, empresas e lideran\u00e7as do setor. O evento acontece no Rio de Janeiro e reunir\u00e1 representantes da hotelaria, do setor p\u00fablico e privado, al\u00e9m de iniciativas voltadas \u00e0 inclus\u00e3o, inova\u00e7\u00e3o e ao uso de tecnologias emergentes, como a intelig\u00eancia artificial aplicada ao turismo.<\/p>\n<p data-start=\"556\" data-end=\"936\">Com proposta in\u00e9dita, o TurisMall estreia em 2026 com exposi\u00e7\u00e3o, f\u00f3runs estrat\u00e9gicos, encontros institucionais e experi\u00eancias imersivas simultaneamente em v\u00e1rios pontos da cidade. O objetivo \u00e9 posicionar o turismo como vetor de desenvolvimento econ\u00f4mico, cultural e tecnol\u00f3gico, consolidando o evento como um espa\u00e7o de conex\u00f5es, conhecimento e oportunidades para o fortalecimento do setor no Brasil.<\/p>\n<p data-start=\"938\" data-end=\"1408\">A programa\u00e7\u00e3o inclui feira de turismo com destinos e marcas do mercado, rodadas de neg\u00f3cios para aproxima\u00e7\u00e3o entre profissionais e gera\u00e7\u00e3o de parcerias, al\u00e9m de f\u00f3runs e palestras voltados a temas como inova\u00e7\u00e3o, tend\u00eancias e sustentabilidade no turismo.<\/p>\n<p><strong>Agenda de MS<\/strong><\/p>\n<p data-start=\"1410\" data-end=\"1717\">Mato Grosso do Sul participa do TurisMall com estande institucional voltado \u00e0 promo\u00e7\u00e3o oficial do estado como destino tur\u00edstico, dentro da Exposi\u00e7\u00e3o Turismo do Amanh\u00e3. O espa\u00e7o tamb\u00e9m ser\u00e1 dedicado \u00e0 divulga\u00e7\u00e3o dos principais atrativos e experi\u00eancias do estado, com foco no turismo de natureza e no ecoturismo.<\/p>\n<p data-start=\"1719\" data-end=\"2309\">Bruno Wendling, diretor-presidente da Funda\u00e7\u00e3o de Turismo de Mato Grosso do Sul (Fundtur MS), destaca a import\u00e2ncia da presen\u00e7a do estado no evento. \u201cEste \u00e9 um evento diferenciado, com a presen\u00e7a de l\u00edderes importantes do setor, especialmente do mercado norte-americano. Teremos agendas com lideran\u00e7as internacionais e ser\u00e1 tamb\u00e9m um excelente momento de divulgar Mato Grosso do Sul como um importante destino tur\u00edstico brasileiro. Ser\u00e1 um espa\u00e7o bem interessante em que faremos palestras, repasse de informa\u00e7\u00f5es para capacitar o setor e nossa expectativa \u00e9 que seja um excelente evento\u201d.<\/p>\n<p data-start=\"2311\" data-end=\"2667\">A agenda de MS no evento tamb\u00e9m inclui duas palestras que acontecem no Museu do Amanh\u00e3. No dia 13 de mar\u00e7o, das 12h \u00e0s 12h30, Bruno Wendling apresenta o tema \u201cGest\u00e3o Inovadora e Respons\u00e1vel \u2013 Destinos mais Competitivos\u201d. Em seguida, das 13h \u00e0s 14h, o diretor de Promo\u00e7\u00e3o e Mercado da Fundtur MS, Breno Amorim, conduz a palestra \u201cComo vender Mato Grosso do Sul no Turismo do Amanh\u00e3\u201d.<\/p>\n<p data-start=\"2669\" data-end=\"2697\"><strong>Turismo sustent\u00e1vel em pauta<\/strong><\/p>\n<p data-start=\"2699\" data-end=\"2979\">Um dos eixos centrais do TurisMall \u00e9 o debate sobre sustentabilidade e turismo de natureza. Em um cen\u00e1rio global em que cresce a busca por viagens com prop\u00f3sito, o ecoturismo ganha protagonismo como estrat\u00e9gia de desenvolvimento respons\u00e1vel e competitivo para destinos tur\u00edsticos.<\/p>\n<p data-start=\"2981\" data-end=\"3379\">Durante o evento, especialistas e gestores ir\u00e3o compartilhar experi\u00eancias e estrat\u00e9gias de gest\u00e3o e promo\u00e7\u00e3o de destinos sustent\u00e1veis, apresentando casos pr\u00e1ticos de diferentes regi\u00f5es do pa\u00eds, incluindo Mato Grosso do Sul.<\/p>\n<p data-start=\"3381\" data-end=\"3414\">Outro destaque da programa\u00e7\u00e3o \u00e9 um f\u00f3rum que reunir\u00e1 mais de 500 secret\u00e1rios de turismo, lideran\u00e7as p\u00fablicas e especialistas nacionais e internacionais para discutir estrat\u00e9gias de promo\u00e7\u00e3o de destinos e novas formas de posicionamento do turismo brasileiro no cen\u00e1rio global.<\/p>\n<p data-start=\"4176\" data-end=\"4254\" data-is-last-node=\"\" data-is-only-node=\"\">Mais informa\u00e7\u00f5es sobre o evento est\u00e3o dispon\u00edveis em\u00a0<a href=\"https:\/\/turismall.com.br\/\" data-start=\"4229\" data-end=\"4253\">https:\/\/turismall.com.br<\/a><\/p>\n","protected":false},"excerpt":{"rendered":"<p>Entre os dias 12 e 14 de mar\u00e7o, o turismo de Mato Grosso do Sul&#8230;<\/p>\n","protected":false},"author":13,"featured_media":11779589,"comment_status":"closed","ping_status":"closed","sticky":false,"template":"","format":"standard","meta":{"footnotes":""},"categories":[23],"tags":[226],"class_list":["post-11779588","post","type-post","status-publish","format-standard","has-post-thumbnail","hentry","category-turismo","tag-turismo"],"_links":{"self":[{"href":"https:\/\/www.corumbaonline.com.br\/news\/wp-json\/wp\/v2\/posts\/11779588","targetHints":{"allow":["GET"]}}],"collection":[{"href":"https:\/\/www.corumbaonline.com.br\/news\/wp-json\/wp\/v2\/posts"}],"about":[{"href":"https:\/\/www.corumbaonline.com.br\/news\/wp-json\/wp\/v2\/types\/post"}],"author":[{"embeddable":true,"href":"https:\/\/www.corumbaonline.com.br\/news\/wp-json\/wp\/v2\/users\/13"}],"replies":[{"embeddable":true,"href":"https:\/\/www.corumbaonline.com.br\/news\/wp-json\/wp\/v2\/comments?post=11779588"}],"version-history":[{"count":1,"href":"https:\/\/www.corumbaonline.com.br\/news\/wp-json\/wp\/v2\/posts\/11779588\/revisions"}],"predecessor-version":[{"id":11779590,"href":"https:\/\/www.corumbaonline.com.br\/news\/wp-json\/wp\/v2\/posts\/11779588\/revisions\/11779590"}],"wp:featuredmedia":[{"embeddable":true,"href":"https:\/\/www.corumbaonline.com.br\/news\/wp-json\/wp\/v2\/media\/11779589"}],"wp:attachment":[{"href":"https:\/\/www.corumbaonline.com.br\/news\/wp-json\/wp\/v2\/media?parent=11779588"}],"wp:term":[{"taxonomy":"category","embeddable":true,"href":"https:\/\/www.corumbaonline.com.br\/news\/wp-json\/wp\/v2\/categories?post=11779588"},{"taxonomy":"post_tag","embeddable":true,"href":"https:\/\/www.corumbaonline.com.br\/news\/wp-json\/wp\/v2\/tags?post=11779588"}],"curies":[{"name":"wp","href":"https:\/\/api.w.org\/{rel}","templated":true}]}}