{"id":11779605,"date":"2026-03-13T10:01:00","date_gmt":"2026-03-13T14:01:00","guid":{"rendered":"https:\/\/www.corumbaonline.com.br\/news\/?p=11779605"},"modified":"2026-03-13T10:10:59","modified_gmt":"2026-03-13T14:10:59","slug":"nova-edicao-do-povo-das-aguas-comeca-dia-20-com-atendimentos-no-medio-pantanal","status":"publish","type":"post","link":"https:\/\/www.corumbaonline.com.br\/news\/nova-edicao-do-povo-das-aguas-comeca-dia-20-com-atendimentos-no-medio-pantanal\/","title":{"rendered":"Nova edi\u00e7\u00e3o do Povo das \u00c1guas come\u00e7a dia 20 com atendimentos no M\u00e9dio Pantanal"},"content":{"rendered":"<p>A Prefeitura de Corumb\u00e1, por meio da Secretaria Municipal de Assist\u00eancia Social e Cidadania, realiza na pr\u00f3xima sexta-feira, 20 de mar\u00e7o, \u00e0s 7 horas, a sa\u00edda da 2\u00aa edi\u00e7\u00e3o de 2026 do Programa Social Povo das \u00c1guas, com partida do Porto Limoeiro.<\/p>\n<p>A iniciativa conta com a parceria de diversas institui\u00e7\u00f5es e integra uma grande a\u00e7\u00e3o social intersetorial voltada \u00e0s comunidades ribeirinhas do M\u00e9dio Pantanal. O objetivo \u00e9 garantir o acesso a pol\u00edticas p\u00fablicas, promover cidadania e assegurar atendimento direto \u00e0s fam\u00edlias que residem em regi\u00f5es de dif\u00edcil acesso, reduzindo desigualdades e fortalecendo a presen\u00e7a do poder p\u00fablico no territ\u00f3rio.<\/p>\n<p>Durante a a\u00e7\u00e3o, ser\u00e3o ofertados servi\u00e7os essenciais nas seguintes \u00e1reas:<\/p>\n<p>Sa\u00fade: atendimento m\u00e9dico, odontol\u00f3gico e de enfermagem, atualiza\u00e7\u00e3o da caderneta de vacina\u00e7\u00e3o, aplica\u00e7\u00e3o de vacinas e orienta\u00e7\u00f5es preventivas, al\u00e9m da atua\u00e7\u00e3o de agente de endemias com foco na preven\u00e7\u00e3o e no controle de doen\u00e7as.<\/p>\n<p>Assist\u00eancia Social: atendimento com assistente social, orienta\u00e7\u00f5es sobre benef\u00edcios socioassistenciais, atualiza\u00e7\u00e3o e novos cadastros no Cadastro \u00danico, porta de entrada para programas do Governo Federal.<\/p>\n<p>Educa\u00e7\u00e3o: desenvolvimento de atividades l\u00fadicas e recreativas com as crian\u00e7as, promovendo integra\u00e7\u00e3o, est\u00edmulo pedag\u00f3gico e fortalecimento de v\u00ednculos.<\/p>\n<p>Agricultura Familiar: distribui\u00e7\u00e3o de sementes de hortali\u00e7as e orienta\u00e7\u00f5es t\u00e9cnicas, incentivando a produ\u00e7\u00e3o para subsist\u00eancia e gera\u00e7\u00e3o de renda.<\/p>\n<p>A\u00e7\u00e3o Comunit\u00e1ria: atendimento gratuito de barbeiro volunt\u00e1rio, contribuindo para a autoestima e o bem-estar da comunidade.<\/p>\n<p>A a\u00e7\u00e3o refor\u00e7a o compromisso da administra\u00e7\u00e3o municipal com a promo\u00e7\u00e3o da dignidade, inclus\u00e3o social e desenvolvimento sustent\u00e1vel das comunidades tradicionais do Pantanal.<\/p>\n<p><strong>Cronograma dos atendimentos \u2013 Regi\u00e3o do Taquari<\/strong><\/p>\n<p>20\/03 (sexta-feira)<\/p>\n<p>\u2022 Partida \u2013 Porto Limoeiro \u2013 07h<\/p>\n<p>21\/03 (s\u00e1bado)<\/p>\n<p>\u2022 Col\u00f4nia do Cedrinho \u2013 Porto da Casa do N\u00e1 (Sr. Paulo Amaro)<\/p>\n<p>08h \u00e0s 12h<\/p>\n<p>22\/03 (domingo)<\/p>\n<p>\u2022 Col\u00f4nia do Bracinho \u2013 Porto Sair\u00fa<\/p>\n<p>08h30 \u00e0s 12h30<\/p>\n<p>23\/03 (segunda-feira)<\/p>\n<p>\u2022 Col\u00f4nia S\u00e3o Domingos \u2013 Porto Figueira<\/p>\n<p>08h30 \u00e0s 12h30<\/p>\n<p>24\/03 (ter\u00e7a-feira)<\/p>\n<p>\u2022 Col\u00f4nia S\u00e3o Domingos \u2013 Porto Sagrado<\/p>\n<p>08h30 \u00e0s 12h30<\/p>\n<p>25\/03 (quarta-feira)<\/p>\n<p>\u2022 Col\u00f4nia do Cedro e Lim\u00e3ozinho \u2013 Porto da Fazenda Abate<\/p>\n<p>08h \u00e0s 12h<\/p>\n<p>26\/03 (quinta-feira)<\/p>\n<p>\u2022 Col\u00f4nia do Corix\u00e3o \u2013 Porto Buritizal<\/p>\n<p>07h \u00e0s 10h<\/p>\n<p>\u2022 Col\u00f4nia do Rio Negro \u2013 Porto Paran\u00e1<\/p>\n<p>12h \u00e0s 15h<\/p>\n<p>27\/03 (sexta-feira)<\/p>\n<p>\u2022 Retorno \u2013 Porto Limoeiro<\/p>\n","protected":false},"excerpt":{"rendered":"<p>A Prefeitura de Corumb\u00e1, por meio da Secretaria Municipal de Assist\u00eancia Social e Cidadania, realiza&#8230;<\/p>\n","protected":false},"author":70,"featured_media":11779606,"comment_status":"closed","ping_status":"closed","sticky":false,"template":"","format":"standard","meta":{"footnotes":""},"categories":[14],"tags":[],"class_list":["post-11779605","post","type-post","status-publish","format-standard","has-post-thumbnail","hentry","category-geral"],"_links":{"self":[{"href":"https:\/\/www.corumbaonline.com.br\/news\/wp-json\/wp\/v2\/posts\/11779605","targetHints":{"allow":["GET"]}}],"collection":[{"href":"https:\/\/www.corumbaonline.com.br\/news\/wp-json\/wp\/v2\/posts"}],"about":[{"href":"https:\/\/www.corumbaonline.com.br\/news\/wp-json\/wp\/v2\/types\/post"}],"author":[{"embeddable":true,"href":"https:\/\/www.corumbaonline.com.br\/news\/wp-json\/wp\/v2\/users\/70"}],"replies":[{"embeddable":true,"href":"https:\/\/www.corumbaonline.com.br\/news\/wp-json\/wp\/v2\/comments?post=11779605"}],"version-history":[{"count":1,"href":"https:\/\/www.corumbaonline.com.br\/news\/wp-json\/wp\/v2\/posts\/11779605\/revisions"}],"predecessor-version":[{"id":11779607,"href":"https:\/\/www.corumbaonline.com.br\/news\/wp-json\/wp\/v2\/posts\/11779605\/revisions\/11779607"}],"wp:featuredmedia":[{"embeddable":true,"href":"https:\/\/www.corumbaonline.com.br\/news\/wp-json\/wp\/v2\/media\/11779606"}],"wp:attachment":[{"href":"https:\/\/www.corumbaonline.com.br\/news\/wp-json\/wp\/v2\/media?parent=11779605"}],"wp:term":[{"taxonomy":"category","embeddable":true,"href":"https:\/\/www.corumbaonline.com.br\/news\/wp-json\/wp\/v2\/categories?post=11779605"},{"taxonomy":"post_tag","embeddable":true,"href":"https:\/\/www.corumbaonline.com.br\/news\/wp-json\/wp\/v2\/tags?post=11779605"}],"curies":[{"name":"wp","href":"https:\/\/api.w.org\/{rel}","templated":true}]}}