{"id":11779608,"date":"2026-03-13T10:15:00","date_gmt":"2026-03-13T14:15:00","guid":{"rendered":"https:\/\/www.corumbaonline.com.br\/news\/?p=11779608"},"modified":"2026-03-13T10:21:25","modified_gmt":"2026-03-13T14:21:25","slug":"bolsonaro-passa-por-exames-e-e-diagnosticado-com-broncopneumonia","status":"publish","type":"post","link":"https:\/\/www.corumbaonline.com.br\/news\/bolsonaro-passa-por-exames-e-e-diagnosticado-com-broncopneumonia\/","title":{"rendered":"Bolsonaro passa por exames e \u00e9 diagnosticado com broncopneumonia"},"content":{"rendered":"<p>O ex-presidente Jair Bolsonaro passa por exames na manh\u00e3 desta quinta-feira (13) no hospital particular DF Star. De acordo com fonte do governo do Distrito Federal, Bolsonaro foi diagnosticado com broncopneumonia, infec\u00e7\u00e3o pulmonar inflamat\u00f3ria que afeta simultaneamente os br\u00f4nquios.<\/p>\n<div class=\"mc-column content-text active-extra-styles \" data-block-type=\"unstyled\" data-block-weight=\"20\" data-block-id=\"4\">\n<p class=\" content-text__container \" data-track-category=\"Link no Texto\" data-track-links=\"\" data-mrf-recirculation=\"Link artigo\">Jair Bolsonaro deve passar sete dias internado no hospital por recomenda\u00e7\u00e3o m\u00e9dica, mas o resultado oficial ainda n\u00e3o foi divulgado.<\/p>\n<\/div>\n<div class=\"mc-column content-text active-extra-styles \" data-block-type=\"unstyled\" data-block-weight=\"45\" data-block-id=\"5\">\n<p class=\" content-text__container \" data-track-category=\"Link no Texto\" data-track-links=\"\" data-mrf-recirculation=\"Link artigo\">O ex-presidente teve quadro de queda na oxigena\u00e7\u00e3o e na satura\u00e7\u00e3o, al\u00e9m de broncoaspira\u00e7\u00e3o, possibilidade de aspirar l\u00edquidos. H\u00e1 relatos de que ele teve calafrios e vomitou durante a noite. O m\u00e9dico plantonista da Papudinha foi quem verificou o estado de sa\u00fade do ex-presidente inicialmente.<\/p>\n<p data-track-category=\"Link no Texto\" data-track-links=\"\" data-mrf-recirculation=\"Link artigo\">Aqui na porta do DF-SAR, sete viaturas da Pol\u00edcia Militar e uma ambul\u00e2ncia est\u00e3o de plant\u00e3o esperando o resultado oficial do quadro de sa\u00fade do ex-presidente Jair Bolsonaro.<\/p>\n<\/div>\n","protected":false},"excerpt":{"rendered":"<p>O ex-presidente Jair Bolsonaro passa por exames na manh\u00e3 desta quinta-feira (13) no hospital particular&#8230;<\/p>\n","protected":false},"author":3,"featured_media":11779609,"comment_status":"closed","ping_status":"closed","sticky":false,"template":"","format":"standard","meta":{"footnotes":""},"categories":[19],"tags":[188],"class_list":["post-11779608","post","type-post","status-publish","format-standard","has-post-thumbnail","hentry","category-politica","tag-politica"],"_links":{"self":[{"href":"https:\/\/www.corumbaonline.com.br\/news\/wp-json\/wp\/v2\/posts\/11779608","targetHints":{"allow":["GET"]}}],"collection":[{"href":"https:\/\/www.corumbaonline.com.br\/news\/wp-json\/wp\/v2\/posts"}],"about":[{"href":"https:\/\/www.corumbaonline.com.br\/news\/wp-json\/wp\/v2\/types\/post"}],"author":[{"embeddable":true,"href":"https:\/\/www.corumbaonline.com.br\/news\/wp-json\/wp\/v2\/users\/3"}],"replies":[{"embeddable":true,"href":"https:\/\/www.corumbaonline.com.br\/news\/wp-json\/wp\/v2\/comments?post=11779608"}],"version-history":[{"count":1,"href":"https:\/\/www.corumbaonline.com.br\/news\/wp-json\/wp\/v2\/posts\/11779608\/revisions"}],"predecessor-version":[{"id":11779610,"href":"https:\/\/www.corumbaonline.com.br\/news\/wp-json\/wp\/v2\/posts\/11779608\/revisions\/11779610"}],"wp:featuredmedia":[{"embeddable":true,"href":"https:\/\/www.corumbaonline.com.br\/news\/wp-json\/wp\/v2\/media\/11779609"}],"wp:attachment":[{"href":"https:\/\/www.corumbaonline.com.br\/news\/wp-json\/wp\/v2\/media?parent=11779608"}],"wp:term":[{"taxonomy":"category","embeddable":true,"href":"https:\/\/www.corumbaonline.com.br\/news\/wp-json\/wp\/v2\/categories?post=11779608"},{"taxonomy":"post_tag","embeddable":true,"href":"https:\/\/www.corumbaonline.com.br\/news\/wp-json\/wp\/v2\/tags?post=11779608"}],"curies":[{"name":"wp","href":"https:\/\/api.w.org\/{rel}","templated":true}]}}