{"id":11779611,"date":"2026-03-13T10:30:00","date_gmt":"2026-03-13T14:30:00","guid":{"rendered":"https:\/\/www.corumbaonline.com.br\/news\/?p=11779611"},"modified":"2026-03-13T10:26:36","modified_gmt":"2026-03-13T14:26:36","slug":"com-exemplo-de-planejamento-para-gestao-publica-e-desenvolvimento-ms-sedia-forum-nacional","status":"publish","type":"post","link":"https:\/\/www.corumbaonline.com.br\/news\/com-exemplo-de-planejamento-para-gestao-publica-e-desenvolvimento-ms-sedia-forum-nacional\/","title":{"rendered":"Com exemplo de planejamento para gest\u00e3o p\u00fablica e desenvolvimento, MS sedia f\u00f3rum nacional"},"content":{"rendered":"<p>Com planejamento para transforma\u00e7\u00e3o da gest\u00e3o p\u00fablica e do desenvolvimento regional, Mato Grosso do Sul, que serve de modelo e exemplo na \u00e1rea, sedia o XCVI F\u00f3rum Nacional de Secret\u00e1rios Estaduais do Planejamento.<\/p>\n<p>O governador Eduardo Riedel participou da abertura do evento realizado na manh\u00e3 desta quinta-feira (12), juntamente com a ministra Simone Tebet (Planejamento e Or\u00e7amento).<\/p>\n<p>\u201cA nossa vis\u00e3o de dez anos atr\u00e1s era muito clara para o nosso desenvolvimento. E n\u00f3s desenhamos um plano de crescimento e desenvolvimento, com algumas bases muito s\u00f3lidas dentro daquilo que temos efici\u00eancia e diferencial competitivo. N\u00f3s temos seguran\u00e7a alimentar, transi\u00e7\u00e3o energ\u00e9tica e meio ambiente. A partir da\u00ed, o desenvolvimento foi pensando e funcionou na atra\u00e7\u00e3o das ind\u00fastrias de segmentos espec\u00edficos. Para isso foi criado um ambiente de neg\u00f3cio absolutamente amig\u00e1vel, positivo e com agilidade, desburocratiza\u00e7\u00e3o, velocidade nas respostas. Somos um governo que se prop\u00f4s a ser simples, efetivo, e buscamos pela efici\u00eancia\u201d, disse Riedel.<\/p>\n<div id=\"gallery-1\" class=\"gallery galleryid-536111 gallery-columns-2 gallery-size-full\">\n<figure class=\"gallery-item\">\n<div class=\"gallery-icon landscape\"><a href=\"https:\/\/agenciadenoticias.ms.gov.br\/wp-content\/uploads\/2026\/03\/Abertura-do-XCVI-CONSEPLAN-Foto-Bruno-Rezende-02-scaled.jpg\"><img loading=\"lazy\" decoding=\"async\" class=\"attachment-full size-full\" src=\"https:\/\/agenciadenoticias.ms.gov.br\/wp-content\/uploads\/2026\/03\/Abertura-do-XCVI-CONSEPLAN-Foto-Bruno-Rezende-02-scaled.jpg\" sizes=\"auto, (max-width: 1920px) 100vw, 1920px\" srcset=\"https:\/\/agenciadenoticias.ms.gov.br\/wp-content\/uploads\/2026\/03\/Abertura-do-XCVI-CONSEPLAN-Foto-Bruno-Rezende-02-scaled.jpg 1920w, https:\/\/agenciadenoticias.ms.gov.br\/wp-content\/uploads\/2026\/03\/Abertura-do-XCVI-CONSEPLAN-Foto-Bruno-Rezende-02-300x200.jpg 300w, https:\/\/agenciadenoticias.ms.gov.br\/wp-content\/uploads\/2026\/03\/Abertura-do-XCVI-CONSEPLAN-Foto-Bruno-Rezende-02-1024x683.jpg 1024w, https:\/\/agenciadenoticias.ms.gov.br\/wp-content\/uploads\/2026\/03\/Abertura-do-XCVI-CONSEPLAN-Foto-Bruno-Rezende-02-768x512.jpg 768w, https:\/\/agenciadenoticias.ms.gov.br\/wp-content\/uploads\/2026\/03\/Abertura-do-XCVI-CONSEPLAN-Foto-Bruno-Rezende-02-1536x1024.jpg 1536w, https:\/\/agenciadenoticias.ms.gov.br\/wp-content\/uploads\/2026\/03\/Abertura-do-XCVI-CONSEPLAN-Foto-Bruno-Rezende-02-2048x1365.jpg 2048w, https:\/\/agenciadenoticias.ms.gov.br\/wp-content\/uploads\/2026\/03\/Abertura-do-XCVI-CONSEPLAN-Foto-Bruno-Rezende-02-350x232.jpg 350w\" alt=\"\" width=\"1920\" height=\"1280\" \/><\/a><\/div>\n<\/figure>\n<figure class=\"gallery-item\">\n<div class=\"gallery-icon landscape\"><a href=\"https:\/\/agenciadenoticias.ms.gov.br\/wp-content\/uploads\/2026\/03\/Abertura-do-XCVI-CONSEPLAN-Foto-Bruno-Rezende-11-scaled.jpg\"><img loading=\"lazy\" decoding=\"async\" class=\"attachment-full size-full\" src=\"https:\/\/agenciadenoticias.ms.gov.br\/wp-content\/uploads\/2026\/03\/Abertura-do-XCVI-CONSEPLAN-Foto-Bruno-Rezende-11-scaled.jpg\" sizes=\"auto, (max-width: 1920px) 100vw, 1920px\" srcset=\"https:\/\/agenciadenoticias.ms.gov.br\/wp-content\/uploads\/2026\/03\/Abertura-do-XCVI-CONSEPLAN-Foto-Bruno-Rezende-11-scaled.jpg 1920w, https:\/\/agenciadenoticias.ms.gov.br\/wp-content\/uploads\/2026\/03\/Abertura-do-XCVI-CONSEPLAN-Foto-Bruno-Rezende-11-300x200.jpg 300w, https:\/\/agenciadenoticias.ms.gov.br\/wp-content\/uploads\/2026\/03\/Abertura-do-XCVI-CONSEPLAN-Foto-Bruno-Rezende-11-1024x683.jpg 1024w, https:\/\/agenciadenoticias.ms.gov.br\/wp-content\/uploads\/2026\/03\/Abertura-do-XCVI-CONSEPLAN-Foto-Bruno-Rezende-11-768x512.jpg 768w, https:\/\/agenciadenoticias.ms.gov.br\/wp-content\/uploads\/2026\/03\/Abertura-do-XCVI-CONSEPLAN-Foto-Bruno-Rezende-11-1536x1024.jpg 1536w, https:\/\/agenciadenoticias.ms.gov.br\/wp-content\/uploads\/2026\/03\/Abertura-do-XCVI-CONSEPLAN-Foto-Bruno-Rezende-11-2048x1365.jpg 2048w, https:\/\/agenciadenoticias.ms.gov.br\/wp-content\/uploads\/2026\/03\/Abertura-do-XCVI-CONSEPLAN-Foto-Bruno-Rezende-11-350x232.jpg 350w\" alt=\"\" width=\"1920\" height=\"1280\" \/><\/a><\/div>\n<\/figure>\n<\/div>\n<p>O planejamento p\u00fablico \u00e9 o instrumento que transforma vis\u00e3o pol\u00edtica em resultados concretos para a sociedade \u2013 elo entre a estrat\u00e9gia do Estado e as entregas que transformam a vida das pessoas. Por isso os estados que planejam gastam melhor e entregam mais resultados \u00e0 popula\u00e7\u00e3o. O planejamento conecta estrat\u00e9gia, or\u00e7amento e execu\u00e7\u00e3o das pol\u00edticas p\u00fablicas. Em um contexto de maior press\u00e3o fiscal, planejar bem \u00e9 condi\u00e7\u00e3o para manter e ampliar servi\u00e7os p\u00fablicos de qualidade.<\/p>\n<p>\u201cO Brasil nunca teve cultura de planejamento de longo prazo. qualquer pa\u00eds desenvolvido do mundo, tem um planejamento de longo prazo. Porque quando voc\u00ea planeja, voc\u00ea gasta menos. Planejar exige coragem de extinguir pol\u00edticas p\u00fablicas ineficientes para pegar esse recurso e colocar onde mais precisa. E se n\u00f3s n\u00e3o mudarmos essa cultura, isso \u00e9 muito perigoso. Ou n\u00f3s mudamos, fazendo com base no planejamento os investimentos onde precisam ser feitos, de pequeno, m\u00e9dio e longo prazo, ou n\u00f3s vamos continuar sendo um dos pa\u00edses mais desiguais do mundo\u201d, disse Simone Tebet.<\/p>\n<p>Realizado a cada tr\u00eas meses, o F\u00f3rum do Conseplan re\u00fane secret\u00e1rios estaduais de Planejamento de todo o pa\u00eds para discutir temas estrat\u00e9gicos ligados ao planejamento p\u00fablico, gest\u00e3o fiscal e moderniza\u00e7\u00e3o do Estado.<\/p>\n<p>O F\u00f3rum Conseplan tamb\u00e9m \u00e9 marcado pela integra\u00e7\u00e3o entre planejamento, gest\u00e3o administrativa e pol\u00edtica fiscal, envolvendo Conseplan, Consad (Conselho Nacional de Secret\u00e1rios de Estado da Administra\u00e7\u00e3o) e Comsefaz (Comit\u00ea Nacional de Secret\u00e1rios de Fazenda, Finan\u00e7as, Receita ou Tributa\u00e7\u00e3o dos Estados e do Distrito Federal), para fortalecer a articula\u00e7\u00e3o e os esfor\u00e7os conjuntos entre as redes.<\/p>\n<div id=\"gallery-2\" class=\"gallery galleryid-536111 gallery-columns-3 gallery-size-full\">\n<figure class=\"gallery-item\">\n<div class=\"gallery-icon landscape\"><a href=\"https:\/\/agenciadenoticias.ms.gov.br\/wp-content\/uploads\/2026\/03\/Abertura-do-XCVI-CONSEPLAN-Foto-Bruno-Rezende-09-scaled.jpg\"><img loading=\"lazy\" decoding=\"async\" class=\"attachment-full size-full\" src=\"https:\/\/agenciadenoticias.ms.gov.br\/wp-content\/uploads\/2026\/03\/Abertura-do-XCVI-CONSEPLAN-Foto-Bruno-Rezende-09-scaled.jpg\" sizes=\"auto, (max-width: 1920px) 100vw, 1920px\" srcset=\"https:\/\/agenciadenoticias.ms.gov.br\/wp-content\/uploads\/2026\/03\/Abertura-do-XCVI-CONSEPLAN-Foto-Bruno-Rezende-09-scaled.jpg 1920w, https:\/\/agenciadenoticias.ms.gov.br\/wp-content\/uploads\/2026\/03\/Abertura-do-XCVI-CONSEPLAN-Foto-Bruno-Rezende-09-300x200.jpg 300w, https:\/\/agenciadenoticias.ms.gov.br\/wp-content\/uploads\/2026\/03\/Abertura-do-XCVI-CONSEPLAN-Foto-Bruno-Rezende-09-1024x683.jpg 1024w, https:\/\/agenciadenoticias.ms.gov.br\/wp-content\/uploads\/2026\/03\/Abertura-do-XCVI-CONSEPLAN-Foto-Bruno-Rezende-09-768x512.jpg 768w, https:\/\/agenciadenoticias.ms.gov.br\/wp-content\/uploads\/2026\/03\/Abertura-do-XCVI-CONSEPLAN-Foto-Bruno-Rezende-09-1536x1024.jpg 1536w, https:\/\/agenciadenoticias.ms.gov.br\/wp-content\/uploads\/2026\/03\/Abertura-do-XCVI-CONSEPLAN-Foto-Bruno-Rezende-09-2048x1365.jpg 2048w, https:\/\/agenciadenoticias.ms.gov.br\/wp-content\/uploads\/2026\/03\/Abertura-do-XCVI-CONSEPLAN-Foto-Bruno-Rezende-09-350x232.jpg 350w\" alt=\"\" width=\"1920\" height=\"1280\" \/><\/a><\/div>\n<\/figure>\n<figure class=\"gallery-item\">\n<div class=\"gallery-icon landscape\"><a href=\"https:\/\/agenciadenoticias.ms.gov.br\/wp-content\/uploads\/2026\/03\/Abertura-do-XCVI-CONSEPLAN-Foto-Bruno-Rezende-scaled.jpg\"><img loading=\"lazy\" decoding=\"async\" class=\"attachment-full size-full\" src=\"https:\/\/agenciadenoticias.ms.gov.br\/wp-content\/uploads\/2026\/03\/Abertura-do-XCVI-CONSEPLAN-Foto-Bruno-Rezende-scaled.jpg\" sizes=\"auto, (max-width: 1920px) 100vw, 1920px\" srcset=\"https:\/\/agenciadenoticias.ms.gov.br\/wp-content\/uploads\/2026\/03\/Abertura-do-XCVI-CONSEPLAN-Foto-Bruno-Rezende-scaled.jpg 1920w, https:\/\/agenciadenoticias.ms.gov.br\/wp-content\/uploads\/2026\/03\/Abertura-do-XCVI-CONSEPLAN-Foto-Bruno-Rezende-300x200.jpg 300w, https:\/\/agenciadenoticias.ms.gov.br\/wp-content\/uploads\/2026\/03\/Abertura-do-XCVI-CONSEPLAN-Foto-Bruno-Rezende-1024x683.jpg 1024w, https:\/\/agenciadenoticias.ms.gov.br\/wp-content\/uploads\/2026\/03\/Abertura-do-XCVI-CONSEPLAN-Foto-Bruno-Rezende-768x512.jpg 768w, https:\/\/agenciadenoticias.ms.gov.br\/wp-content\/uploads\/2026\/03\/Abertura-do-XCVI-CONSEPLAN-Foto-Bruno-Rezende-1536x1024.jpg 1536w, https:\/\/agenciadenoticias.ms.gov.br\/wp-content\/uploads\/2026\/03\/Abertura-do-XCVI-CONSEPLAN-Foto-Bruno-Rezende-2048x1365.jpg 2048w, https:\/\/agenciadenoticias.ms.gov.br\/wp-content\/uploads\/2026\/03\/Abertura-do-XCVI-CONSEPLAN-Foto-Bruno-Rezende-350x232.jpg 350w\" alt=\"\" width=\"1920\" height=\"1280\" \/><\/a><\/div>\n<\/figure>\n<figure class=\"gallery-item\">\n<div class=\"gallery-icon landscape\"><a href=\"https:\/\/agenciadenoticias.ms.gov.br\/wp-content\/uploads\/2026\/03\/Abertura-do-XCVI-CONSEPLAN-Foto-Bruno-Rezende-07-scaled.jpg\"><img loading=\"lazy\" decoding=\"async\" class=\"attachment-full size-full\" src=\"https:\/\/agenciadenoticias.ms.gov.br\/wp-content\/uploads\/2026\/03\/Abertura-do-XCVI-CONSEPLAN-Foto-Bruno-Rezende-07-scaled.jpg\" sizes=\"auto, (max-width: 1920px) 100vw, 1920px\" srcset=\"https:\/\/agenciadenoticias.ms.gov.br\/wp-content\/uploads\/2026\/03\/Abertura-do-XCVI-CONSEPLAN-Foto-Bruno-Rezende-07-scaled.jpg 1920w, https:\/\/agenciadenoticias.ms.gov.br\/wp-content\/uploads\/2026\/03\/Abertura-do-XCVI-CONSEPLAN-Foto-Bruno-Rezende-07-300x200.jpg 300w, https:\/\/agenciadenoticias.ms.gov.br\/wp-content\/uploads\/2026\/03\/Abertura-do-XCVI-CONSEPLAN-Foto-Bruno-Rezende-07-1024x683.jpg 1024w, https:\/\/agenciadenoticias.ms.gov.br\/wp-content\/uploads\/2026\/03\/Abertura-do-XCVI-CONSEPLAN-Foto-Bruno-Rezende-07-768x512.jpg 768w, https:\/\/agenciadenoticias.ms.gov.br\/wp-content\/uploads\/2026\/03\/Abertura-do-XCVI-CONSEPLAN-Foto-Bruno-Rezende-07-1536x1024.jpg 1536w, https:\/\/agenciadenoticias.ms.gov.br\/wp-content\/uploads\/2026\/03\/Abertura-do-XCVI-CONSEPLAN-Foto-Bruno-Rezende-07-2048x1365.jpg 2048w, https:\/\/agenciadenoticias.ms.gov.br\/wp-content\/uploads\/2026\/03\/Abertura-do-XCVI-CONSEPLAN-Foto-Bruno-Rezende-07-350x232.jpg 350w\" alt=\"\" width=\"1920\" height=\"1280\" \/><\/a><\/div>\n<\/figure>\n<\/div>\n<p>Tamb\u00e9m participaram do evento os secret\u00e1rios Rodrigo Perez (Segov) e Fl\u00e1vio C\u00e9sar (Sefaz, presidente do Comsefaz).<\/p>\n<p>\u201cA gest\u00e3o feita em Mato Grosso do Sul \u00e9 um exemplo. Acompanho as proje\u00e7\u00f5es e mudan\u00e7as estre os Estados que mais cresceram nos \u00faltimos anos e o que aconteceu aqui (em MS) \u00e9 um fen\u00f4meno. Voc\u00eas t\u00eam muito a ensinar ao Brasil. Com certeza, se deve a boas pol\u00edticas p\u00fablicas\u201d, afirmou o secret\u00e1rio de Estado do Planejamento, Gest\u00e3o e Desenvolvimento Regional de Pernambuco, Fabr\u00edcio Marques Santos, que \u00e9 presidente do Conseplan.<\/p>\n","protected":false},"excerpt":{"rendered":"<p>Com planejamento para transforma\u00e7\u00e3o da gest\u00e3o p\u00fablica e do desenvolvimento regional, Mato Grosso do Sul,&#8230;<\/p>\n","protected":false},"author":13,"featured_media":11779612,"comment_status":"closed","ping_status":"closed","sticky":false,"template":"","format":"standard","meta":{"footnotes":""},"categories":[8,14],"tags":[],"class_list":["post-11779611","post","type-post","status-publish","format-standard","has-post-thumbnail","hentry","category-destaque","category-geral"],"_links":{"self":[{"href":"https:\/\/www.corumbaonline.com.br\/news\/wp-json\/wp\/v2\/posts\/11779611","targetHints":{"allow":["GET"]}}],"collection":[{"href":"https:\/\/www.corumbaonline.com.br\/news\/wp-json\/wp\/v2\/posts"}],"about":[{"href":"https:\/\/www.corumbaonline.com.br\/news\/wp-json\/wp\/v2\/types\/post"}],"author":[{"embeddable":true,"href":"https:\/\/www.corumbaonline.com.br\/news\/wp-json\/wp\/v2\/users\/13"}],"replies":[{"embeddable":true,"href":"https:\/\/www.corumbaonline.com.br\/news\/wp-json\/wp\/v2\/comments?post=11779611"}],"version-history":[{"count":1,"href":"https:\/\/www.corumbaonline.com.br\/news\/wp-json\/wp\/v2\/posts\/11779611\/revisions"}],"predecessor-version":[{"id":11779613,"href":"https:\/\/www.corumbaonline.com.br\/news\/wp-json\/wp\/v2\/posts\/11779611\/revisions\/11779613"}],"wp:featuredmedia":[{"embeddable":true,"href":"https:\/\/www.corumbaonline.com.br\/news\/wp-json\/wp\/v2\/media\/11779612"}],"wp:attachment":[{"href":"https:\/\/www.corumbaonline.com.br\/news\/wp-json\/wp\/v2\/media?parent=11779611"}],"wp:term":[{"taxonomy":"category","embeddable":true,"href":"https:\/\/www.corumbaonline.com.br\/news\/wp-json\/wp\/v2\/categories?post=11779611"},{"taxonomy":"post_tag","embeddable":true,"href":"https:\/\/www.corumbaonline.com.br\/news\/wp-json\/wp\/v2\/tags?post=11779611"}],"curies":[{"name":"wp","href":"https:\/\/api.w.org\/{rel}","templated":true}]}}