{"id":11779637,"date":"2026-03-14T09:00:00","date_gmt":"2026-03-14T13:00:00","guid":{"rendered":"https:\/\/www.corumbaonline.com.br\/news\/?p=11779637"},"modified":"2026-03-14T09:29:58","modified_gmt":"2026-03-14T13:29:58","slug":"entrega-de-materiais-fortalece-viveiros-comunitarios-e-restauracao-no-pantanal","status":"publish","type":"post","link":"https:\/\/www.corumbaonline.com.br\/news\/entrega-de-materiais-fortalece-viveiros-comunitarios-e-restauracao-no-pantanal\/","title":{"rendered":"Entrega de materiais fortalece\u00a0viveiros comunit\u00e1rios\u00a0e restaura\u00e7\u00e3o no Pantanal\u00a0"},"content":{"rendered":"<div class=\"elementToProof\">\n<div class=\"elementToProof\">Representantes de organiza\u00e7\u00f5es socioambientais, associa\u00e7\u00f5es comunit\u00e1rias e do Sesc Pantanal se reuniram em Pocon\u00e9 (MT) para discutir desafios e oportunidades da restaura\u00e7\u00e3o ecol\u00f3gica no bioma, al\u00e9m da entrega de materiais para apoiar viveiros comunit\u00e1rios de mudas nativas.<\/div>\n<div><\/div>\n<div class=\"elementToProof\">A diretora geral da Mupan \u2013 Mulheres em A\u00e7\u00e3o no Pantanal e coordenadora de Pol\u00edticas da Wetlands International Brasil, \u00c1urea Garcia, participou do encontro que foi realizado na sede da Associa\u00e7\u00e3o dos Produtores Rurais do Cap\u00e3o de Angico (APRUCA) e reuniu representantes tamb\u00e9m da Associa\u00e7\u00e3o Rural de S\u00e3o Pedro de Josel\u00e2ndia (ARSAPEJO), al\u00e9m de parceiros institucionais e equipes t\u00e9cnicas envolvidas nas a\u00e7\u00f5es de campo.<\/div>\n<div><\/div>\n<div class=\"elementToProof\">O encontro promoveu uma troca de experi\u00eancias sobre monitoramento da restaura\u00e7\u00e3o, desafios da cadeia produtiva de mudas nativas e pr\u00e1ticas de manejo em viveiros comunit\u00e1rios no Pantanal. Tamb\u00e9m participaram da conversa a professora C\u00e1tia Nunes, da Universidade Federal de Mato Grosso (UFMT) e do Instituto Nacional de Ci\u00eancia e Tecnologia em \u00c1reas \u00damidas (INAU), e o consultor Elinaldo Azevedo, que compartilharam experi\u00eancias t\u00e9cnicas voltadas ao fortalecimento da restaura\u00e7\u00e3o ecol\u00f3gica no bioma.<\/div>\n<div><\/div>\n<div class=\"elementToProof\">&#8220;Avan\u00e7amos muito na recupera\u00e7\u00e3o de \u00e1reas degradadas do Pantanal, aliando conserva\u00e7\u00e3o ambiental, gera\u00e7\u00e3o de renda e fortalecimento comunit\u00e1rio. Nossa parceria j\u00e1 garantiu produ\u00e7\u00e3o mais de 50 mil mudas desde 2021, de 58 esp\u00e9cies diferentes&#8221;, destaca \u00c1urea Garcia.<\/div>\n<\/div>\n<div class=\"elementToProof\">\n<div class=\"elementToProof\">Durante a visita, foram entregues materiais e equipamentos destinados \u00e0 melhoria da estrutura dos viveiros comunit\u00e1rios mantidos pelas associa\u00e7\u00f5es locais. Os itens v\u00e3o contribuir para ampliar a capacidade de produ\u00e7\u00e3o de mudas nativas e fortalecer as iniciativas de restaura\u00e7\u00e3o conduzidas pelas comunidades pantaneiras.<\/div>\n<div><\/div>\n<div class=\"elementToProof\">&#8220;Quando fortalecemos os viveiros comunit\u00e1rios, fortalecemos tamb\u00e9m o protagonismo das comunidades na conserva\u00e7\u00e3o do Pantanal. S\u00e3o iniciativas que geram renda, ampliam o conhecimento local e contribuem diretamente para a recupera\u00e7\u00e3o do bioma&#8221;, completa a diretora da Mupan.<\/div>\n<div><\/div>\n<div class=\"elementToProof\"><b>RPPN Sesc Pantanal<\/b><\/div>\n<div><\/div>\n<div class=\"elementToProof\">Na ocasi\u00e3o, a diretora-geral da Mupan tamb\u00e9m participou de uma agenda na RPPN Sesc Pantanal, onde se reuniu com Cristina\u00a0Cuiab\u00e1lia,\u00a0gerente-geral do Polo Socioambiental Sesc Pantanal, Kleiton Antunes, da Ger\u00eancia Administrativa e de Opera\u00e7\u00f5es, e R\u00fabia Ayoub, da Assessoria T\u00e9cnica, al\u00e9m de representantes das associa\u00e7\u00f5es e parceiros.<\/div>\n<\/div>\n<div class=\"elementToProof\">\n<div class=\"elementToProof\">\n&#8220;A parceria entre o Sesc Pantanal, a Mupan e a Wetlands International Brasil\u00a0foi\u00a0muito importante para a realiza\u00e7\u00e3o da Iniciativa AquaREla Pantanal. Os materiais entregues certamente ser\u00e3o muito importantes para as comunidades pantaneiras continuarem o trabalho nos viveiros&#8221;, afirma Cristina Cuiab\u00e1lia.<\/div>\n<\/div>\n","protected":false},"excerpt":{"rendered":"<p>Representantes de organiza\u00e7\u00f5es socioambientais, associa\u00e7\u00f5es comunit\u00e1rias e do Sesc Pantanal se reuniram em Pocon\u00e9 (MT)&#8230;<\/p>\n","protected":false},"author":6,"featured_media":11779638,"comment_status":"closed","ping_status":"closed","sticky":false,"template":"","format":"standard","meta":{"footnotes":""},"categories":[17],"tags":[209],"class_list":["post-11779637","post","type-post","status-publish","format-standard","has-post-thumbnail","hentry","category-meio-ambiente","tag-meio-ambiente"],"_links":{"self":[{"href":"https:\/\/www.corumbaonline.com.br\/news\/wp-json\/wp\/v2\/posts\/11779637","targetHints":{"allow":["GET"]}}],"collection":[{"href":"https:\/\/www.corumbaonline.com.br\/news\/wp-json\/wp\/v2\/posts"}],"about":[{"href":"https:\/\/www.corumbaonline.com.br\/news\/wp-json\/wp\/v2\/types\/post"}],"author":[{"embeddable":true,"href":"https:\/\/www.corumbaonline.com.br\/news\/wp-json\/wp\/v2\/users\/6"}],"replies":[{"embeddable":true,"href":"https:\/\/www.corumbaonline.com.br\/news\/wp-json\/wp\/v2\/comments?post=11779637"}],"version-history":[{"count":1,"href":"https:\/\/www.corumbaonline.com.br\/news\/wp-json\/wp\/v2\/posts\/11779637\/revisions"}],"predecessor-version":[{"id":11779639,"href":"https:\/\/www.corumbaonline.com.br\/news\/wp-json\/wp\/v2\/posts\/11779637\/revisions\/11779639"}],"wp:featuredmedia":[{"embeddable":true,"href":"https:\/\/www.corumbaonline.com.br\/news\/wp-json\/wp\/v2\/media\/11779638"}],"wp:attachment":[{"href":"https:\/\/www.corumbaonline.com.br\/news\/wp-json\/wp\/v2\/media?parent=11779637"}],"wp:term":[{"taxonomy":"category","embeddable":true,"href":"https:\/\/www.corumbaonline.com.br\/news\/wp-json\/wp\/v2\/categories?post=11779637"},{"taxonomy":"post_tag","embeddable":true,"href":"https:\/\/www.corumbaonline.com.br\/news\/wp-json\/wp\/v2\/tags?post=11779637"}],"curies":[{"name":"wp","href":"https:\/\/api.w.org\/{rel}","templated":true}]}}