{"id":11781097,"date":"2026-04-23T10:44:00","date_gmt":"2026-04-23T14:44:00","guid":{"rendered":"https:\/\/www.corumbaonline.com.br\/news\/?p=11781097"},"modified":"2026-04-23T10:00:54","modified_gmt":"2026-04-23T14:00:54","slug":"povo-das-aguas-leva-mais-de-mil-atendimentos-aos-ribeirinhos-do-baixo-pantanal","status":"publish","type":"post","link":"https:\/\/www.corumbaonline.com.br\/news\/povo-das-aguas-leva-mais-de-mil-atendimentos-aos-ribeirinhos-do-baixo-pantanal\/","title":{"rendered":"Povo das \u00c1guas leva mais de mil atendimentos aos ribeirinhos do Baixo Pantanal"},"content":{"rendered":"<p data-start=\"0\" data-end=\"278\">A Prefeitura de Corumb\u00e1, por meio do Programa Social Povo das \u00c1guas, realizou a 3\u00aa edi\u00e7\u00e3o de atendimentos na regi\u00e3o do Baixo Pantanal em 2026, levando uma ampla gama de servi\u00e7os essenciais \u00e0s comunidades ribeirinhas, com foco na promo\u00e7\u00e3o da sa\u00fade, cidadania e qualidade de vida.<\/p>\n<p data-start=\"280\" data-end=\"779\">Na \u00e1rea da sa\u00fade, foram realizados 233 atendimentos m\u00e9dicos, 344 procedimentos de enfermagem e 456 atendimentos odontol\u00f3gicos. A a\u00e7\u00e3o tamb\u00e9m contemplou a entrega de 241 escovas de dente e a aplica\u00e7\u00e3o de 370 doses de vacinas, entre rotina e gripe. Al\u00e9m disso, foram distribu\u00eddas 242 unidades de hipoclorito, realizadas 106 pesagens do Bolsa Fam\u00edlia e promovida a vacina\u00e7\u00e3o de 98 c\u00e3es e gatos. Como parte das a\u00e7\u00f5es educativas, tamb\u00e9m houve a realiza\u00e7\u00e3o de seis palestras com abordagem sobre o autismo.<\/p>\n<p data-start=\"781\" data-end=\"1179\">A educa\u00e7\u00e3o teve papel importante na iniciativa, com 92 atendimentos voltados a atividades l\u00fadicas e pedag\u00f3gicas, incluindo conta\u00e7\u00e3o de hist\u00f3rias, brincadeiras teatrais e a\u00e7\u00f5es alusivas ao Dia do Livro e ao escritor Monteiro Lobato. As atividades refor\u00e7aram a import\u00e2ncia da literatura infantil no desenvolvimento cognitivo e criativo das crian\u00e7as, estimulando o imagin\u00e1rio e o pensamento narrativo.<\/p>\n<p data-start=\"1181\" data-end=\"1457\">No eixo de assist\u00eancia social e cidadania, foram realizados 308 atendimentos relacionados ao Cadastro \u00danico, incluindo atualiza\u00e7\u00f5es, consultas, inclus\u00f5es, orienta\u00e7\u00f5es e visitas domiciliares. Tamb\u00e9m foram entregues 182 cestas b\u00e1sicas \u00e0s fam\u00edlias em situa\u00e7\u00e3o de vulnerabilidade.<\/p>\n<p data-start=\"1459\" data-end=\"1746\">As a\u00e7\u00f5es de cidadania contaram ainda com o apoio de institui\u00e7\u00f5es parceiras. A Defensoria P\u00fablica da Uni\u00e3o realizou 61 atendimentos, oferecendo orienta\u00e7\u00e3o jur\u00eddica \u00e0s comunidades isoladas, enquanto o IMASUL registrou 18 atendimentos voltados \u00e0 emiss\u00e3o de autoriza\u00e7\u00e3o ambiental para pesca.<\/p>\n<p data-start=\"1748\" data-end=\"2073\">As atividades comunit\u00e1rias inclu\u00edram 62 cortes de cabelo, promovendo cuidado e bem-estar \u00e0 popula\u00e7\u00e3o atendida. J\u00e1 no fortalecimento da agricultura familiar, foram distribu\u00eddos 130 envelopes com sementes de hortali\u00e7as, realizadas 65 podas de \u00e1rvores frut\u00edferas e ornamentais, al\u00e9m de oito orienta\u00e7\u00f5es t\u00e9cnicas em horticultura.<\/p>\n<p data-start=\"2075\" data-end=\"2598\">Criado em 2009, o Programa Social Povo das \u00c1guas tem como objetivo levar servi\u00e7os p\u00fablicos essenciais \u00e0s popula\u00e7\u00f5es que vivem em regi\u00f5es de dif\u00edcil acesso, promovendo o bem-estar e a inclus\u00e3o social. O programa se destaca por sua atua\u00e7\u00e3o integrada, com uma equipe multidisciplinar formada por profissionais de diversas \u00e1reas, que ofertam servi\u00e7os de sa\u00fade, assist\u00eancia social e educa\u00e7\u00e3o, al\u00e9m da distribui\u00e7\u00e3o de benef\u00edcios eventuais e do desenvolvimento de a\u00e7\u00f5es voltadas ao fortalecimento comunit\u00e1rio de forma sustent\u00e1vel.<\/p>\n<p data-start=\"2600\" data-end=\"3007\">Amparado pela Lei Municipal n\u00ba 2.263, de 24 de agosto de 2012, o programa envolve o poder p\u00fablico, a sociedade civil organizada e colaboradores, garantindo atendimento digno e eficaz \u00e0s comunidades ribeirinhas. A iniciativa fortalece v\u00ednculos sociais e amplia o acesso da popula\u00e7\u00e3o \u00e0s pol\u00edticas p\u00fablicas, consolidando-se como uma das principais estrat\u00e9gias de inclus\u00e3o e desenvolvimento social no munic\u00edpio.<\/p>\n","protected":false},"excerpt":{"rendered":"<p>A Prefeitura de Corumb\u00e1, por meio do Programa Social Povo das \u00c1guas, realizou a 3\u00aa&#8230;<\/p>\n","protected":false},"author":13,"featured_media":11781098,"comment_status":"closed","ping_status":"closed","sticky":false,"template":"","format":"standard","meta":{"footnotes":""},"categories":[14],"tags":[],"class_list":["post-11781097","post","type-post","status-publish","format-standard","has-post-thumbnail","hentry","category-geral"],"_links":{"self":[{"href":"https:\/\/www.corumbaonline.com.br\/news\/wp-json\/wp\/v2\/posts\/11781097","targetHints":{"allow":["GET"]}}],"collection":[{"href":"https:\/\/www.corumbaonline.com.br\/news\/wp-json\/wp\/v2\/posts"}],"about":[{"href":"https:\/\/www.corumbaonline.com.br\/news\/wp-json\/wp\/v2\/types\/post"}],"author":[{"embeddable":true,"href":"https:\/\/www.corumbaonline.com.br\/news\/wp-json\/wp\/v2\/users\/13"}],"replies":[{"embeddable":true,"href":"https:\/\/www.corumbaonline.com.br\/news\/wp-json\/wp\/v2\/comments?post=11781097"}],"version-history":[{"count":1,"href":"https:\/\/www.corumbaonline.com.br\/news\/wp-json\/wp\/v2\/posts\/11781097\/revisions"}],"predecessor-version":[{"id":11781099,"href":"https:\/\/www.corumbaonline.com.br\/news\/wp-json\/wp\/v2\/posts\/11781097\/revisions\/11781099"}],"wp:featuredmedia":[{"embeddable":true,"href":"https:\/\/www.corumbaonline.com.br\/news\/wp-json\/wp\/v2\/media\/11781098"}],"wp:attachment":[{"href":"https:\/\/www.corumbaonline.com.br\/news\/wp-json\/wp\/v2\/media?parent=11781097"}],"wp:term":[{"taxonomy":"category","embeddable":true,"href":"https:\/\/www.corumbaonline.com.br\/news\/wp-json\/wp\/v2\/categories?post=11781097"},{"taxonomy":"post_tag","embeddable":true,"href":"https:\/\/www.corumbaonline.com.br\/news\/wp-json\/wp\/v2\/tags?post=11781097"}],"curies":[{"name":"wp","href":"https:\/\/api.w.org\/{rel}","templated":true}]}}