{"id":11781125,"date":"2026-04-24T08:54:00","date_gmt":"2026-04-24T12:54:00","guid":{"rendered":"https:\/\/www.corumbaonline.com.br\/news\/?p=11781125"},"modified":"2026-04-24T08:28:37","modified_gmt":"2026-04-24T12:28:37","slug":"fas-2026-transforma-corumba-em-territorio-de-encontros-arte-e-travessia","status":"publish","type":"post","link":"https:\/\/www.corumbaonline.com.br\/news\/fas-2026-transforma-corumba-em-territorio-de-encontros-arte-e-travessia\/","title":{"rendered":"FAS 2026 transforma Corumb\u00e1 em territ\u00f3rio de encontros, arte e travessia"},"content":{"rendered":"<p>H\u00e1 cidades que s\u00e3o feitas de ruas. Corumb\u00e1 \u00e9 feita de encontros. Nas margens do Pantanal, na linha viva onde pa\u00edses se tocam, Corumb\u00e1 volta a pulsar como territ\u00f3rio de travessia com o Festival Am\u00e9rica do Sul 2026. Entre 14 e 17 de maio, a fronteira deixa de ser limite e se torna linguagem \u2014 um espa\u00e7o onde culturas se reconhecem, se misturam e seguem adiante, reinventadas.<\/p>\n<p>Realizado pelo Governo do Estado, por meio da Secretaria de Turismo, Esporte e Cultura, Funda\u00e7\u00e3o de Cultura (Setesc) e apoio da Prefeitura Municipal de Corumb\u00e1, o Festival Am\u00e9rica do Sul vai muito al\u00e9m dos grandes palcos. Tendas, escolas, pra\u00e7as, associa\u00e7\u00f5es e tablados ressaltam a pluralidade de produ\u00e7\u00f5es e representatividades: o FAS abra\u00e7a a arte negra e ind\u00edgena, a inf\u00e2ncia e percorre bairros perif\u00e9ricos de uma cidade de m\u00faltiplas identidades.<\/p>\n<p>Em suas ruas, pra\u00e7as e espa\u00e7os culturais, a arte encontra morada. Seja na m\u00fasica que ecoa, no teatro que ocupa, na dan\u00e7a que atravessa corpos, na literatura que narra, no artesanato que guarda mem\u00f3rias, nas artes visuais que revelam olhares, no cinema que projeta outras realidades. Cada linguagem \u00e9 um caminho \u2014 e todos levam ao encontro.<\/p>\n<p>A programa\u00e7\u00e3o musical acompanha esse movimento. Na quinta-feira (14), a cena regional inaugura o festival como quem chama pelo nome: s\u00e3o artistas do territ\u00f3rio que d\u00e3o o tom de pertencimento, reafirmando que toda travessia come\u00e7a pelo reconhecimento de onde se pisa.<\/p>\n<p>Na sexta-feira (15) o DJ Dennis traz a pulsa\u00e7\u00e3o das cidades, a batida que nasce nas periferias e ganha o pa\u00eds, transformando o espa\u00e7o p\u00fablico em pista e celebra\u00e7\u00e3o. Com uma carreira consolidada como produtor e hitmaker, Dennis \u00e9 respons\u00e1vel por alguns dos maiores sucessos do funk brasileiro contempor\u00e2neo, conectando diferentes p\u00fablicos e ampliando as fronteiras do g\u00eanero.<\/p>\n<p>Seus shows carregam essa mesma energia: sets din\u00e2micos, que transitam entre o funk, o pop e a m\u00fasica eletr\u00f4nica, criando uma experi\u00eancia coletiva marcada pela dan\u00e7a e pela intensidade. Em Corumb\u00e1, sua presen\u00e7a refor\u00e7a o di\u00e1logo do festival com as express\u00f5es urbanas e com as sonoridades que emergem das ruas para ocupar o centro da cena cultural brasileira.<\/p>\n<p>No s\u00e1bado (16), Marcelo D2 ocupa o palco como quem constr\u00f3i pontes entre tempos. Em seu Manual Pr\u00e1tico do Novo Samba Tradicional, o artista mergulha em um processo criativo que une a for\u00e7a ancestral do samba \u00e0s possibilidades da m\u00fasica contempor\u00e2nea, combinando batidas eletr\u00f4nicas \u2014 como a cl\u00e1ssica 808 \u2014 a instrumentos tradicionais como tant\u00e3, repique e cu\u00edca, em um gesto de reinven\u00e7\u00e3o e continuidade.<\/p>\n<p>Sua apresenta\u00e7\u00e3o se aproxima de um convite \u00e0 partilha. D2 se coloca como um mediador entre tradi\u00e7\u00e3o e p\u00fablico, abrindo caminhos para que o espectador compreenda a constru\u00e7\u00e3o da obra e se reconhe\u00e7a nela. \u00c9 o samba como organismo vivo, em transforma\u00e7\u00e3o constante, que carrega mem\u00f3ria, mas tamb\u00e9m aponta para o futuro.<\/p>\n<p>Dilsinho encerra o festival no domingo (17) com a delicadeza dos afetos que se tornam canto coletivo. Dono de uma das vozes mais populares do pagode atual, o artista construiu uma trajet\u00f3ria marcada por sucessos que dialogam diretamente com o cotidiano, o amor e as rela\u00e7\u00f5es humanas, conquistando milh\u00f5es de ouvintes nas plataformas digitais.<\/p>\n<p>A \u201cTurn\u00ea Diferent\u00e3o\u201d conta com repert\u00f3rio que mistura grandes sucessos e novidades sonoras e promete emocionar e contagiar o p\u00fablico. Com sua voz marcante e carisma inconfund\u00edvel, Dilsinho promete uma verdadeira celebra\u00e7\u00e3o do pagode, proporcionando ao p\u00fablico uma viagem musical repleta de hits e novas can\u00e7\u00f5es.<\/p>\n<p>Para o diretor-presidente da Funda\u00e7\u00e3o de Cultura de Mato Grosso do Sul, Eduardo Mendes, o festival \u00e9 express\u00e3o de um compromisso maior. \u201cO Festival Am\u00e9rica do Sul \u00e9 um espa\u00e7o onde a cultura cumpre seu papel mais essencial: aproximar. Em Corumb\u00e1, essa voca\u00e7\u00e3o se intensifica, porque a cidade j\u00e1 nasce encontro. O que fazemos \u00e9 potencializar essa for\u00e7a, criando oportunidades para que diferentes povos e express\u00f5es se conectem por meio da arte\u201d.<\/p>\n<p>A programa\u00e7\u00e3o completa estar\u00e1 dispon\u00edvel em breve no MS Cultural.\u00a0<em><strong><a href=\"https:\/\/mscultural.ms.gov.br\/\">Conhe\u00e7a o portal aqui<\/a><\/strong><\/em>.<\/p>\n<p><strong><em>Fonte: Comunica\u00e7\u00e3o Setesc<\/em><\/strong><\/p>\n","protected":false},"excerpt":{"rendered":"<p>H\u00e1 cidades que s\u00e3o feitas de ruas. Corumb\u00e1 \u00e9 feita de encontros. Nas margens do&#8230;<\/p>\n","protected":false},"author":70,"featured_media":11781126,"comment_status":"closed","ping_status":"closed","sticky":false,"template":"","format":"standard","meta":{"footnotes":""},"categories":[13],"tags":[421,420],"class_list":["post-11781125","post","type-post","status-publish","format-standard","has-post-thumbnail","hentry","category-fas","tag-fas","tag-fas-festival-america-do-sul"],"_links":{"self":[{"href":"https:\/\/www.corumbaonline.com.br\/news\/wp-json\/wp\/v2\/posts\/11781125","targetHints":{"allow":["GET"]}}],"collection":[{"href":"https:\/\/www.corumbaonline.com.br\/news\/wp-json\/wp\/v2\/posts"}],"about":[{"href":"https:\/\/www.corumbaonline.com.br\/news\/wp-json\/wp\/v2\/types\/post"}],"author":[{"embeddable":true,"href":"https:\/\/www.corumbaonline.com.br\/news\/wp-json\/wp\/v2\/users\/70"}],"replies":[{"embeddable":true,"href":"https:\/\/www.corumbaonline.com.br\/news\/wp-json\/wp\/v2\/comments?post=11781125"}],"version-history":[{"count":1,"href":"https:\/\/www.corumbaonline.com.br\/news\/wp-json\/wp\/v2\/posts\/11781125\/revisions"}],"predecessor-version":[{"id":11781127,"href":"https:\/\/www.corumbaonline.com.br\/news\/wp-json\/wp\/v2\/posts\/11781125\/revisions\/11781127"}],"wp:featuredmedia":[{"embeddable":true,"href":"https:\/\/www.corumbaonline.com.br\/news\/wp-json\/wp\/v2\/media\/11781126"}],"wp:attachment":[{"href":"https:\/\/www.corumbaonline.com.br\/news\/wp-json\/wp\/v2\/media?parent=11781125"}],"wp:term":[{"taxonomy":"category","embeddable":true,"href":"https:\/\/www.corumbaonline.com.br\/news\/wp-json\/wp\/v2\/categories?post=11781125"},{"taxonomy":"post_tag","embeddable":true,"href":"https:\/\/www.corumbaonline.com.br\/news\/wp-json\/wp\/v2\/tags?post=11781125"}],"curies":[{"name":"wp","href":"https:\/\/api.w.org\/{rel}","templated":true}]}}