{"id":11781138,"date":"2026-04-24T10:16:00","date_gmt":"2026-04-24T14:16:00","guid":{"rendered":"https:\/\/www.corumbaonline.com.br\/news\/?p=11781138"},"modified":"2026-04-24T10:31:04","modified_gmt":"2026-04-24T14:31:04","slug":"aposentados-e-pensionistas-do-inss-comecam-a-receber-13o-nesta-sexta","status":"publish","type":"post","link":"https:\/\/www.corumbaonline.com.br\/news\/aposentados-e-pensionistas-do-inss-comecam-a-receber-13o-nesta-sexta\/","title":{"rendered":"Aposentados e pensionistas do INSS come\u00e7am a receber 13\u00ba nesta sexta"},"content":{"rendered":"<p>Cerca de 23,3 milh\u00f5es dos 35,2 milh\u00f5es de aposentados, pensionistas e benefici\u00e1rios de aux\u00edlios do Instituto Nacional do Seguro Social (INSS) come\u00e7am a receber nesta sexta-feira (24) a primeira parcela da antecipa\u00e7\u00e3o do d\u00e9cimo terceiro.<img decoding=\"async\" src=\"https:\/\/agenciabrasil.ebc.com.br\/ebc.png?id=1687063&amp;o=node\" \/><img decoding=\"async\" src=\"https:\/\/agenciabrasil.ebc.com.br\/ebc.gif?id=1687063&amp;o=node\" \/><\/p>\n<p>Com a previs\u00e3o de injetar R$ 78,2 bilh\u00f5es na economia, o pagamento come\u00e7a para quem ganha um sal\u00e1rio m\u00ednimo.\u00a0Os 11,9 milh\u00f5es restantes, que ganham al\u00e9m do m\u00ednimo, come\u00e7am a receber a antecipa\u00e7\u00e3o do d\u00e9cimo terceiro em 2 de maio.<\/p>\n<p>O benef\u00edcio extra ser\u00e1 pago em duas parcelas. A primeira ser\u00e1 paga nesta sexta at\u00e9 8 de maio. A segunda vai de 25 de maio a 8 de junho. As datas s\u00e3o definidas com base no d\u00edgito final do N\u00famero de Inscri\u00e7\u00e3o Social (NIS) e com base na renda do benefici\u00e1rio.\u00a0Quem ganha apenas o sal\u00e1rio m\u00ednimo come\u00e7a a receber antes de quem recebe mais que o m\u00ednimo.<\/p>\n<p>O\u00a0<a href=\"https:\/\/www.in.gov.br\/web\/dou\/-\/decreto-n-12.884-de-19-de-marco-de-2026-694121063\" target=\"_blank\" rel=\"noopener\">decreto<\/a>\u00a0com a antecipa\u00e7\u00e3o do d\u00e9cimo terceiro do INSS foi assinado no fim de mar\u00e7o pelo presidente Luiz In\u00e1cio Lula da Silva. Este ser\u00e1 o s\u00e9timos ano seguido em que os segurados do INSS receber\u00e3o do d\u00e9cimo terceiro antes das datas tradicionais, em agosto e em dezembro. Em 2020 e 2021, o pagamento ocorreu mais cedo por causa da pandemia de covid-19. Em 2022 e 2023, as parcelas foram pagas em maio e junho. Em 2024 e 2025, em abril e maio.<\/p>\n<p>A consulta pode ser feita no aplicativo Meu INSS, dispon\u00edvel para celulares e tablets, ou no site gov.br\/meuinss.\u00a0Quem n\u00e3o tiver acesso \u00e0 internet pode consultar a libera\u00e7\u00e3o do d\u00e9cimo terceiro pelo telefone 135. Nesse caso, \u00e9 necess\u00e1rio informar o n\u00famero do Cadastro de Pessoas F\u00edsicas (CPF) e confirmar alguns dados ao atendente antes de fazer a consulta. O atendimento telef\u00f4nico est\u00e1 dispon\u00edvel de segunda a s\u00e1bado, das 7h \u00e0s 22h.<\/p>\n<p>&nbsp;<\/p>\n<div>\n<div><img decoding=\"async\" title=\"INSS\/Divulga\u00e7\u00e3o\" src=\"https:\/\/imagens.ebc.com.br\/EodCuVMXLpXS6ljgRwkuhsvqoC8=\/754x0\/smart\/https:\/\/agenciabrasil.ebc.com.br\/sites\/default\/files\/thumbnails\/image\/2026\/04\/15\/inssidosos.jpg?itok=DCV2flGh\" alt=\"Bras\u00edlia (DF), 15\/04\/2026 - Aposentados e pensionistas do INSS podem consultar antecipa\u00e7\u00e3o do 13\u00ba sal\u00e1rio. Foto: INSS\/Divulga\u00e7\u00e3o\" \/><\/div>\n<div>\n<h6>\u00a0Aposentados e pensionistas do INSS podem consultar antecipa\u00e7\u00e3o do 13\u00ba sal\u00e1rio. Foto:\u00a0INSS\/Divulga\u00e7\u00e3o<\/h6>\n<\/div>\n<\/div>\n<p>&nbsp;<\/p>\n<p>Conforme os dados mais recentes do INSS, de fevereiro, 23,3 milh\u00f5es de pessoas, cerca de 66,2% do total dos segurados do INSS, ganham at\u00e9 um sal\u00e1rio-m\u00ednimo por m\u00eas (R$ 1.621). Outros 11,9 milh\u00f5es de benefici\u00e1rios recebem acima do piso nacional. Desse total, 13,7 mil ganham o teto da Previd\u00eancia Social, de R$ 8.475,55.<\/p>\n<p>A maioria dos aposentados e pensionistas receber\u00e1 50% do d\u00e9cimo terceiro na primeira parcela. A exce\u00e7\u00e3o \u00e9 para quem passou a receber o benef\u00edcio depois de janeiro e ter\u00e1 o valor calculado proporcionalmente.<\/p>\n<p>O Minist\u00e9rio da Previd\u00eancia esclarece que os segurados que recebem benef\u00edcio por incapacidade tempor\u00e1ria (antigo aux\u00edlio-doen\u00e7a) tamb\u00e9m t\u00eam direito a uma parcela menor do d\u00e9cimo terceiro, calculada de acordo com a dura\u00e7\u00e3o do benef\u00edcio. Por lei, os segurados que recebem benef\u00edcios assistenciais, como o Benef\u00edcio de Presta\u00e7\u00e3o Continuada (BPC) e o Renda Mensal Vital\u00edcia, n\u00e3o t\u00eam direito a d\u00e9cimo terceiro sal\u00e1rio.<\/p>\n","protected":false},"excerpt":{"rendered":"<p>Cerca de 23,3 milh\u00f5es dos 35,2 milh\u00f5es de aposentados, pensionistas e benefici\u00e1rios de aux\u00edlios do&#8230;<\/p>\n","protected":false},"author":4,"featured_media":11720373,"comment_status":"closed","ping_status":"closed","sticky":false,"template":"","format":"standard","meta":{"footnotes":""},"categories":[9],"tags":[189],"class_list":["post-11781138","post","type-post","status-publish","format-standard","has-post-thumbnail","hentry","category-economia","tag-economia"],"_links":{"self":[{"href":"https:\/\/www.corumbaonline.com.br\/news\/wp-json\/wp\/v2\/posts\/11781138","targetHints":{"allow":["GET"]}}],"collection":[{"href":"https:\/\/www.corumbaonline.com.br\/news\/wp-json\/wp\/v2\/posts"}],"about":[{"href":"https:\/\/www.corumbaonline.com.br\/news\/wp-json\/wp\/v2\/types\/post"}],"author":[{"embeddable":true,"href":"https:\/\/www.corumbaonline.com.br\/news\/wp-json\/wp\/v2\/users\/4"}],"replies":[{"embeddable":true,"href":"https:\/\/www.corumbaonline.com.br\/news\/wp-json\/wp\/v2\/comments?post=11781138"}],"version-history":[{"count":1,"href":"https:\/\/www.corumbaonline.com.br\/news\/wp-json\/wp\/v2\/posts\/11781138\/revisions"}],"predecessor-version":[{"id":11781139,"href":"https:\/\/www.corumbaonline.com.br\/news\/wp-json\/wp\/v2\/posts\/11781138\/revisions\/11781139"}],"wp:featuredmedia":[{"embeddable":true,"href":"https:\/\/www.corumbaonline.com.br\/news\/wp-json\/wp\/v2\/media\/11720373"}],"wp:attachment":[{"href":"https:\/\/www.corumbaonline.com.br\/news\/wp-json\/wp\/v2\/media?parent=11781138"}],"wp:term":[{"taxonomy":"category","embeddable":true,"href":"https:\/\/www.corumbaonline.com.br\/news\/wp-json\/wp\/v2\/categories?post=11781138"},{"taxonomy":"post_tag","embeddable":true,"href":"https:\/\/www.corumbaonline.com.br\/news\/wp-json\/wp\/v2\/tags?post=11781138"}],"curies":[{"name":"wp","href":"https:\/\/api.w.org\/{rel}","templated":true}]}}