{"id":11781142,"date":"2026-04-24T10:45:00","date_gmt":"2026-04-24T14:45:00","guid":{"rendered":"https:\/\/www.corumbaonline.com.br\/news\/?p=11781142"},"modified":"2026-04-24T10:39:00","modified_gmt":"2026-04-24T14:39:00","slug":"homem-e-preso-por-trafico-de-drogas-no-centro-de-corumba","status":"publish","type":"post","link":"https:\/\/www.corumbaonline.com.br\/news\/homem-e-preso-por-trafico-de-drogas-no-centro-de-corumba\/","title":{"rendered":"Homem \u00e9 preso por tr\u00e1fico de drogas no centro de Corumb\u00e1"},"content":{"rendered":"<p>Na manh\u00e3 desta quinta-feira (23), a Pol\u00edcia Militar prendeu em flagrante um homem de 44 anos por tr\u00e1fico de drogas no centro de Corumb\u00e1. A a\u00e7\u00e3o ocorreu durante patrulhamento preventivo da equipe de R\u00e1dio Patrulha de Tr\u00e2nsito, entre as ruas Treze de Junho e Delamare, quando os policiais avistaram dois indiv\u00edduos em atitude suspeita. Ao perceberem a aproxima\u00e7\u00e3o da viatura, a dupla tentou fugir e dispensou entorpecentes pelo caminho.<\/p>\n<p>Na abordagem, os militares identificaram que o principal suspeito carregava uma bolsa com drogas e outra com dinheiro proveniente do crime. Ele confessou que comercializava os entorpecentes no local e detalhou a din\u00e2mica das vendas. Com o autor, foram apreendidos R$ 358,55 em notas e moedas diversas.<\/p>\n<p>Em buscas pelo per\u00edmetro, a guarni\u00e7\u00e3o localizou 10 por\u00e7\u00f5es de maconha (18g), 8 papelotes de pasta base (5g) e 5 trouxinhas de coca\u00edna (2g), al\u00e9m de 5 peneiras utilizadas no preparo das drogas e um caderno de anota\u00e7\u00f5es sobre o controle das vendas il\u00edcitas. Os policiais tamb\u00e9m constataram que o homem utilizava tornozeleira eletr\u00f4nica, que estava propositalmente desligada. O segundo abordado declarou ser apenas usu\u00e1rio e permaneceu como testemunha da a\u00e7\u00e3o.<\/p>\n<p>Diante do flagrante, os envolvidos foram encaminhados \u00e0 Primeira Delegacia de Pol\u00edcia. O autor foi apresentado \u00e0 equipe da Ag\u00eancia Estadual de Administra\u00e7\u00e3o do Sistema Penitenci\u00e1rio (AGEPEN), que confirmou a desativa\u00e7\u00e3o da tornozeleira e realizou o corte do dispositivo.<\/p>\n","protected":false},"excerpt":{"rendered":"<p>Na manh\u00e3 desta quinta-feira (23), a Pol\u00edcia Militar prendeu em flagrante um homem de 44&#8230;<\/p>\n","protected":false},"author":6,"featured_media":11781143,"comment_status":"closed","ping_status":"closed","sticky":false,"template":"","format":"standard","meta":{"footnotes":""},"categories":[18],"tags":[249],"class_list":["post-11781142","post","type-post","status-publish","format-standard","has-post-thumbnail","hentry","category-seguranca","tag-seguranca"],"_links":{"self":[{"href":"https:\/\/www.corumbaonline.com.br\/news\/wp-json\/wp\/v2\/posts\/11781142","targetHints":{"allow":["GET"]}}],"collection":[{"href":"https:\/\/www.corumbaonline.com.br\/news\/wp-json\/wp\/v2\/posts"}],"about":[{"href":"https:\/\/www.corumbaonline.com.br\/news\/wp-json\/wp\/v2\/types\/post"}],"author":[{"embeddable":true,"href":"https:\/\/www.corumbaonline.com.br\/news\/wp-json\/wp\/v2\/users\/6"}],"replies":[{"embeddable":true,"href":"https:\/\/www.corumbaonline.com.br\/news\/wp-json\/wp\/v2\/comments?post=11781142"}],"version-history":[{"count":1,"href":"https:\/\/www.corumbaonline.com.br\/news\/wp-json\/wp\/v2\/posts\/11781142\/revisions"}],"predecessor-version":[{"id":11781144,"href":"https:\/\/www.corumbaonline.com.br\/news\/wp-json\/wp\/v2\/posts\/11781142\/revisions\/11781144"}],"wp:featuredmedia":[{"embeddable":true,"href":"https:\/\/www.corumbaonline.com.br\/news\/wp-json\/wp\/v2\/media\/11781143"}],"wp:attachment":[{"href":"https:\/\/www.corumbaonline.com.br\/news\/wp-json\/wp\/v2\/media?parent=11781142"}],"wp:term":[{"taxonomy":"category","embeddable":true,"href":"https:\/\/www.corumbaonline.com.br\/news\/wp-json\/wp\/v2\/categories?post=11781142"},{"taxonomy":"post_tag","embeddable":true,"href":"https:\/\/www.corumbaonline.com.br\/news\/wp-json\/wp\/v2\/tags?post=11781142"}],"curies":[{"name":"wp","href":"https:\/\/api.w.org\/{rel}","templated":true}]}}