{"id":11781162,"date":"2026-04-24T11:20:00","date_gmt":"2026-04-24T15:20:00","guid":{"rendered":"https:\/\/www.corumbaonline.com.br\/news\/?p=11781162"},"modified":"2026-04-24T11:11:08","modified_gmt":"2026-04-24T15:11:08","slug":"professor-reflexivo-a-chave-para-transformar-a-educacao-contemporanea","status":"publish","type":"post","link":"https:\/\/www.corumbaonline.com.br\/news\/professor-reflexivo-a-chave-para-transformar-a-educacao-contemporanea\/","title":{"rendered":"Professor Reflexivo: A Chave para transformar a educa\u00e7\u00e3o contempor\u00e2nea"},"content":{"rendered":"\n<p class=\"has-text-align-right\">Por Viviane Regina de Miranda do Nascimento e Ester Tartarotti<\/p>\n\n\n<p>A educa\u00e7\u00e3o brasileira vive um momento de intensas transforma\u00e7\u00f5es. O avan\u00e7o das tecnologias, as mudan\u00e7as sociais e a necessidade de formar cidad\u00e3os cr\u00edticos e aut\u00f4nomos exigem dos professores uma postura diferente daquela tradicionalmente adotada nas salas de aula. Nesse cen\u00e1rio, ganha for\u00e7a a teoria do <strong>professor reflexivo<\/strong>, que coloca a reflex\u00e3o sobre a pr\u00e1tica pedag\u00f3gica como elemento central do desenvolvimento profissional docente.<\/p>\n<p>Inspirada em autores como Dewey, Sch\u00f6n, Alarc\u00e3o e Lib\u00e2neo, a pesquisa realizada por Viviane Regina de Miranda do Nascimento e Ester Tartarotti analisou artigos publicados entre 2010 e 2020 e concluiu que a pr\u00e1tica reflexiva \u00e9 capaz de romper com modelos t\u00e9cnicos e tradicionais de ensino. Mais do que planejar aulas, o professor precisa estar preparado para repensar suas a\u00e7\u00f5es em tempo real, ajustando estrat\u00e9gias e construindo novos caminhos de aprendizagem junto aos alunos.<\/p>\n<p>Segundo Sch\u00f6n, a chamada \u201creflex\u00e3o na a\u00e7\u00e3o\u201d permite que o docente adapte sua pr\u00e1tica durante o processo de ensino, sem perder de vista os objetivos pedag\u00f3gicos. J\u00e1 Alarc\u00e3o refor\u00e7a que ser um profissional reflexivo \u00e9 uma exig\u00eancia cada vez mais urgente em um mundo em constante mudan\u00e7a. Para Lib\u00e2neo, observar e refletir sobre as pr\u00f3prias a\u00e7\u00f5es \u00e9 essencial para resolver problemas e promover avan\u00e7os no cotidiano escolar.<\/p>\n<p>A pesquisa, de car\u00e1ter qualitativo, utilizou a <strong>An\u00e1lise de Conte\u00fado Categorial de Bardin<\/strong> para examinar 20 artigos selecionados em peri\u00f3dicos nacionais. Os resultados apontam que a pr\u00e1tica reflexiva favorece a autonomia, a criticidade e a constru\u00e7\u00e3o de conhecimentos docentes, al\u00e9m de contribuir para a forma\u00e7\u00e3o de cidad\u00e3os mais conscientes e participativos.<\/p>\n<p>Em s\u00edntese, o estudo conclui que a reflex\u00e3o sistem\u00e1tica sobre a a\u00e7\u00e3o pedag\u00f3gica constitui um movimento cont\u00ednuo entre pensar e fazer. Esse processo \u00e9 fundamental para transformar a pr\u00e1tica educativa e fortalecer a identidade profissional dos professores, tornando-os protagonistas na constru\u00e7\u00e3o de uma escola mais democr\u00e1tica e cr\u00edtica.<\/p>\n<p>Leia o artigo completo em: <a href=\"https:\/\/revistatopicos.com.br\/artigos\/a-teoria-do-professor-reflexivo-a-luz-da-pratica-docente\">Revista T\u00f3picos \u2013 A teoria do professor reflexivo \u00e0 luz da pr\u00e1tica docente<\/a><\/p>\n\n<p><img loading=\"lazy\" decoding=\"async\" class=\"alignleft size-full wp-image-11780454\" src=\"https:\/\/www.corumbaonline.com.br\/news\/wp-content\/uploads\/2026\/04\/foto125649.fw_.png\" alt=\"\" width=\"300\" height=\"300\" srcset=\"https:\/\/www.corumbaonline.com.br\/news\/wp-content\/uploads\/2026\/04\/foto125649.fw_.png 300w, https:\/\/www.corumbaonline.com.br\/news\/wp-content\/uploads\/2026\/04\/foto125649.fw_-150x150.png 150w\" sizes=\"auto, (max-width: 300px) 100vw, 300px\" \/>\u00c9 licenciada e Bacharel em Ci\u00eancias Biol\u00f3gicas pela Universidade Federal de Mato Grosso do Sul . Especialista em Gest\u00e3o e Coordena\u00e7\u00e3o Pedag\u00f3gica pela Faculdade NovOste. Especialista em Planejamento e Gest\u00e3o Ambiental pela Universidade para o Desenvolvimento do Estado e da Regi\u00e3o do Pantanal. Possui Especializa\u00e7\u00e3o em Educa\u00e7\u00e3o Especial, Inclusiva e as m\u00faltiplas defici\u00eancias, Possui Especializa\u00e7\u00e3o em Educa\u00e7\u00e3o a dist\u00e2ncia: Gest\u00e3o e doc\u00eancia.Possui Gradua\u00e7\u00e3o em Pedagogia pela UniFael. Mestra em Ensino de Ci\u00eancia pela Universidade Federal de Mato Grosso do Sul. Atualmente \u00e9 servidora p\u00fablica, atua como professora do Laborat\u00f3rio de Ci\u00eancias da Rede Municipal de Educa\u00e7\u00e3o. Professora do Ensino Fundamental I na escola da SED.<\/p>","protected":false},"excerpt":{"rendered":"<p>Por Viviane Regina de Miranda do Nascimento e Ester Tartarotti A educa\u00e7\u00e3o brasileira vive um&#8230;<\/p>\n","protected":false},"author":6,"featured_media":11780454,"comment_status":"closed","ping_status":"closed","sticky":false,"template":"","format":"standard","meta":{"footnotes":""},"categories":[3],"tags":[829],"class_list":["post-11781162","post","type-post","status-publish","format-standard","has-post-thumbnail","hentry","category-artigo","tag-artigo"],"_links":{"self":[{"href":"https:\/\/www.corumbaonline.com.br\/news\/wp-json\/wp\/v2\/posts\/11781162","targetHints":{"allow":["GET"]}}],"collection":[{"href":"https:\/\/www.corumbaonline.com.br\/news\/wp-json\/wp\/v2\/posts"}],"about":[{"href":"https:\/\/www.corumbaonline.com.br\/news\/wp-json\/wp\/v2\/types\/post"}],"author":[{"embeddable":true,"href":"https:\/\/www.corumbaonline.com.br\/news\/wp-json\/wp\/v2\/users\/6"}],"replies":[{"embeddable":true,"href":"https:\/\/www.corumbaonline.com.br\/news\/wp-json\/wp\/v2\/comments?post=11781162"}],"version-history":[{"count":1,"href":"https:\/\/www.corumbaonline.com.br\/news\/wp-json\/wp\/v2\/posts\/11781162\/revisions"}],"predecessor-version":[{"id":11781163,"href":"https:\/\/www.corumbaonline.com.br\/news\/wp-json\/wp\/v2\/posts\/11781162\/revisions\/11781163"}],"wp:featuredmedia":[{"embeddable":true,"href":"https:\/\/www.corumbaonline.com.br\/news\/wp-json\/wp\/v2\/media\/11780454"}],"wp:attachment":[{"href":"https:\/\/www.corumbaonline.com.br\/news\/wp-json\/wp\/v2\/media?parent=11781162"}],"wp:term":[{"taxonomy":"category","embeddable":true,"href":"https:\/\/www.corumbaonline.com.br\/news\/wp-json\/wp\/v2\/categories?post=11781162"},{"taxonomy":"post_tag","embeddable":true,"href":"https:\/\/www.corumbaonline.com.br\/news\/wp-json\/wp\/v2\/tags?post=11781162"}],"curies":[{"name":"wp","href":"https:\/\/api.w.org\/{rel}","templated":true}]}}