{"id":11781164,"date":"2026-04-24T15:00:00","date_gmt":"2026-04-24T19:00:00","guid":{"rendered":"https:\/\/www.corumbaonline.com.br\/news\/?p=11781164"},"modified":"2026-04-24T14:57:46","modified_gmt":"2026-04-24T18:57:46","slug":"mec-prorroga-prazo-para-pedir-isencao-da-taxa-de-inscricao-do-enem","status":"publish","type":"post","link":"https:\/\/www.corumbaonline.com.br\/news\/mec-prorroga-prazo-para-pedir-isencao-da-taxa-de-inscricao-do-enem\/","title":{"rendered":"MEC prorroga prazo para pedir isen\u00e7\u00e3o da taxa de inscri\u00e7\u00e3o do Enem"},"content":{"rendered":"<p>O Minist\u00e9rio da Educa\u00e7\u00e3o (MEC) e o Instituto Nacional de Estudos e Pesquisas Educacionais An\u00edsio Teixeira (Inep) prorrogaram o prazo para\u00a0o pedido de isen\u00e7\u00e3o de pagamento da taxa de inscri\u00e7\u00e3o do Exame Nacional do Ensino M\u00e9dio (Enem) de 2026.\u00a0Inicialmente, os estudantes interessados deveriam solicitar o benef\u00edcio at\u00e9 esta sexta-feira (24), mas agora o prazo segue aberto at\u00e9 o dia 30 deste m\u00eas.\u00a0<img decoding=\"async\" src=\"https:\/\/agenciabrasil.ebc.com.br\/ebc.png?id=1687154&amp;o=node\" \/><img decoding=\"async\" src=\"https:\/\/agenciabrasil.ebc.com.br\/ebc.gif?id=1687154&amp;o=node\" \/><\/p>\n<p>A solicita\u00e7\u00e3o deve ser feita na\u00a0<a href=\"https:\/\/enem.inep.gov.br\/participante\/#!\/\" target=\"_blank\" rel=\"noopener\">P\u00e1gina do Participante do Enem<\/a>, por meio do login \u00fanico da plataforma de servi\u00e7os digitais do governo federal, o Gov.br.<\/p>\n<p>A gratuidade na taxa de inscri\u00e7\u00e3o do Enem \u00e9 prevista nos seguintes casos:<\/p>\n<ul>\n<li>matriculados no 3\u00ba ano do ensino m\u00e9dio em escola p\u00fablica, em 2026;<\/li>\n<li>estudantes de todo o ensino m\u00e9dio em escola p\u00fablica ou bolsistas integrais em escola privada e que tenham\u00a0renda igual ou inferior a um sal\u00e1rio m\u00ednimo e meio;<\/li>\n<li>pessoas de baixa renda com registro ativo no Cadastro \u00danico para Programas Sociais do governo federal (Cad\u00danico);<\/li>\n<li>benefici\u00e1rios do programa P\u00e9-de-Meia, do Minist\u00e9rio da Educa\u00e7\u00e3o (MEC);<\/li>\n<\/ul>\n<p>A\u00a0isen\u00e7\u00e3o n\u00e3o \u00e9 autom\u00e1tica, portanto os candidatos que se encaixam em um desses requisitos devem solicitar a dispensa do pagamento.<\/p>\n<h2>Aus\u00eancia em 2025<\/h2>\n<p>O participante que obteve\u00a0a isen\u00e7\u00e3o do pagamento da taxa no Enem de 2025, mas n\u00e3o compareceu \u00e0s provas nos dois dias de aplica\u00e7\u00e3o, deve justificar a aus\u00eancia caso queira solicitar o benef\u00edcio novamente em 2026.<\/p>\n<p>Entre os documentos previstos no edital para justificar a falta, est\u00e3o o boletim de ocorr\u00eancia policial\u00a0para casos de assaltos ou acidente de tr\u00e2nsito; atestado m\u00e9dico; certid\u00e3o de \u00f3bito de familiares, dentre outros. Confira as especifica\u00e7\u00f5es para o envio no\u00a0<a href=\"https:\/\/www.in.gov.br\/web\/dou\/-\/edital-n-21-de-25-de-marco-de-2026-696989916\" target=\"_blank\" rel=\"noopener\">edital<\/a>.<\/p>\n<p>A justificativa da aus\u00eancia no Enem 2025 tamb\u00e9m deve ser feita pela P\u00e1gina do Participante.<\/p>\n<h2>Resultado<\/h2>\n<p>Os resultados das solicita\u00e7\u00f5es de isen\u00e7\u00e3o da taxa de inscri\u00e7\u00e3o ser\u00e3o divulgados pelo Inep em 8 de maio.<\/p>\n<p>Os solicitantes com pedidos de isen\u00e7\u00e3o negados poder\u00e3o entrar com recurso administrativo entre 11 a 15 de maio.\u00a0Os resultados definitivos dos recursos ser\u00e3o conhecidos em 22 de maio.<\/p>\n<p>Ainda n\u00e3o foi divulgado o in\u00edcio do per\u00edodo de inscri\u00e7\u00e3o para as provas.<\/p>\n<h2>O Enem<\/h2>\n<p>O Enem \u00e9 a principal prova para entrada no ensino superior brasileiro, por meio de iniciativas como o Sistema de Sele\u00e7\u00e3o Unificada (Sisu); o Programa Universidade para Todos (Prouni) e o Fundo de Financiamento Estudantil (Fies).<\/p>\n<p>Desde a edi\u00e7\u00e3o de 2025, o Enem voltou a certificar a conclus\u00e3o do ensino m\u00e9dio para os candidatos que t\u00eam 18 anos completos e alcan\u00e7am a pontua\u00e7\u00e3o m\u00ednima em cada \u00e1rea do conhecimento das provas e na reda\u00e7\u00e3o.<\/p>\n","protected":false},"excerpt":{"rendered":"<p>O Minist\u00e9rio da Educa\u00e7\u00e3o (MEC) e o Instituto Nacional de Estudos e Pesquisas Educacionais An\u00edsio&#8230;<\/p>\n","protected":false},"author":4,"featured_media":11781165,"comment_status":"closed","ping_status":"closed","sticky":false,"template":"","format":"standard","meta":{"footnotes":""},"categories":[10],"tags":[194],"class_list":["post-11781164","post","type-post","status-publish","format-standard","has-post-thumbnail","hentry","category-educacao","tag-educacao"],"_links":{"self":[{"href":"https:\/\/www.corumbaonline.com.br\/news\/wp-json\/wp\/v2\/posts\/11781164","targetHints":{"allow":["GET"]}}],"collection":[{"href":"https:\/\/www.corumbaonline.com.br\/news\/wp-json\/wp\/v2\/posts"}],"about":[{"href":"https:\/\/www.corumbaonline.com.br\/news\/wp-json\/wp\/v2\/types\/post"}],"author":[{"embeddable":true,"href":"https:\/\/www.corumbaonline.com.br\/news\/wp-json\/wp\/v2\/users\/4"}],"replies":[{"embeddable":true,"href":"https:\/\/www.corumbaonline.com.br\/news\/wp-json\/wp\/v2\/comments?post=11781164"}],"version-history":[{"count":1,"href":"https:\/\/www.corumbaonline.com.br\/news\/wp-json\/wp\/v2\/posts\/11781164\/revisions"}],"predecessor-version":[{"id":11781166,"href":"https:\/\/www.corumbaonline.com.br\/news\/wp-json\/wp\/v2\/posts\/11781164\/revisions\/11781166"}],"wp:featuredmedia":[{"embeddable":true,"href":"https:\/\/www.corumbaonline.com.br\/news\/wp-json\/wp\/v2\/media\/11781165"}],"wp:attachment":[{"href":"https:\/\/www.corumbaonline.com.br\/news\/wp-json\/wp\/v2\/media?parent=11781164"}],"wp:term":[{"taxonomy":"category","embeddable":true,"href":"https:\/\/www.corumbaonline.com.br\/news\/wp-json\/wp\/v2\/categories?post=11781164"},{"taxonomy":"post_tag","embeddable":true,"href":"https:\/\/www.corumbaonline.com.br\/news\/wp-json\/wp\/v2\/tags?post=11781164"}],"curies":[{"name":"wp","href":"https:\/\/api.w.org\/{rel}","templated":true}]}}