{"id":11781167,"date":"2026-04-25T10:00:00","date_gmt":"2026-04-25T14:00:00","guid":{"rendered":"https:\/\/www.corumbaonline.com.br\/news\/?p=11781167"},"modified":"2026-04-25T10:01:20","modified_gmt":"2026-04-25T14:01:20","slug":"governo-de-ms-mobiliza-estrutura-e-amplia-acoes-para-conter-avanco-da-chikungunya-no-estado","status":"publish","type":"post","link":"https:\/\/www.corumbaonline.com.br\/news\/governo-de-ms-mobiliza-estrutura-e-amplia-acoes-para-conter-avanco-da-chikungunya-no-estado\/","title":{"rendered":"Governo de MS mobiliza estrutura e amplia a\u00e7\u00f5es para conter avan\u00e7o da chikungunya no Estado"},"content":{"rendered":"<p>O Governo de Mato Grosso do Sul, por meio da SES (Secretaria de Estado de Sa\u00fade), intensificou as a\u00e7\u00f5es de enfrentamento \u00e0 chikungunya em todo o Estado, com foco nas regi\u00f5es de maior incid\u00eancia, especialmente em Dourados, munic\u00edpio que concentra o maior n\u00famero de casos e \u00f3bitos relacionados \u00e0 doen\u00e7a no pa\u00eds.<\/p>\n<p>De acordo com o\u00a0<a href=\"https:\/\/www.saude.ms.gov.br\/wp-content\/uploads\/2026\/04\/Boletim-Epidemiologico-Chikungunya-SE-15-2026.pdf\">Boletim Epidemiol\u00f3gico\u00a0<\/a>\u00a0mais recente, o cen\u00e1rio \u00e9 de aten\u00e7\u00e3o, com aumento expressivo de casos e maior press\u00e3o sobre a rede de sa\u00fade na regi\u00e3o da Grande Dourados. Diante disso, o Estado estruturou uma resposta integrada, que envolve assist\u00eancia, vigil\u00e2ncia, diagn\u00f3stico, controle vetorial e articula\u00e7\u00e3o entre diferentes \u00f3rg\u00e3os.<\/p>\n<div id=\"gallery-1\" class=\"gallery galleryid-539745 gallery-columns-2 gallery-size-full\">\n<figure class=\"gallery-item\">\n<div class=\"gallery-icon landscape\"><a href=\"https:\/\/agenciadenoticias.ms.gov.br\/governo-de-ms-mobiliza-estrutura-e-amplia-acoes-para-conter-avanco-da-chikungunya-no-estado\/divulgacao-1-e1776349376998-1024x602\/\"><img loading=\"lazy\" decoding=\"async\" class=\"attachment-full size-full\" src=\"https:\/\/agenciadenoticias.ms.gov.br\/wp-content\/uploads\/2026\/04\/Divulgacao-1-e1776349376998-1024x602-1.jpeg\" sizes=\"auto, (max-width: 1024px) 100vw, 1024px\" srcset=\"https:\/\/agenciadenoticias.ms.gov.br\/wp-content\/uploads\/2026\/04\/Divulgacao-1-e1776349376998-1024x602-1.jpeg 1024w, https:\/\/agenciadenoticias.ms.gov.br\/wp-content\/uploads\/2026\/04\/Divulgacao-1-e1776349376998-1024x602-1-300x176.jpeg 300w, https:\/\/agenciadenoticias.ms.gov.br\/wp-content\/uploads\/2026\/04\/Divulgacao-1-e1776349376998-1024x602-1-768x452.jpeg 768w, https:\/\/agenciadenoticias.ms.gov.br\/wp-content\/uploads\/2026\/04\/Divulgacao-1-e1776349376998-1024x602-1-350x206.jpeg 350w\" alt=\"\" width=\"1024\" height=\"602\" \/><\/a><\/div>\n<\/figure>\n<figure class=\"gallery-item\">\n<div class=\"gallery-icon landscape\"><a href=\"https:\/\/agenciadenoticias.ms.gov.br\/governo-de-ms-mobiliza-estrutura-e-amplia-acoes-para-conter-avanco-da-chikungunya-no-estado\/reuniao-coe-chikungunya-1024x576\/\"><img loading=\"lazy\" decoding=\"async\" class=\"attachment-full size-full\" src=\"https:\/\/agenciadenoticias.ms.gov.br\/wp-content\/uploads\/2026\/04\/reuniao-COE-chikungunya-1024x576-1.jpeg\" sizes=\"auto, (max-width: 1024px) 100vw, 1024px\" srcset=\"https:\/\/agenciadenoticias.ms.gov.br\/wp-content\/uploads\/2026\/04\/reuniao-COE-chikungunya-1024x576-1.jpeg 1024w, https:\/\/agenciadenoticias.ms.gov.br\/wp-content\/uploads\/2026\/04\/reuniao-COE-chikungunya-1024x576-1-300x169.jpeg 300w, https:\/\/agenciadenoticias.ms.gov.br\/wp-content\/uploads\/2026\/04\/reuniao-COE-chikungunya-1024x576-1-768x432.jpeg 768w, https:\/\/agenciadenoticias.ms.gov.br\/wp-content\/uploads\/2026\/04\/reuniao-COE-chikungunya-1024x576-1-350x197.jpeg 350w\" alt=\"\" width=\"1024\" height=\"576\" \/><\/a><\/div>\n<\/figure>\n<\/div>\n<p>Na \u00e1rea assistencial, o Governo do Estado ampliou a capacidade de atendimento em Dourados com a abertura de 15 leitos exclusivos para pacientes com chikungunya no HRD (Hospital Regional de Dourados). Tamb\u00e9m foi implantado um fluxo emergencial de regula\u00e7\u00e3o para casos graves, reduzindo o tempo de resposta e permitindo o uso de mecanismos excepcionais para garantir acesso r\u00e1pido aos servi\u00e7os de sa\u00fade.<\/p>\n<p>O secret\u00e1rio de Estado de Sa\u00fade, Maur\u00edcio Sim\u00f5es Corr\u00eaa, ressaltou que a estrat\u00e9gia busca assegurar uma resposta completa \u00e0 popula\u00e7\u00e3o. \u201cEstamos atuando com monitoramento di\u00e1rio, apoio direto aos munic\u00edpios e amplia\u00e7\u00e3o da capacidade de atendimento. Nosso objetivo \u00e9 reduzir a transmiss\u00e3o e garantir o cuidado adequado aos pacientes, especialmente nas regi\u00f5es mais afetadas\u201d, afirmou.<img loading=\"lazy\" decoding=\"async\" class=\"size-medium wp-image-539748 alignright\" src=\"https:\/\/agenciadenoticias.ms.gov.br\/wp-content\/uploads\/2026\/04\/divulgacao-SES-acao-enfrentamento-chikungunya-218x300.jpeg\" sizes=\"auto, (max-width: 218px) 100vw, 218px\" srcset=\"https:\/\/agenciadenoticias.ms.gov.br\/wp-content\/uploads\/2026\/04\/divulgacao-SES-acao-enfrentamento-chikungunya-218x300.jpeg 218w, https:\/\/agenciadenoticias.ms.gov.br\/wp-content\/uploads\/2026\/04\/divulgacao-SES-acao-enfrentamento-chikungunya-745x1024.jpeg 745w, https:\/\/agenciadenoticias.ms.gov.br\/wp-content\/uploads\/2026\/04\/divulgacao-SES-acao-enfrentamento-chikungunya-768x1056.jpeg 768w, https:\/\/agenciadenoticias.ms.gov.br\/wp-content\/uploads\/2026\/04\/divulgacao-SES-acao-enfrentamento-chikungunya-175x240.jpeg 175w, https:\/\/agenciadenoticias.ms.gov.br\/wp-content\/uploads\/2026\/04\/divulgacao-SES-acao-enfrentamento-chikungunya.jpeg 900w\" alt=\"\" width=\"218\" height=\"300\" \/><\/p>\n<p>A vigil\u00e2ncia epidemiol\u00f3gica foi refor\u00e7ada com monitoramento cont\u00ednuo por meio da Sala de Situa\u00e7\u00e3o e da atua\u00e7\u00e3o do COE (Centro de Opera\u00e7\u00f5es de Emerg\u00eancia) estadual, que coordena as a\u00e7\u00f5es e possibilita respostas r\u00e1pidas diante da evolu\u00e7\u00e3o dos casos. O Lacen-MS (Laborat\u00f3rio Central de Sa\u00fade P\u00fablica) tamb\u00e9m atua no suporte diagn\u00f3stico, garantindo a confirma\u00e7\u00e3o oportuna dos casos.<\/p>\n<p>Em Dourados, as a\u00e7\u00f5es contaram com o apoio da For\u00e7a Nacional do SUS, em atua\u00e7\u00e3o conjunta com o Estado e o munic\u00edpio. A secret\u00e1ria-adjunta de Estado de Sa\u00fade, Crhistinne Maymone,\u00a0destacou a import\u00e2ncia dessa integra\u00e7\u00e3o. \u201cEsse trabalho conjunto tem sido fundamental para ampliar a assist\u00eancia e reorganizar a rede de atendimento, especialmente nas \u00e1reas mais vulner\u00e1veis, garantindo mais efici\u00eancia no enfrentamento da doen\u00e7a\u201d, afirmou.<\/p>\n<p>No combate ao mosquito, o Estado ampliou as a\u00e7\u00f5es de controle vetorial em todo o territ\u00f3rio. Em Dourados, as equipes atuam tanto na \u00e1rea urbana quanto nos territ\u00f3rios ind\u00edgenas, com visitas domiciliares, elimina\u00e7\u00e3o de criadouros, aplica\u00e7\u00e3o de inseticidas e orienta\u00e7\u00e3o \u00e0 popula\u00e7\u00e3o.<\/p>\n<p>As a\u00e7\u00f5es foram refor\u00e7adas com a capacita\u00e7\u00e3o de agentes de endemias, incluindo profissionais ind\u00edgenas, e tamb\u00e9m com o apoio de militares do Ex\u00e9rcito, que passaram por treinamento espec\u00edfico para atuar no controle vetorial, ampliando a capacidade de resposta no munic\u00edpio.<\/p>\n<p>A atua\u00e7\u00e3o integrada conta ainda com o suporte da Defesa Civil estadual, que refor\u00e7a a log\u00edstica e a organiza\u00e7\u00e3o das a\u00e7\u00f5es em campo. A institui\u00e7\u00e3o atua na coordena\u00e7\u00e3o das frentes de trabalho, no apoio direto aos munic\u00edpios e na agiliza\u00e7\u00e3o da execu\u00e7\u00e3o das medidas, contribuindo para ampliar o alcance das atividades e garantir uma resposta mais eficiente \u00e0 popula\u00e7\u00e3o.<\/p>\n<figure id=\"attachment_539750\" class=\"wp-caption alignleft\" aria-describedby=\"caption-attachment-539750\"><img loading=\"lazy\" decoding=\"async\" class=\"size-medium wp-image-539750\" src=\"https:\/\/agenciadenoticias.ms.gov.br\/wp-content\/uploads\/2026\/04\/imunizante-chikungunya-divulgacao-SES-300x207.jpeg\" sizes=\"auto, (max-width: 300px) 100vw, 300px\" srcset=\"https:\/\/agenciadenoticias.ms.gov.br\/wp-content\/uploads\/2026\/04\/imunizante-chikungunya-divulgacao-SES-300x207.jpeg 300w, https:\/\/agenciadenoticias.ms.gov.br\/wp-content\/uploads\/2026\/04\/imunizante-chikungunya-divulgacao-SES-768x531.jpeg 768w, https:\/\/agenciadenoticias.ms.gov.br\/wp-content\/uploads\/2026\/04\/imunizante-chikungunya-divulgacao-SES-347x240.jpeg 347w, https:\/\/agenciadenoticias.ms.gov.br\/wp-content\/uploads\/2026\/04\/imunizante-chikungunya-divulgacao-SES-350x240.jpeg 350w, https:\/\/agenciadenoticias.ms.gov.br\/wp-content\/uploads\/2026\/04\/imunizante-chikungunya-divulgacao-SES.jpeg 900w\" alt=\"\" width=\"300\" height=\"207\" \/><figcaption id=\"caption-attachment-539750\" class=\"wp-caption-text\">Das 46,5 mil doses previstas, MS j\u00e1 recebeu 20 mil doses do imunizante.<\/figcaption><\/figure>\n<p>Como parte das medidas de preven\u00e7\u00e3o, Mato Grosso do Sul foi inclu\u00eddo na estrat\u00e9gia piloto de vacina\u00e7\u00e3o contra a chikungunya do Minist\u00e9rio da Sa\u00fade, com envio inicial de doses para os munic\u00edpios de Dourados e Itapor\u00e3.<\/p>\n<p>Paralelamente, a SES tem investido na qualifica\u00e7\u00e3o dos profissionais de sa\u00fade, com capacita\u00e7\u00f5es voltadas ao diagn\u00f3stico e manejo cl\u00ednico da doen\u00e7a, contribuindo para a redu\u00e7\u00e3o de complica\u00e7\u00f5es e \u00f3bitos.<\/p>\n<p>Al\u00e9m das a\u00e7\u00f5es do poder p\u00fablico, a SES refor\u00e7a que a participa\u00e7\u00e3o da popula\u00e7\u00e3o \u00e9 fundamental para conter o avan\u00e7o da chikungunya. A orienta\u00e7\u00e3o \u00e9 manter os quintais limpos e livres de recipientes que possam acumular \u00e1gua, verificar poss\u00edveis criadouros do mosquito\u00a0<em>Aedes aegypti<\/em>, manter as caixas d\u2019\u00e1gua bem tampadas e adotar medidas de prote\u00e7\u00e3o individual, como o uso de repelentes.<\/p>\n<p>Em caso de sintomas como febre alta, dores no corpo e nas articula\u00e7\u00f5es, a recomenda\u00e7\u00e3o \u00e9 n\u00e3o se automedicar e procurar a unidade de sa\u00fade mais pr\u00f3xima da resid\u00eancia para avalia\u00e7\u00e3o e orienta\u00e7\u00e3o adequada.<\/p>\n<p>O Governo do Estado segue monitorando diariamente o cen\u00e1rio epidemiol\u00f3gico e ampliando as estrat\u00e9gias de enfrentamento, com foco na redu\u00e7\u00e3o da transmiss\u00e3o e na garantia de atendimento adequado \u00e0 popula\u00e7\u00e3o sul-mato-grossense.<\/p>\n","protected":false},"excerpt":{"rendered":"<p>O Governo de Mato Grosso do Sul, por meio da SES (Secretaria de Estado de&#8230;<\/p>\n","protected":false},"author":13,"featured_media":11781168,"comment_status":"closed","ping_status":"closed","sticky":false,"template":"","format":"standard","meta":{"footnotes":""},"categories":[8,21],"tags":[222],"class_list":["post-11781167","post","type-post","status-publish","format-standard","has-post-thumbnail","hentry","category-destaque","category-saude","tag-saude"],"_links":{"self":[{"href":"https:\/\/www.corumbaonline.com.br\/news\/wp-json\/wp\/v2\/posts\/11781167","targetHints":{"allow":["GET"]}}],"collection":[{"href":"https:\/\/www.corumbaonline.com.br\/news\/wp-json\/wp\/v2\/posts"}],"about":[{"href":"https:\/\/www.corumbaonline.com.br\/news\/wp-json\/wp\/v2\/types\/post"}],"author":[{"embeddable":true,"href":"https:\/\/www.corumbaonline.com.br\/news\/wp-json\/wp\/v2\/users\/13"}],"replies":[{"embeddable":true,"href":"https:\/\/www.corumbaonline.com.br\/news\/wp-json\/wp\/v2\/comments?post=11781167"}],"version-history":[{"count":1,"href":"https:\/\/www.corumbaonline.com.br\/news\/wp-json\/wp\/v2\/posts\/11781167\/revisions"}],"predecessor-version":[{"id":11781169,"href":"https:\/\/www.corumbaonline.com.br\/news\/wp-json\/wp\/v2\/posts\/11781167\/revisions\/11781169"}],"wp:featuredmedia":[{"embeddable":true,"href":"https:\/\/www.corumbaonline.com.br\/news\/wp-json\/wp\/v2\/media\/11781168"}],"wp:attachment":[{"href":"https:\/\/www.corumbaonline.com.br\/news\/wp-json\/wp\/v2\/media?parent=11781167"}],"wp:term":[{"taxonomy":"category","embeddable":true,"href":"https:\/\/www.corumbaonline.com.br\/news\/wp-json\/wp\/v2\/categories?post=11781167"},{"taxonomy":"post_tag","embeddable":true,"href":"https:\/\/www.corumbaonline.com.br\/news\/wp-json\/wp\/v2\/tags?post=11781167"}],"curies":[{"name":"wp","href":"https:\/\/api.w.org\/{rel}","templated":true}]}}