{"id":11781179,"date":"2026-04-25T11:00:00","date_gmt":"2026-04-25T15:00:00","guid":{"rendered":"https:\/\/www.corumbaonline.com.br\/news\/?p=11781179"},"modified":"2026-04-25T10:43:15","modified_gmt":"2026-04-25T14:43:15","slug":"jovem-e-preso-em-flagrante-por-porte-ilegal-de-arma-em-corumba","status":"publish","type":"post","link":"https:\/\/www.corumbaonline.com.br\/news\/jovem-e-preso-em-flagrante-por-porte-ilegal-de-arma-em-corumba\/","title":{"rendered":"Jovem \u00e9 preso em flagrante por porte ilegal de arma em Corumb\u00e1"},"content":{"rendered":"<p>Na noite desta sexta-feira (24), a Pol\u00edcia Militar prendeu um jovem de 20 anos em flagrante por porte ilegal de arma de fogo no bairro Popular Nova, em Corumb\u00e1. A pris\u00e3o ocorreu ap\u00f3s o suspeito tentar fugir da equipe policial e se esconder em uma \u00e1rvore.<\/p>\n<p>A equipe de For\u00e7a T\u00e1tica prestava apoio a uma guarni\u00e7\u00e3o de tr\u00e2nsito em uma ocorr\u00eancia de perturba\u00e7\u00e3o do sossego nas proximidades de uma conveni\u00eancia, na rua Ciriaco de Toledo. Durante os procedimentos, os militares notaram que um motociclista acelerava o motor de forma reiterada, pr\u00e1tica conhecida como \u201ccortar giro\u201d.<\/p>\n<p>Ao se aproximarem para realizar a abordagem, o jovem de 20 anos, que acompanhava o motociclista e fazia uso de tornozeleira eletr\u00f4nica, empreendeu fuga em meio \u00e0 multid\u00e3o. Durante a persegui\u00e7\u00e3o, os policiais flagraram o momento em que o suspeito arremessou um objeto pr\u00f3ximo a um vaso de \u00e1rvore. Em seguida, ele tentou se esconder subindo na \u00e1rvore, mas foi localizado e contido pela guarni\u00e7\u00e3o.<\/p>\n<p>Enquanto a For\u00e7a T\u00e1tica detinha o suspeito, a equipe de tr\u00e2nsito realizou varredura no local e encontrou um rev\u00f3lver da marca Galand, calibre .22, carregado com oito muni\u00e7\u00f5es intactas. Diante dos fatos, o jovem recebeu voz de pris\u00e3o e foi encaminhado \u00e0 Primeira Delegacia de Pol\u00edcia Civil para as provid\u00eancias legais cab\u00edveis.<\/p>\n","protected":false},"excerpt":{"rendered":"<p>Na noite desta sexta-feira (24), a Pol\u00edcia Militar prendeu um jovem de 20 anos em&#8230;<\/p>\n","protected":false},"author":6,"featured_media":11781180,"comment_status":"closed","ping_status":"closed","sticky":false,"template":"","format":"standard","meta":{"footnotes":""},"categories":[18],"tags":[249],"class_list":["post-11781179","post","type-post","status-publish","format-standard","has-post-thumbnail","hentry","category-seguranca","tag-seguranca"],"_links":{"self":[{"href":"https:\/\/www.corumbaonline.com.br\/news\/wp-json\/wp\/v2\/posts\/11781179","targetHints":{"allow":["GET"]}}],"collection":[{"href":"https:\/\/www.corumbaonline.com.br\/news\/wp-json\/wp\/v2\/posts"}],"about":[{"href":"https:\/\/www.corumbaonline.com.br\/news\/wp-json\/wp\/v2\/types\/post"}],"author":[{"embeddable":true,"href":"https:\/\/www.corumbaonline.com.br\/news\/wp-json\/wp\/v2\/users\/6"}],"replies":[{"embeddable":true,"href":"https:\/\/www.corumbaonline.com.br\/news\/wp-json\/wp\/v2\/comments?post=11781179"}],"version-history":[{"count":1,"href":"https:\/\/www.corumbaonline.com.br\/news\/wp-json\/wp\/v2\/posts\/11781179\/revisions"}],"predecessor-version":[{"id":11781181,"href":"https:\/\/www.corumbaonline.com.br\/news\/wp-json\/wp\/v2\/posts\/11781179\/revisions\/11781181"}],"wp:featuredmedia":[{"embeddable":true,"href":"https:\/\/www.corumbaonline.com.br\/news\/wp-json\/wp\/v2\/media\/11781180"}],"wp:attachment":[{"href":"https:\/\/www.corumbaonline.com.br\/news\/wp-json\/wp\/v2\/media?parent=11781179"}],"wp:term":[{"taxonomy":"category","embeddable":true,"href":"https:\/\/www.corumbaonline.com.br\/news\/wp-json\/wp\/v2\/categories?post=11781179"},{"taxonomy":"post_tag","embeddable":true,"href":"https:\/\/www.corumbaonline.com.br\/news\/wp-json\/wp\/v2\/tags?post=11781179"}],"curies":[{"name":"wp","href":"https:\/\/api.w.org\/{rel}","templated":true}]}}