{"id":11781212,"date":"2026-04-27T08:05:00","date_gmt":"2026-04-27T12:05:00","guid":{"rendered":"https:\/\/www.corumbaonline.com.br\/news\/?p=11781212"},"modified":"2026-04-27T08:19:16","modified_gmt":"2026-04-27T12:19:16","slug":"valorizacao-forcas-de-ms-chegam-a-91-mil-promocoes-de-carreira-em-4-anos-e-consolidam-robustez-da-seguranca-publica","status":"publish","type":"post","link":"https:\/\/www.corumbaonline.com.br\/news\/valorizacao-forcas-de-ms-chegam-a-91-mil-promocoes-de-carreira-em-4-anos-e-consolidam-robustez-da-seguranca-publica\/","title":{"rendered":"Valoriza\u00e7\u00e3o: for\u00e7as de MS chegam a 9,1 mil promo\u00e7\u00f5es de carreira em 4 anos e consolidam robustez da seguran\u00e7a p\u00fablica"},"content":{"rendered":"<p>Valoriza\u00e7\u00e3o profissional como pilar de fortalecimento da seguran\u00e7a p\u00fablica, \u00e1rea cada vez mais eficaz em solo sul-mato-grossense. \u00c9 com essa premissa que o Governo de Mato Grosso do Sul realiza ao longo de 2026 um amplo avan\u00e7o nas carreiras da PM (Pol\u00edcia Militar), Corpo de Bombeiros, Pol\u00edcia Penal e Pol\u00edcia Civil. Ao todo, ser\u00e3o mais de 2,4 mil promo\u00e7\u00f5es funcionais concedidas a partir de maio, que somadas \u00e0s progress\u00f5es de carreira formalizadas desde 2023 totalizar\u00e3o 9,1 mil promo\u00e7\u00f5es para agentes estaduais de seguran\u00e7a p\u00fablica.<\/p>\n<p>A not\u00edcia de que ser\u00e3o concedidas as promo\u00e7\u00f5es para as for\u00e7as de seguran\u00e7a p\u00fablica do Estado foi anunciada na semana passada pelo governador Eduardo Riedel, durante a entrega da Medalha Tiradentes, na sede do Comando-Geral da PM. Os n\u00fameros acima foram obtidos a partir de dados da SAD (Secretaria de Administra\u00e7\u00e3o) e das coordenadorias de pessoal da Pol\u00edcia Militar, Corpo de Bombeiros e Agepen (Ag\u00eancia Estadual de Administra\u00e7\u00e3o do Sistema Penitenci\u00e1rio) &#8211; esta \u00faltima a qual est\u00e3o vinculados\u00a0<a href=\"https:\/\/agenciadenoticias.ms.gov.br\/policia-penal-resultados-que-protegem-alem-dos-muros-e-impactam-a-seguranca-de-toda-a-sociedade\/\">os policiais penais<\/a>.<\/p>\n<p>&#8220;Seguran\u00e7a p\u00fablica se faz com investimento [em equipamentos e tecnologia], intelig\u00eancia e valoriza\u00e7\u00e3o desses profissionais. E \u00e9 o que a gente tem buscado no dia a dia de trabalho. As demandas no cotidiano do Estado s\u00e3o m\u00faltiplas e complexas, e enfrentarmos uma equa\u00e7\u00e3o nada simples para garantir o equil\u00edbrio fiscal e o bem-estar das nossas pessoas, mas garantir tamb\u00e9m valoriza\u00e7\u00e3o a aqueles que doam o seu trabalho, o seu tempo e a sua pr\u00f3pria vida muitas vezes para a sociedade sul-mato-grossense&#8221;, destacou o governador.<\/p>\n<p>Levantamento da Sejusp (Secretaria de Justi\u00e7a e Seguran\u00e7a P\u00fablica) mostra que entre 2024 e 2025\u00a0<a href=\"https:\/\/agenciadenoticias.ms.gov.br\/balanco-mato-grosso-do-sul-registra-queda-nos-indices-de-roubo-e-furto-em-2025\/\">em Mato Grosso do Sul houve consider\u00e1vel queda de 15,9% nos roubos<\/a>, que passaram de 3.130 casos no ano retrasado para 2.631 no ano seguinte, com destaque para redu\u00e7\u00f5es em roubo seguido de morte (-23,5%) e roubo ao com\u00e9rcio (-21,3%). Os furtos tamb\u00e9m recuaram 1,6% no per\u00edodo, com \u00eanfase na diminui\u00e7\u00e3o de furtos de ve\u00edculos (-17,2%).<\/p>\n<p data-start=\"449\" data-end=\"683\">Em Campo Grande, a redu\u00e7\u00e3o foi ainda mais expressiva, com queda de 20,7% nos roubos. Destaque para o recuo no \u00edndice de roubos em via urbana, que foi de 23,1%. Apesar de leve aumento de 0,3% no total de furtos, o furto de ve\u00edculos caiu 22,1% na Capital.<\/p>\n<figure id=\"attachment_480775\" class=\"wp-caption aligncenter\" aria-describedby=\"caption-attachment-480775\"><a href=\"https:\/\/agenciadenoticias.ms.gov.br\/wp-content\/uploads\/2024\/06\/Combate-Noturno-Pantanal-Foto-Bruno-Rezende-18.jpeg\"><img loading=\"lazy\" decoding=\"async\" class=\"wp-image-480775 size-large\" src=\"https:\/\/agenciadenoticias.ms.gov.br\/wp-content\/uploads\/2024\/06\/Combate-Noturno-Pantanal-Foto-Bruno-Rezende-18-1024x683.jpeg\" sizes=\"auto, (max-width: 1024px) 100vw, 1024px\" srcset=\"https:\/\/agenciadenoticias.ms.gov.br\/wp-content\/uploads\/2024\/06\/Combate-Noturno-Pantanal-Foto-Bruno-Rezende-18-1024x683.jpeg 1024w, https:\/\/agenciadenoticias.ms.gov.br\/wp-content\/uploads\/2024\/06\/Combate-Noturno-Pantanal-Foto-Bruno-Rezende-18-300x200.jpeg 300w, https:\/\/agenciadenoticias.ms.gov.br\/wp-content\/uploads\/2024\/06\/Combate-Noturno-Pantanal-Foto-Bruno-Rezende-18-768x512.jpeg 768w, https:\/\/agenciadenoticias.ms.gov.br\/wp-content\/uploads\/2024\/06\/Combate-Noturno-Pantanal-Foto-Bruno-Rezende-18-1536x1024.jpeg 1536w, https:\/\/agenciadenoticias.ms.gov.br\/wp-content\/uploads\/2024\/06\/Combate-Noturno-Pantanal-Foto-Bruno-Rezende-18-350x232.jpeg 350w, https:\/\/agenciadenoticias.ms.gov.br\/wp-content\/uploads\/2024\/06\/Combate-Noturno-Pantanal-Foto-Bruno-Rezende-18.jpeg 1599w\" alt=\"\" width=\"1024\" height=\"683\" \/><\/a><figcaption id=\"caption-attachment-480775\" class=\"wp-caption-text\"><em>Os Bombeiros tamb\u00e9m integra as for\u00e7as de seguran\u00e7a p\u00fablica, sendo seu trabalho fundamental em diversas situa\u00e7\u00f5es &#8211; como na foto, nos combates aos inc\u00eandios florestais no Pantanal.<\/em><\/figcaption><\/figure>\n<p><strong>Investimentos cruciais<\/strong><\/p>\n<p>Para executar o trabalho da melhor forma, os profissionais da seguran\u00e7a p\u00fablica sul-mato-grossense contam com investimentos constantes do Governo do Estado em ferramentas que v\u00e3o desde a tecnologia at\u00e9\u00a0<a href=\"https:\/\/agenciadenoticias.ms.gov.br\/ferramenta-estrategica-observatorio-da-seguranca-publica-fortalece-inteligencia-e-integracao-de-forcas-em-ms\/\">programas estrat\u00e9gicos que guiam as a\u00e7\u00f5es<\/a>\u00a0das for\u00e7as estaduais. Contabilizando apenas os valores aplicados \u00e0 PM de Mato Grosso do Sul, entre 2023 e 2025 foram R$ 91 milh\u00f5es em viaturas, armamentos, equipamentos, infraestrutura e tecnologia.<\/p>\n<p>Em julho do ano passado o Estado celebrou a\u00a0<a href=\"https:\/\/agenciadenoticias.ms.gov.br\/investimento-em-seguranca-governo-de-ms-entrega-427-novos-policiais-militares\/\">formatura de 427 novos soldados, uma das maiores turmas da hist\u00f3ria da PMMS<\/a>, refor\u00e7ando significativamente o policiamento ostensivo. A corpora\u00e7\u00e3o tamb\u00e9m teve sua gama de equipamentos ampliada: em abril de 2025, a\u00a0<a href=\"https:\/\/agenciadenoticias.ms.gov.br\/governo-de-ms-reforca-seguranca-publica-com-investimento-de-r-44-milhoes-em-equipamentos-e-veiculos-para-a-pm\/\">PM de Mato Grosso do Sul recebeu 42 motocicletas e 89 fuzis, destinados a unidades de Campo Grande, Tr\u00eas Lagoas e Dourados, em um investimento superior a R$ 4,4 milh\u00f5es<\/a>.<\/p>\n<p>Outra conquista da seguran\u00e7a p\u00fablica do Estado &#8211; que se\u00a0<a href=\"https:\/\/agenciadenoticias.ms.gov.br\/ms-defende-seguranca-publica-brasileira-com-olhar-regional-e-enfrentamento-com-integracao-de-forcas\/\">destaca nacionalmente<\/a>\u00a0&#8211; foi a expans\u00e3o do sistema de intelig\u00eancia, com a consolida\u00e7\u00e3o do videomonitoramento integrado, ferramenta que se tornou poss\u00edvel gra\u00e7as \u00e0 Infovia Digital, rede de fibra \u00f3ptica que conecta todos os 79 munic\u00edpios sul-mato-grossenses e mais de 1,5 mil pr\u00e9dios p\u00fablicos.<\/p>\n<p>O sistema conta hoje com\u00a0<a href=\"https:\/\/agenciadenoticias.ms.gov.br\/investimento-de-ms-em-tecnologia-avanca-e-reforca-seguranca-publica-com-videomonitoramento-integrado\/\">123 c\u00e2meras PTZ &#8211; com previs\u00e3o de expans\u00e3o para 129 &#8211; instaladas em pontos estrat\u00e9gicos, al\u00e9m de 28 c\u00e2meras OCR capazes de identificar automaticamente placas de ve\u00edculos. As imagens s\u00e3o monitoradas pelo Copom e pelo Batalh\u00e3o Rodovi\u00e1rio<\/a>, garantindo respostas mais r\u00e1pidas e precis\u00e3o nas a\u00e7\u00f5es preventivas e repressivas. Por fim, outra ferramente que auxilia a seguran\u00e7a estadual \u00e9 o\u00a0<a href=\"https:\/\/agenciadenoticias.ms.gov.br\/novo-mapa-estrategico-projeta-a-seguranca-publica-de-mato-grosso-do-sul-ate-2030\/\">mapa estrat\u00e9gico, com proje\u00e7\u00f5es at\u00e9 2030<\/a>.<\/p>\n<div id=\"gallery-1\" class=\"gallery galleryid-539872 gallery-columns-2 gallery-size-large\">\n<figure class=\"gallery-item\">\n<div class=\"gallery-icon landscape\"><a href=\"https:\/\/agenciadenoticias.ms.gov.br\/wp-content\/uploads\/2025\/04\/Medalha-Tiradentes-Foto-Bruno-Rezende-18-scaled.jpg\"><img loading=\"lazy\" decoding=\"async\" class=\"attachment-large size-large\" src=\"https:\/\/agenciadenoticias.ms.gov.br\/wp-content\/uploads\/2025\/04\/Medalha-Tiradentes-Foto-Bruno-Rezende-18-1024x683.jpg\" sizes=\"auto, (max-width: 1024px) 100vw, 1024px\" srcset=\"https:\/\/agenciadenoticias.ms.gov.br\/wp-content\/uploads\/2025\/04\/Medalha-Tiradentes-Foto-Bruno-Rezende-18-1024x683.jpg 1024w, https:\/\/agenciadenoticias.ms.gov.br\/wp-content\/uploads\/2025\/04\/Medalha-Tiradentes-Foto-Bruno-Rezende-18-300x200.jpg 300w, https:\/\/agenciadenoticias.ms.gov.br\/wp-content\/uploads\/2025\/04\/Medalha-Tiradentes-Foto-Bruno-Rezende-18-768x512.jpg 768w, https:\/\/agenciadenoticias.ms.gov.br\/wp-content\/uploads\/2025\/04\/Medalha-Tiradentes-Foto-Bruno-Rezende-18-1536x1024.jpg 1536w, https:\/\/agenciadenoticias.ms.gov.br\/wp-content\/uploads\/2025\/04\/Medalha-Tiradentes-Foto-Bruno-Rezende-18-2048x1365.jpg 2048w, https:\/\/agenciadenoticias.ms.gov.br\/wp-content\/uploads\/2025\/04\/Medalha-Tiradentes-Foto-Bruno-Rezende-18-350x232.jpg 350w, https:\/\/agenciadenoticias.ms.gov.br\/wp-content\/uploads\/2025\/04\/Medalha-Tiradentes-Foto-Bruno-Rezende-18-scaled.jpg 1920w\" alt=\"\" width=\"1024\" height=\"683\" \/><\/a><\/div>\n<\/figure>\n<figure class=\"gallery-item\">\n<div class=\"gallery-icon landscape\"><a href=\"https:\/\/agenciadenoticias.ms.gov.br\/wp-content\/uploads\/2024\/09\/IMG_0030-scaled.jpg\"><img loading=\"lazy\" decoding=\"async\" class=\"attachment-large size-large\" src=\"https:\/\/agenciadenoticias.ms.gov.br\/wp-content\/uploads\/2024\/09\/IMG_0030-1024x683.jpg\" sizes=\"auto, (max-width: 1024px) 100vw, 1024px\" srcset=\"https:\/\/agenciadenoticias.ms.gov.br\/wp-content\/uploads\/2024\/09\/IMG_0030-1024x683.jpg 1024w, https:\/\/agenciadenoticias.ms.gov.br\/wp-content\/uploads\/2024\/09\/IMG_0030-300x200.jpg 300w, https:\/\/agenciadenoticias.ms.gov.br\/wp-content\/uploads\/2024\/09\/IMG_0030-768x512.jpg 768w, https:\/\/agenciadenoticias.ms.gov.br\/wp-content\/uploads\/2024\/09\/IMG_0030-1536x1024.jpg 1536w, https:\/\/agenciadenoticias.ms.gov.br\/wp-content\/uploads\/2024\/09\/IMG_0030-2048x1366.jpg 2048w, https:\/\/agenciadenoticias.ms.gov.br\/wp-content\/uploads\/2024\/09\/IMG_0030-350x232.jpg 350w, https:\/\/agenciadenoticias.ms.gov.br\/wp-content\/uploads\/2024\/09\/IMG_0030-scaled.jpg 1920w\" alt=\"\" width=\"1024\" height=\"683\" \/><\/a><\/div>\n<\/figure>\n<\/div>\n<p><em>Viaturas e armamento, com treinamento constante, fortalecemda a seguran\u00e7a de MS.<\/em><\/p>\n<p>&#8220;Temos um trabalho desenvolvido no Estado, com \u00edndices [criminalidade] que est\u00e3o menores que m\u00e9dia nacional e est\u00e3o caindo cada vez mais. Nosso Estado tem fronteiras importantes com o Paraguai e Bol\u00edvia, em uma grande extens\u00e3o que \u00e9 seca, onde temos tamb\u00e9m um combate efetivo principalmente contra o tr\u00e1fico de drogas, que vai para outros estados e pa\u00edses&#8221;, frisa o secret\u00e1rio de Justi\u00e7a e Seguran\u00e7a P\u00fablica, Ant\u00f4nio Carlos Videira.<\/p>\n<p><strong>Capital humano \u00e9 fundamental<\/strong><\/p>\n<p data-start=\"685\" data-end=\"1089\" data-is-last-node=\"\" data-is-only-node=\"\">Fora os efeitos da amplia\u00e7\u00e3o estrutural, os resultados s\u00e3o atribu\u00eddos ao refor\u00e7o no efetivo, com forma\u00e7\u00e3o de novos policiais e bombeiros, al\u00e9m de concursos em andamento, e a estrat\u00e9gias integradas de seguran\u00e7a, como amplia\u00e7\u00e3o da setoriza\u00e7\u00e3o e combate ao crime organizado, al\u00e9m do empenho individual e coletivo das tropas e agentes.<\/p>\n<p data-start=\"374\" data-end=\"725\">Entre as corpora\u00e7\u00f5es, a PM concentra o maior volume de promo\u00e7\u00f5es previstas para este ano, com 813 avan\u00e7os na carreira. Em seguida aparece a Pol\u00edcia Penal, com 722 promo\u00e7\u00f5es, a Pol\u00edcia Civil, com 479, e o Corpo de Bombeiros, com 396 &#8211; sendo 200 destas de militares que realizar\u00e3o o Curso de Forma\u00e7\u00e3o de Sargentos e 20 que realizar\u00e3o o Curso de Habilita\u00e7\u00e3o de Oficiais.<\/p>\n<div id=\"gallery-2\" class=\"gallery galleryid-539872 gallery-columns-2 gallery-size-large\">\n<figure class=\"gallery-item\">\n<div class=\"gallery-icon landscape\"><a href=\"https:\/\/agenciadenoticias.ms.gov.br\/wp-content\/uploads\/2024\/08\/Policiamento-no-centro-Foto-Bruno-Rezende-04-scaled.jpg\"><img loading=\"lazy\" decoding=\"async\" class=\"attachment-large size-large\" src=\"https:\/\/agenciadenoticias.ms.gov.br\/wp-content\/uploads\/2024\/08\/Policiamento-no-centro-Foto-Bruno-Rezende-04-1024x683.jpg\" sizes=\"auto, (max-width: 1024px) 100vw, 1024px\" srcset=\"https:\/\/agenciadenoticias.ms.gov.br\/wp-content\/uploads\/2024\/08\/Policiamento-no-centro-Foto-Bruno-Rezende-04-1024x683.jpg 1024w, https:\/\/agenciadenoticias.ms.gov.br\/wp-content\/uploads\/2024\/08\/Policiamento-no-centro-Foto-Bruno-Rezende-04-300x200.jpg 300w, https:\/\/agenciadenoticias.ms.gov.br\/wp-content\/uploads\/2024\/08\/Policiamento-no-centro-Foto-Bruno-Rezende-04-768x512.jpg 768w, https:\/\/agenciadenoticias.ms.gov.br\/wp-content\/uploads\/2024\/08\/Policiamento-no-centro-Foto-Bruno-Rezende-04-1536x1024.jpg 1536w, https:\/\/agenciadenoticias.ms.gov.br\/wp-content\/uploads\/2024\/08\/Policiamento-no-centro-Foto-Bruno-Rezende-04-2048x1365.jpg 2048w, https:\/\/agenciadenoticias.ms.gov.br\/wp-content\/uploads\/2024\/08\/Policiamento-no-centro-Foto-Bruno-Rezende-04-350x232.jpg 350w, https:\/\/agenciadenoticias.ms.gov.br\/wp-content\/uploads\/2024\/08\/Policiamento-no-centro-Foto-Bruno-Rezende-04-scaled.jpg 1920w\" alt=\"\" width=\"1024\" height=\"683\" \/><\/a><\/div>\n<\/figure>\n<figure class=\"gallery-item\">\n<div class=\"gallery-icon landscape\"><a href=\"https:\/\/agenciadenoticias.ms.gov.br\/wp-content\/uploads\/2023\/12\/Comando-de-Policiamento-Metropolitano-Foto-Bruno-Rezende-03-scaled.jpg\"><img loading=\"lazy\" decoding=\"async\" class=\"attachment-large size-large\" src=\"https:\/\/agenciadenoticias.ms.gov.br\/wp-content\/uploads\/2023\/12\/Comando-de-Policiamento-Metropolitano-Foto-Bruno-Rezende-03-1024x683.jpg\" sizes=\"auto, (max-width: 1024px) 100vw, 1024px\" srcset=\"https:\/\/agenciadenoticias.ms.gov.br\/wp-content\/uploads\/2023\/12\/Comando-de-Policiamento-Metropolitano-Foto-Bruno-Rezende-03-1024x683.jpg 1024w, https:\/\/agenciadenoticias.ms.gov.br\/wp-content\/uploads\/2023\/12\/Comando-de-Policiamento-Metropolitano-Foto-Bruno-Rezende-03-300x200.jpg 300w, https:\/\/agenciadenoticias.ms.gov.br\/wp-content\/uploads\/2023\/12\/Comando-de-Policiamento-Metropolitano-Foto-Bruno-Rezende-03-768x512.jpg 768w, https:\/\/agenciadenoticias.ms.gov.br\/wp-content\/uploads\/2023\/12\/Comando-de-Policiamento-Metropolitano-Foto-Bruno-Rezende-03-1536x1024.jpg 1536w, https:\/\/agenciadenoticias.ms.gov.br\/wp-content\/uploads\/2023\/12\/Comando-de-Policiamento-Metropolitano-Foto-Bruno-Rezende-03-2048x1365.jpg 2048w, https:\/\/agenciadenoticias.ms.gov.br\/wp-content\/uploads\/2023\/12\/Comando-de-Policiamento-Metropolitano-Foto-Bruno-Rezende-03-350x232.jpg 350w, https:\/\/agenciadenoticias.ms.gov.br\/wp-content\/uploads\/2023\/12\/Comando-de-Policiamento-Metropolitano-Foto-Bruno-Rezende-03-scaled.jpg 1920w\" alt=\"\" width=\"1024\" height=\"683\" \/><\/a><\/div>\n<\/figure>\n<\/div>\n<p data-start=\"1111\" data-end=\"1490\"><em>Policiamento nas ruas, atendendo \u00e0 popula\u00e7\u00e3o, e nas centrais de monitoramento conjunto.<\/em><\/p>\n<p data-start=\"1111\" data-end=\"1490\">Somadas \u00e0s promo\u00e7\u00f5es j\u00e1 efetivadas nos tr\u00eas primeiros anos do atual Governo, o total chega a 5.612 concess\u00f5es desse tipo no per\u00edodo. Al\u00e9m das promo\u00e7\u00f5es, a administra\u00e7\u00e3o estadual tamb\u00e9m assegura o avan\u00e7o por progress\u00e3o funcional, que soma 3.531 progress\u00f5es no per\u00edodo analisado. Nesse quesito, a Pol\u00edcia Militar lidera com 1.532 progress\u00f5es, seguida pela Pol\u00edcia Civil (1.026), Pol\u00edcia Penal (641) e Corpo de Bombeiros (332).<\/p>\n<p data-start=\"1111\" data-end=\"1490\">Ao considerar promo\u00e7\u00f5es e progress\u00f5es funcionais, o volume total de avan\u00e7os nas carreiras da seguran\u00e7a p\u00fablica chega a 9.143 movimenta\u00e7\u00f5es entre 2023 e 2026, n\u00fameros que evidenciam uma pol\u00edtica cont\u00ednua de valoriza\u00e7\u00e3o profissional, que impacta diretamente na motiva\u00e7\u00e3o dos servidores e na qualidade dos servi\u00e7os prestados \u00e0 popula\u00e7\u00e3o.<\/p>\n","protected":false},"excerpt":{"rendered":"<p>Valoriza\u00e7\u00e3o profissional como pilar de fortalecimento da seguran\u00e7a p\u00fablica, \u00e1rea cada vez mais eficaz em&#8230;<\/p>\n","protected":false},"author":13,"featured_media":11781213,"comment_status":"closed","ping_status":"closed","sticky":false,"template":"","format":"standard","meta":{"footnotes":""},"categories":[8,18],"tags":[249],"class_list":["post-11781212","post","type-post","status-publish","format-standard","has-post-thumbnail","hentry","category-destaque","category-seguranca","tag-seguranca"],"_links":{"self":[{"href":"https:\/\/www.corumbaonline.com.br\/news\/wp-json\/wp\/v2\/posts\/11781212","targetHints":{"allow":["GET"]}}],"collection":[{"href":"https:\/\/www.corumbaonline.com.br\/news\/wp-json\/wp\/v2\/posts"}],"about":[{"href":"https:\/\/www.corumbaonline.com.br\/news\/wp-json\/wp\/v2\/types\/post"}],"author":[{"embeddable":true,"href":"https:\/\/www.corumbaonline.com.br\/news\/wp-json\/wp\/v2\/users\/13"}],"replies":[{"embeddable":true,"href":"https:\/\/www.corumbaonline.com.br\/news\/wp-json\/wp\/v2\/comments?post=11781212"}],"version-history":[{"count":1,"href":"https:\/\/www.corumbaonline.com.br\/news\/wp-json\/wp\/v2\/posts\/11781212\/revisions"}],"predecessor-version":[{"id":11781214,"href":"https:\/\/www.corumbaonline.com.br\/news\/wp-json\/wp\/v2\/posts\/11781212\/revisions\/11781214"}],"wp:featuredmedia":[{"embeddable":true,"href":"https:\/\/www.corumbaonline.com.br\/news\/wp-json\/wp\/v2\/media\/11781213"}],"wp:attachment":[{"href":"https:\/\/www.corumbaonline.com.br\/news\/wp-json\/wp\/v2\/media?parent=11781212"}],"wp:term":[{"taxonomy":"category","embeddable":true,"href":"https:\/\/www.corumbaonline.com.br\/news\/wp-json\/wp\/v2\/categories?post=11781212"},{"taxonomy":"post_tag","embeddable":true,"href":"https:\/\/www.corumbaonline.com.br\/news\/wp-json\/wp\/v2\/tags?post=11781212"}],"curies":[{"name":"wp","href":"https:\/\/api.w.org\/{rel}","templated":true}]}}