{"id":11781222,"date":"2026-04-27T09:03:00","date_gmt":"2026-04-27T13:03:00","guid":{"rendered":"https:\/\/www.corumbaonline.com.br\/news\/?p=11781222"},"modified":"2026-04-27T09:00:17","modified_gmt":"2026-04-27T13:00:17","slug":"falta-de-energia-eletrica-provoca-interrupcao-no-abastecimento-de-agua-em-ladario","status":"publish","type":"post","link":"https:\/\/www.corumbaonline.com.br\/news\/falta-de-energia-eletrica-provoca-interrupcao-no-abastecimento-de-agua-em-ladario\/","title":{"rendered":"Falta de energia el\u00e9trica provoca interrup\u00e7\u00e3o no abastecimento de \u00e1gua em Lad\u00e1rio"},"content":{"rendered":"<p>Lad\u00e1rio enfrenta nesta segunda-feira, 27 de abril, uma interrup\u00e7\u00e3o tempor\u00e1ria no abastecimento de \u00e1gua. A Sanesul informou que, devido \u00e0 falta de energia el\u00e9trica, toda a cidade poder\u00e1 registrar intermit\u00eancia ou aus\u00eancia de fornecimento entre 5h45 e 10h. A concession\u00e1ria destacou que est\u00e1 empenhada em reduzir ao m\u00e1ximo o tempo de servi\u00e7o, mas refor\u00e7ou a necessidade de os moradores manterem caixas d\u2019\u00e1gua em seus im\u00f3veis para garantir o abastecimento cont\u00ednuo em situa\u00e7\u00f5es emergenciais.<\/p>\n<p>A empresa tamb\u00e9m aproveitou para lembrar da import\u00e2ncia de evitar desperd\u00edcios no dia a dia, especialmente em momentos de manuten\u00e7\u00e3o da rede de distribui\u00e7\u00e3o. O atendimento ao consumidor segue dispon\u00edvel 24 horas, gratuitamente, pelo telefone 0800 067 6010.<\/p>\n","protected":false},"excerpt":{"rendered":"<p>Lad\u00e1rio enfrenta nesta segunda-feira, 27 de abril, uma interrup\u00e7\u00e3o tempor\u00e1ria no abastecimento de \u00e1gua. A&#8230;<\/p>\n","protected":false},"author":6,"featured_media":11770322,"comment_status":"closed","ping_status":"closed","sticky":false,"template":"","format":"standard","meta":{"footnotes":""},"categories":[17],"tags":[209],"class_list":["post-11781222","post","type-post","status-publish","format-standard","has-post-thumbnail","hentry","category-meio-ambiente","tag-meio-ambiente"],"_links":{"self":[{"href":"https:\/\/www.corumbaonline.com.br\/news\/wp-json\/wp\/v2\/posts\/11781222","targetHints":{"allow":["GET"]}}],"collection":[{"href":"https:\/\/www.corumbaonline.com.br\/news\/wp-json\/wp\/v2\/posts"}],"about":[{"href":"https:\/\/www.corumbaonline.com.br\/news\/wp-json\/wp\/v2\/types\/post"}],"author":[{"embeddable":true,"href":"https:\/\/www.corumbaonline.com.br\/news\/wp-json\/wp\/v2\/users\/6"}],"replies":[{"embeddable":true,"href":"https:\/\/www.corumbaonline.com.br\/news\/wp-json\/wp\/v2\/comments?post=11781222"}],"version-history":[{"count":1,"href":"https:\/\/www.corumbaonline.com.br\/news\/wp-json\/wp\/v2\/posts\/11781222\/revisions"}],"predecessor-version":[{"id":11781223,"href":"https:\/\/www.corumbaonline.com.br\/news\/wp-json\/wp\/v2\/posts\/11781222\/revisions\/11781223"}],"wp:featuredmedia":[{"embeddable":true,"href":"https:\/\/www.corumbaonline.com.br\/news\/wp-json\/wp\/v2\/media\/11770322"}],"wp:attachment":[{"href":"https:\/\/www.corumbaonline.com.br\/news\/wp-json\/wp\/v2\/media?parent=11781222"}],"wp:term":[{"taxonomy":"category","embeddable":true,"href":"https:\/\/www.corumbaonline.com.br\/news\/wp-json\/wp\/v2\/categories?post=11781222"},{"taxonomy":"post_tag","embeddable":true,"href":"https:\/\/www.corumbaonline.com.br\/news\/wp-json\/wp\/v2\/tags?post=11781222"}],"curies":[{"name":"wp","href":"https:\/\/api.w.org\/{rel}","templated":true}]}}