{"id":11781239,"date":"2026-04-27T10:44:00","date_gmt":"2026-04-27T14:44:00","guid":{"rendered":"https:\/\/www.corumbaonline.com.br\/news\/?p=11781239"},"modified":"2026-04-27T15:00:32","modified_gmt":"2026-04-27T19:00:32","slug":"pelo-2o-ano-consecutivo-mato-grosso-do-sul-conquista-nota-maxima-e-lidera-o-brasil-em-cobertura-vacinal","status":"publish","type":"post","link":"https:\/\/www.corumbaonline.com.br\/news\/pelo-2o-ano-consecutivo-mato-grosso-do-sul-conquista-nota-maxima-e-lidera-o-brasil-em-cobertura-vacinal\/","title":{"rendered":"Pelo 2\u00ba ano consecutivo, Mato Grosso do Sul conquista nota m\u00e1xima e lidera o Brasil em cobertura vacinal"},"content":{"rendered":"<p>Mato Grosso do Sul se mant\u00e9m como refer\u00eancia nacional em imuniza\u00e7\u00e3o e, pelo segundo ano consecutivo, alcan\u00e7ou nota m\u00e1xima (100 pontos) e o 1\u00ba lugar no indicador de cobertura vacinal do Ranking de Competitividade dos Estados 2025, elaborado pelo CLP (Centro de Lideran\u00e7a P\u00fablica).<\/p>\n<p>O resultado consolida o Estado na lideran\u00e7a nacional e reflete a efetividade das estrat\u00e9gias coordenadas pela SES (Secretaria de Estado de Sa\u00fade), em parceria com os munic\u00edpios, garantindo alta cobertura em diferentes p\u00fablicos e imunizantes.<\/p>\n<p><a href=\"https:\/\/www.saude.ms.gov.br\/wp-content\/uploads\/2026\/04\/CLP.jpg\"><img loading=\"lazy\" decoding=\"async\" class=\"alignright wp-image-46562 \" src=\"https:\/\/www.saude.ms.gov.br\/wp-content\/uploads\/2026\/04\/CLP.jpg\" alt=\"\" width=\"347\" height=\"458\" \/><\/a>A metodologia do ranking considera o n\u00famero de doses aplicadas \u2014 incluindo primeira, segunda, terceira ou dose \u00fanica \u2014 em rela\u00e7\u00e3o \u00e0 popula\u00e7\u00e3o-alvo, evidenciando a capacidade da rede p\u00fablica de alcan\u00e7ar n\u00edveis elevados de prote\u00e7\u00e3o coletiva.<\/p>\n<p>Ao longo de 2025, o Estado intensificou campanhas, ampliou o acesso \u00e0 vacina\u00e7\u00e3o e manteve indicadores acima das metas preconizadas pelo Minist\u00e9rio da Sa\u00fade, com destaque para a\u00e7\u00f5es extramuros, vacina\u00e7\u00e3o em escolas e estrat\u00e9gias voltadas \u00e0 busca ativa de n\u00e3o vacinados.<\/p>\n<p><strong>A\u00e7\u00f5es estrat\u00e9gicas ampliam alcance<\/strong><\/p>\n<p>O alto desempenho do Estado \u00e9 sustentado por um conjunto de a\u00e7\u00f5es articuladas dentro do programa MS Vacina Mais, principal estrat\u00e9gia estadual para amplia\u00e7\u00e3o das coberturas vacinais.<\/p>\n<p>A partir dele, s\u00e3o desenvolvidas iniciativas como o Aluno Imunizado, a exig\u00eancia de declara\u00e7\u00e3o de vacina\u00e7\u00e3o atualizada em parceria entre as \u00e1reas de sa\u00fade e educa\u00e7\u00e3o, e a estrat\u00e9gia Cuidar de Quem Cuida, voltada \u00e0 imuniza\u00e7\u00e3o de profissionais de sa\u00fade \u2014 medidas que ampliam o alcance da vacina\u00e7\u00e3o em p\u00fablicos estrat\u00e9gicos.<\/p>\n<p>Essas a\u00e7\u00f5es se integram \u00e0s campanhas nacionais, como vacina\u00e7\u00e3o em \u00e1reas de fronteira, campanhas contra a influenza e vacina\u00e7\u00e3o nas escolas, fortalecendo a cobertura vacinal e garantindo maior acesso da popula\u00e7\u00e3o aos imunizantes em todo o Estado.<\/p>\n<p><strong>Consolida\u00e7\u00e3o de resultados<\/strong><\/p>\n<p>Para a coordenadora estadual de Imuniza\u00e7\u00e3o da SES, Ana Paula Rezende Goldfinger, o desempenho cont\u00ednuo est\u00e1 diretamente relacionado \u00e0 qualifica\u00e7\u00e3o da gest\u00e3o e ao monitoramento permanente dos indicadores.<\/p>\n<p><a href=\"https:\/\/www.saude.ms.gov.br\/wp-content\/uploads\/2026\/04\/WhatsApp-Image-2026-04-24-at-13.29.44.jpeg\"><img loading=\"lazy\" decoding=\"async\" class=\"alignleft wp-image-46563 \" src=\"https:\/\/www.saude.ms.gov.br\/wp-content\/uploads\/2026\/04\/WhatsApp-Image-2026-04-24-at-13.29.44.jpeg\" alt=\"\" width=\"371\" height=\"279\" \/><\/a>\u201cTrata-se de um resultado sustentado por planejamento t\u00e9cnico, monitoramento sistem\u00e1tico das coberturas vacinais e ado\u00e7\u00e3o de estrat\u00e9gias baseadas em evid\u00eancias. A integra\u00e7\u00e3o entre Estado e munic\u00edpios tem sido determinante para ampliar o acesso, reduzir bols\u00f5es de n\u00e3o vacinados e garantir homogeneidade nas coberturas\u201d, destacou.<\/p>\n<p>Com mais de 2,5 milh\u00f5es de doses aplicadas em 2025, o secret\u00e1rio de Estado de Sa\u00fade, Maur\u00edcio Sim\u00f5es Corr\u00eaa, destaca que o volume expressivo de imuniza\u00e7\u00f5es reflete ainda a capacidade operacional da rede e o compromisso com a sa\u00fade p\u00fablica. \u201cAlcan\u00e7ar esse quantitativo de doses aplicadas demonstra a efici\u00eancia da nossa rede e o alinhamento com os munic\u00edpios. Esse resultado est\u00e1 inserido em um conjunto de medidas estruturantes voltadas \u00e0 qualifica\u00e7\u00e3o da assist\u00eancia e \u00e0 amplia\u00e7\u00e3o do acesso \u00e0 vacina\u00e7\u00e3o em todo o Estado\u201d, finaliza.<\/p>\n","protected":false},"excerpt":{"rendered":"<p>Mato Grosso do Sul se mant\u00e9m como refer\u00eancia nacional em imuniza\u00e7\u00e3o e, pelo segundo ano&#8230;<\/p>\n","protected":false},"author":13,"featured_media":11781240,"comment_status":"closed","ping_status":"closed","sticky":false,"template":"","format":"standard","meta":{"footnotes":""},"categories":[21],"tags":[222],"class_list":["post-11781239","post","type-post","status-publish","format-standard","has-post-thumbnail","hentry","category-saude","tag-saude"],"_links":{"self":[{"href":"https:\/\/www.corumbaonline.com.br\/news\/wp-json\/wp\/v2\/posts\/11781239","targetHints":{"allow":["GET"]}}],"collection":[{"href":"https:\/\/www.corumbaonline.com.br\/news\/wp-json\/wp\/v2\/posts"}],"about":[{"href":"https:\/\/www.corumbaonline.com.br\/news\/wp-json\/wp\/v2\/types\/post"}],"author":[{"embeddable":true,"href":"https:\/\/www.corumbaonline.com.br\/news\/wp-json\/wp\/v2\/users\/13"}],"replies":[{"embeddable":true,"href":"https:\/\/www.corumbaonline.com.br\/news\/wp-json\/wp\/v2\/comments?post=11781239"}],"version-history":[{"count":1,"href":"https:\/\/www.corumbaonline.com.br\/news\/wp-json\/wp\/v2\/posts\/11781239\/revisions"}],"predecessor-version":[{"id":11781241,"href":"https:\/\/www.corumbaonline.com.br\/news\/wp-json\/wp\/v2\/posts\/11781239\/revisions\/11781241"}],"wp:featuredmedia":[{"embeddable":true,"href":"https:\/\/www.corumbaonline.com.br\/news\/wp-json\/wp\/v2\/media\/11781240"}],"wp:attachment":[{"href":"https:\/\/www.corumbaonline.com.br\/news\/wp-json\/wp\/v2\/media?parent=11781239"}],"wp:term":[{"taxonomy":"category","embeddable":true,"href":"https:\/\/www.corumbaonline.com.br\/news\/wp-json\/wp\/v2\/categories?post=11781239"},{"taxonomy":"post_tag","embeddable":true,"href":"https:\/\/www.corumbaonline.com.br\/news\/wp-json\/wp\/v2\/tags?post=11781239"}],"curies":[{"name":"wp","href":"https:\/\/api.w.org\/{rel}","templated":true}]}}