{"id":11781242,"date":"2026-04-27T15:00:00","date_gmt":"2026-04-27T19:00:00","guid":{"rendered":"https:\/\/www.corumbaonline.com.br\/news\/?p=11781242"},"modified":"2026-04-27T19:28:30","modified_gmt":"2026-04-27T23:28:30","slug":"4a-corrida-dos-poderes-mais-de-mil-pessoas-encaram-o-calor-e-participaram-do-primeiro-treinao","status":"publish","type":"post","link":"https:\/\/www.corumbaonline.com.br\/news\/4a-corrida-dos-poderes-mais-de-mil-pessoas-encaram-o-calor-e-participaram-do-primeiro-treinao\/","title":{"rendered":"4\u00aa Corrida dos Poderes: Mais de mil pessoas encaram o calor e participaram do primeiro trein\u00e3o"},"content":{"rendered":"<p>O calor de quase 30\u00baC e o ambiente arborizado tornaram o clima perfeito para reunir mais de mil pessoas no primeiro trein\u00e3o da 4\u00aa Corrida dos Poderes, realizado na manh\u00e3 deste s\u00e1bado (25), no Horto Florestal de Ponta Por\u00e3. A atividade, que abriu o calend\u00e1rio preparat\u00f3rio para a corrida oficial, teve grande participa\u00e7\u00e3o do p\u00fablico, al\u00e9m da presen\u00e7a do presidente da Assembleia Legislativa de Mato Grosso do Sul (ALEMS), deputado Gerson Claro (PP), do prefeito de Ponta Por\u00e3, Eduardo Campos (PSDB), e de outras autoridades.<\/p>\n<p>Grande p\u00fablico prestigiou e participou do evento em Ponta Por\u00e3<br \/>\nMarcada para o in\u00edcio de novembro, a 4\u00aa Corrida dos Poderes tem uma\u00a0agenda de aquecimento, com atividades sediadas em outros tr\u00eas munic\u00edpios\u00a0do estado. E o primeiro desses trein\u00f5es j\u00e1 sinaliza o sucesso da iniciativa. \u201cFoi muito positivo, com participa\u00e7\u00e3o de mais de mil pessoas\u201d, comemorou o deputado Gerson Claro. Fam\u00edlias, pessoas de diferentes idades, estudantes puderam escolher participar a seus modos e n\u00edveis de preparo f\u00edsico. Houve caminhada de 3 km para iniciantes e corrida de 5 km, al\u00e9m de \u00e1rea kids, sorteio de brindes e de inscri\u00e7\u00f5es para a 4\u00aa Corrida dos Poderes.<\/p>\n<p>Al\u00e9m do deputado Gerson Claro, que representou a ALEMS, e do prefeito de Ponta Por\u00e3, o evento contou com a presen\u00e7a da esposa do parlamentar, K\u00e1tia Clara, e da primeira-dama do Estado, M\u00f4nica Riedel, que s\u00e3o as idealizadoras da Corrida dos Poderes. Tamb\u00e9m participaram a primeira-dama de Ponta Por\u00e3, Paula Campos, o secret\u00e1rio de Esportes do munic\u00edpio, Ricardo Torraca, e a coordenadora-geral da Corrida dos Poderes, Kassilene Cardadeiro.<\/p>\n<p>Gerson Claro destacou a for\u00e7a crescente da Corrida dos Poderes<br \/>\nPara o presidente da ALEMS, a participa\u00e7\u00e3o de mais de mil pessoas mostra a for\u00e7a e o crescimento da Corrida dos Poderes. \u201cQuando voc\u00ea v\u00ea mil pessoas participando de um trein\u00e3o, que n\u00e3o \u00e9 ainda a corrida oficial, voc\u00ea percebe a for\u00e7a desse evento\u201d, considerou. O deputado ressaltou a import\u00e2ncia do fortalecimento da Corrida por se caracterizar como uma proposta de incentivo \u00e0 sa\u00fade e \u00e0 integra\u00e7\u00e3o entre os Poderes.<\/p>\n<p>\u201c\u00c9 muito bom ver muitas fam\u00edlias reunidas. Tivemos tamb\u00e9m a participa\u00e7\u00e3o de crian\u00e7as de uma escola do assentamento Itamarati. Todos preocupados com a sa\u00fade, reunidos em um lugar t\u00e3o bonito aqui em Ponta Por\u00e3, um ambiente de conviv\u00eancia e bem-estar\u201d, avaliou o deputado. Para ele, isso \u00e9 um sinal do sucesso que ser\u00e1 a edi\u00e7\u00e3o deste ano, como foram as dos anos anteriores. \u201cEstou muito feliz. A 4\u00aa Corrida dos Poderes j\u00e1 come\u00e7ou em ritmo acelerado. Com certeza, ser\u00e1 um grande evento para o Mato Grosso do Sul e para todos os Poderes junto \u00e0 popula\u00e7\u00e3o e especialmente aos servidores\u201d, finalizou.<\/p>\n<p>K\u00e1tia Claro agradeceu a participa\u00e7\u00e3o de todos os envolvidos<br \/>\nTamb\u00e9m feliz com o trein\u00e3o,\u00a0K\u00e1tia Claro\u00a0destacou o sucesso do evento e ressaltou que a participa\u00e7\u00e3o do p\u00fablico tem crescido ano a ano. Segundo ela, a manh\u00e3 de sol e o ambiente preparado com cuidado contribu\u00edram para o resultado positivo. K\u00e1tia Claro tamb\u00e9m agradeceu o empenho de todos os parceiros envolvidos na organiza\u00e7\u00e3o, destacando o apoio da Prefeitura de Ponta Por\u00e3, do prefeito Eduardo Campos, da primeira-dama Paula e do secret\u00e1rio Ricardo, al\u00e9m de todas as pessoas que colaboraram para a realiza\u00e7\u00e3o da atividade.<\/p>\n<p>Ela tamb\u00e9m parabenizou todos os participantes, desde os que chegaram nas primeiras coloca\u00e7\u00f5es at\u00e9 aqueles que caminharam em seu pr\u00f3prio ritmo, inclusive fam\u00edlias com crian\u00e7as e pessoas empurrando carrinhos de beb\u00ea. Para K\u00e1tia, o mais importante foi o envolvimento de cada pessoa e o cumprimento de suas metas pessoais. \u201cN\u00e3o importa se voc\u00ea chega em primeiro ou em \u00faltimo lugar, o que importa \u00e9 voc\u00ea ter participado\u201d, refor\u00e7ou.<\/p>\n<p>Com mil e cinco inscritos, n\u00famero \u00e9 maior que o primeiro trein\u00e3o de 2025<\/p>\n<p>Kassilene Cardadeiro avaliou positivamente o primeiro trein\u00e3o<br \/>\nA coordenadora-geral da Corrida dos Poderes, Kassilene Cardadeiro, tamb\u00e9m avaliou positivamente o primeiro trein\u00e3o. Ela informou que mil e cinco pessoas se inscreveram para a atividade deste s\u00e1bado, n\u00famero maior que o do ano passado. \u201cAl\u00e9m de Ponta Por\u00e3, vieram pessoas de cidades vizinhas, crian\u00e7ada do assentamento Itamarati, correr aqui com a gente. Um p\u00fablico diversificado: alguns que est\u00e3o iniciando vieram pra caminhar, outros para correr\u201d, contou.<\/p>\n<p>Kassilene destacou, ainda, a variedade da programa\u00e7\u00e3o, com espa\u00e7o kids e sorteio de pr\u00eamios, e a receptividade dos participantes. \u201cFoi muito bem prestigiado e as pessoas sa\u00edram daqui satisfeitas\u201d, afirmou. \u201cIniciamos com saldo bastante positivo\u201d, considerou, ressaltando que a diversidade do p\u00fablico mostrou o alcance da proposta de incentivar sa\u00fade, integra\u00e7\u00e3o e qualidade de vida.<\/p>\n<p>Corrida dos Poderes<\/p>\n<p>Entre outras atra\u00e7\u00f5es, houve sorteio de brindes durante o evento<br \/>\nAlusiva ao Dia do Servidor P\u00fablico, a 4\u00aa Corrida dos Poderes ser\u00e1 realizada em 7 de novembro.\u00a0A largada acontecer\u00e1 em frente \u00e0 ALEMS, no Parque dos Poderes em provas de 3 km e 5 km.\u00a0A cada ano, o n\u00famero de inscritos aumenta expressivamente. Em 2025, foram 4,2 mil, superior aos 3,5 mil participantes em 2024;\u00a0aumento de 20% em rela\u00e7\u00e3o \u00e0 segunda edi\u00e7\u00e3o.<\/p>\n<p>A Corrida dos Poderes\u00a0\u00e9 realizada pela Federa\u00e7\u00e3o de Atletismo de Mato Grosso do Sul (FAMS) e Funda\u00e7\u00e3o de Desporto e Lazer de MS (Fundesporte) em parceria com a ALEMS,\u00a0Poder Judici\u00e1rio, Tribunal de Contas, Minist\u00e9rio P\u00fablico e Defensoria P\u00fablica. O evento visa valorizar o servidor p\u00fablico e incentivar o esporte.<\/p>\n<p>Cronograma<\/p>\n<p>A pr\u00f3xima cidade a sediar o trein\u00e3o ser\u00e1 Corumb\u00e1. A atividade est\u00e1 marcada para o dia 16 de maio. No dia 20 de junho, Tr\u00eas Lagoas receber\u00e1 o circuito de corrida e caminhada e, em Costa Rica, acontecer\u00e1 o \u00faltimo trein\u00e3o, no dia 11 de julho. Quem vencer o \u201ctrein\u00e3o\u201d garantir\u00e1\u00a0vaga na etapa final da prova na Capital.<\/p>\n<p>Para n\u00e3o se perder, fique atenta ou atento ao calend\u00e1rio:<\/p>\n<p>Corumb\u00e1 (2\u00ba Trein\u00e3o): 16 de maio.<\/p>\n<p>Tr\u00eas Lagoas (3\u00ba Trein\u00e3o): 20 de junho.<\/p>\n<p>Costa\u00a0Rica (4\u00ba Trein\u00e3o): 11 de julho.<\/p>\n<p>A prova principal, a 4\u00aa Corrida dos Poderes, ser\u00e1 realizada em Campo Grande no dia 7 de novembro.<\/p>\n","protected":false},"excerpt":{"rendered":"<p>O calor de quase 30\u00baC e o ambiente arborizado tornaram o clima perfeito para reunir&#8230;<\/p>\n","protected":false},"author":12,"featured_media":11781249,"comment_status":"closed","ping_status":"closed","sticky":false,"template":"","format":"standard","meta":{"footnotes":""},"categories":[11],"tags":[223],"class_list":["post-11781242","post","type-post","status-publish","format-standard","has-post-thumbnail","hentry","category-esporte","tag-esporte"],"_links":{"self":[{"href":"https:\/\/www.corumbaonline.com.br\/news\/wp-json\/wp\/v2\/posts\/11781242","targetHints":{"allow":["GET"]}}],"collection":[{"href":"https:\/\/www.corumbaonline.com.br\/news\/wp-json\/wp\/v2\/posts"}],"about":[{"href":"https:\/\/www.corumbaonline.com.br\/news\/wp-json\/wp\/v2\/types\/post"}],"author":[{"embeddable":true,"href":"https:\/\/www.corumbaonline.com.br\/news\/wp-json\/wp\/v2\/users\/12"}],"replies":[{"embeddable":true,"href":"https:\/\/www.corumbaonline.com.br\/news\/wp-json\/wp\/v2\/comments?post=11781242"}],"version-history":[{"count":1,"href":"https:\/\/www.corumbaonline.com.br\/news\/wp-json\/wp\/v2\/posts\/11781242\/revisions"}],"predecessor-version":[{"id":11781244,"href":"https:\/\/www.corumbaonline.com.br\/news\/wp-json\/wp\/v2\/posts\/11781242\/revisions\/11781244"}],"wp:featuredmedia":[{"embeddable":true,"href":"https:\/\/www.corumbaonline.com.br\/news\/wp-json\/wp\/v2\/media\/11781249"}],"wp:attachment":[{"href":"https:\/\/www.corumbaonline.com.br\/news\/wp-json\/wp\/v2\/media?parent=11781242"}],"wp:term":[{"taxonomy":"category","embeddable":true,"href":"https:\/\/www.corumbaonline.com.br\/news\/wp-json\/wp\/v2\/categories?post=11781242"},{"taxonomy":"post_tag","embeddable":true,"href":"https:\/\/www.corumbaonline.com.br\/news\/wp-json\/wp\/v2\/tags?post=11781242"}],"curies":[{"name":"wp","href":"https:\/\/api.w.org\/{rel}","templated":true}]}}