{"id":11781270,"date":"2026-04-28T09:27:00","date_gmt":"2026-04-28T13:27:00","guid":{"rendered":"https:\/\/www.corumbaonline.com.br\/news\/?p=11781270"},"modified":"2026-04-28T09:12:43","modified_gmt":"2026-04-28T13:12:43","slug":"documentario-resgata-legado-de-mestre-pioneiro-do-taekwondo-em-corumba","status":"publish","type":"post","link":"https:\/\/www.corumbaonline.com.br\/news\/documentario-resgata-legado-de-mestre-pioneiro-do-taekwondo-em-corumba\/","title":{"rendered":"Document\u00e1rio resgata legado de mestre pioneiro do taekwondo em Corumb\u00e1"},"content":{"rendered":"<p>O document\u00e1rio \u201cLuta de Verdade\u201d foi lan\u00e7ado em Corumb\u00e1. A obra retrata a trajet\u00f3ria do gr\u00e3o-mestre Amadeu Dias de Moura, refer\u00eancia no desenvolvimento do taekwondo no Brasil, especialmente nos estados de Mato Grosso e Mato Grosso do Sul, e pioneiro da modalidade no munic\u00edpio. O evento, realizado na noite de sexta-feira, 24 de abril, no Centro de Conven\u00e7\u00f5es, contou com homenagens a pessoas que fizeram parte da trajet\u00f3ria do gr\u00e3o-mestre.<\/p>\n<p><img loading=\"lazy\" decoding=\"async\" class=\"alignright size-medium wp-image-11781272\" src=\"https:\/\/www.corumbaonline.com.br\/news\/wp-content\/uploads\/2026\/04\/foto125861-200x300.jpg\" alt=\"\" width=\"200\" height=\"300\" srcset=\"https:\/\/www.corumbaonline.com.br\/news\/wp-content\/uploads\/2026\/04\/foto125861-200x300.jpg 200w, https:\/\/www.corumbaonline.com.br\/news\/wp-content\/uploads\/2026\/04\/foto125861.jpg 456w\" sizes=\"auto, (max-width: 200px) 100vw, 200px\" \/>A obra apresentou n\u00e3o apenas conquistas esportivas, mas tamb\u00e9m epis\u00f3dios marcados por disciplina, coragem e dedica\u00e7\u00e3o \u00e0 forma\u00e7\u00e3o de jovens. Ao longo da exibi\u00e7\u00e3o, o p\u00fablico acompanhou relatos sobre o impacto social do trabalho do mestre, associado \u00e0 promo\u00e7\u00e3o de valores como perseveran\u00e7a e cidadania.\u00a0<\/p>\n<p>Filha do homenageado, Jaqueline Ferri destacou o significado do document\u00e1rio para a fam\u00edlia. \u201c\u00c9 um orgulho muito grande. Estamos resgatando essa hist\u00f3ria para que todos conhe\u00e7am a import\u00e2ncia de um trabalho dedicado ao esporte, feito por amor\u201d, afirmou. A produ\u00e7\u00e3o levou cerca de um ano para ser conclu\u00edda. \u201cCome\u00e7amos exatamente em abril do ano passado, garimpando pessoas para o evento\u201d, disse.<\/p>\n<p>Jaqueline tamb\u00e9m informou que o projeto ter\u00e1 continuidade. \u201cVamos incluir essas pessoas que n\u00e3o entraram nesta primeira parte. Pela internet, conheci um rapaz que treinou com meu pai na d\u00e9cada de 70\u201d, afirmou.<\/p>\n<p>Aos 89 anos, o gr\u00e3o-mestre acompanhou o lan\u00e7amento. \u201cHoje \u00e9 um dia emocionante para n\u00f3s e para ele\u201d, relatou a filha, ao destacar a presen\u00e7a do p\u00fablico no evento.<\/p>\n<p><img loading=\"lazy\" decoding=\"async\" class=\"alignleft size-medium wp-image-11781273\" src=\"https:\/\/www.corumbaonline.com.br\/news\/wp-content\/uploads\/2026\/04\/foto125862-300x200.jpg\" alt=\"\" width=\"300\" height=\"200\" srcset=\"https:\/\/www.corumbaonline.com.br\/news\/wp-content\/uploads\/2026\/04\/foto125862-300x200.jpg 300w, https:\/\/www.corumbaonline.com.br\/news\/wp-content\/uploads\/2026\/04\/foto125862-768x512.jpg 768w, https:\/\/www.corumbaonline.com.br\/news\/wp-content\/uploads\/2026\/04\/foto125862.jpg 1024w\" sizes=\"auto, (max-width: 300px) 100vw, 300px\" \/>A diretora-presidente da Funda\u00e7\u00e3o de Esportes de Corumb\u00e1 (Funec), Michele Ferri, ressaltou o impacto social do trabalho do mestre. \u201c\u00c9 importante para mostrar quem foi o mestre Amadeu e quantas crian\u00e7as e jovens ele ajudou por meio do esporte\u201d, afirmou.<\/p>\n<p>Segundo ela, o document\u00e1rio contribuiu para preservar a mem\u00f3ria do trabalho desenvolvido ao longo de d\u00e9cadas. \u201cAs pessoas precisam ser homenageadas em vida. Nem sempre isso \u00e9 poss\u00edvel, mas \u00e9 importante quando acontece\u201d, afirmou.<\/p>\n<p>Produzido de forma independente, o projeto foi financiado com recursos pr\u00f3prios da fam\u00edlia, conforme relatou Jaqueline Ferri. A iniciativa, idealizada desde 2016, foi retomada e conclu\u00edda ap\u00f3s dificuldades iniciais.<\/p>\n\n\n<figure class=\"wp-block-gallery has-nested-images columns-default is-cropped wp-block-gallery-1 is-layout-flex wp-block-gallery-is-layout-flex\">\n<figure class=\"wp-block-image\"><img loading=\"lazy\" decoding=\"async\" width=\"1023\" height=\"683\" data-id=\"11781276\" src=\"https:\/\/www.corumbaonline.com.br\/news\/wp-content\/uploads\/2026\/04\/foto125865.jpg\" alt=\"\" class=\"wp-image-11781276\" srcset=\"https:\/\/www.corumbaonline.com.br\/news\/wp-content\/uploads\/2026\/04\/foto125865.jpg 1023w, https:\/\/www.corumbaonline.com.br\/news\/wp-content\/uploads\/2026\/04\/foto125865-300x200.jpg 300w, https:\/\/www.corumbaonline.com.br\/news\/wp-content\/uploads\/2026\/04\/foto125865-768x513.jpg 768w\" sizes=\"auto, (max-width: 1023px) 100vw, 1023px\" \/><\/figure>\n\n\n\n<figure class=\"wp-block-image\"><img loading=\"lazy\" decoding=\"async\" width=\"1024\" height=\"683\" data-id=\"11781275\" src=\"https:\/\/www.corumbaonline.com.br\/news\/wp-content\/uploads\/2026\/04\/foto125864.jpg\" alt=\"\" class=\"wp-image-11781275\" srcset=\"https:\/\/www.corumbaonline.com.br\/news\/wp-content\/uploads\/2026\/04\/foto125864.jpg 1024w, https:\/\/www.corumbaonline.com.br\/news\/wp-content\/uploads\/2026\/04\/foto125864-300x200.jpg 300w, https:\/\/www.corumbaonline.com.br\/news\/wp-content\/uploads\/2026\/04\/foto125864-768x512.jpg 768w\" sizes=\"auto, (max-width: 1024px) 100vw, 1024px\" \/><\/figure>\n\n\n\n<figure class=\"wp-block-image\"><img loading=\"lazy\" decoding=\"async\" width=\"1024\" height=\"683\" data-id=\"11781274\" src=\"https:\/\/www.corumbaonline.com.br\/news\/wp-content\/uploads\/2026\/04\/foto125863.jpg\" alt=\"\" class=\"wp-image-11781274\" srcset=\"https:\/\/www.corumbaonline.com.br\/news\/wp-content\/uploads\/2026\/04\/foto125863.jpg 1024w, https:\/\/www.corumbaonline.com.br\/news\/wp-content\/uploads\/2026\/04\/foto125863-300x200.jpg 300w, https:\/\/www.corumbaonline.com.br\/news\/wp-content\/uploads\/2026\/04\/foto125863-768x512.jpg 768w\" sizes=\"auto, (max-width: 1024px) 100vw, 1024px\" \/><\/figure>\n\n\n\n<figure class=\"wp-block-image\"><img loading=\"lazy\" decoding=\"async\" width=\"1024\" height=\"683\" data-id=\"11781273\" src=\"https:\/\/www.corumbaonline.com.br\/news\/wp-content\/uploads\/2026\/04\/foto125862.jpg\" alt=\"\" class=\"wp-image-11781273\" srcset=\"https:\/\/www.corumbaonline.com.br\/news\/wp-content\/uploads\/2026\/04\/foto125862.jpg 1024w, https:\/\/www.corumbaonline.com.br\/news\/wp-content\/uploads\/2026\/04\/foto125862-300x200.jpg 300w, https:\/\/www.corumbaonline.com.br\/news\/wp-content\/uploads\/2026\/04\/foto125862-768x512.jpg 768w\" sizes=\"auto, (max-width: 1024px) 100vw, 1024px\" \/><\/figure>\n\n\n\n<figure class=\"wp-block-image\"><img loading=\"lazy\" decoding=\"async\" width=\"456\" height=\"683\" data-id=\"11781272\" src=\"https:\/\/www.corumbaonline.com.br\/news\/wp-content\/uploads\/2026\/04\/foto125861.jpg\" alt=\"\" class=\"wp-image-11781272\" srcset=\"https:\/\/www.corumbaonline.com.br\/news\/wp-content\/uploads\/2026\/04\/foto125861.jpg 456w, https:\/\/www.corumbaonline.com.br\/news\/wp-content\/uploads\/2026\/04\/foto125861-200x300.jpg 200w\" sizes=\"auto, (max-width: 456px) 100vw, 456px\" \/><\/figure>\n\n\n\n<figure class=\"wp-block-image\"><img loading=\"lazy\" decoding=\"async\" width=\"1024\" height=\"683\" data-id=\"11781271\" src=\"https:\/\/www.corumbaonline.com.br\/news\/wp-content\/uploads\/2026\/04\/foto125860.jpg\" alt=\"\" class=\"wp-image-11781271\" srcset=\"https:\/\/www.corumbaonline.com.br\/news\/wp-content\/uploads\/2026\/04\/foto125860.jpg 1024w, https:\/\/www.corumbaonline.com.br\/news\/wp-content\/uploads\/2026\/04\/foto125860-300x200.jpg 300w, https:\/\/www.corumbaonline.com.br\/news\/wp-content\/uploads\/2026\/04\/foto125860-768x512.jpg 768w\" sizes=\"auto, (max-width: 1024px) 100vw, 1024px\" \/><figcaption class=\"wp-element-caption\">(Foto: Ren\u00ea Marcio Carneiro \/ PMC)<\/figcaption><\/figure>\n<\/figure>\n","protected":false},"excerpt":{"rendered":"<p>O document\u00e1rio \u201cLuta de Verdade\u201d foi lan\u00e7ado em Corumb\u00e1. A obra retrata a trajet\u00f3ria do&#8230;<\/p>\n","protected":false},"author":70,"featured_media":11781271,"comment_status":"closed","ping_status":"closed","sticky":false,"template":"","format":"standard","meta":{"footnotes":""},"categories":[8,11],"tags":[223],"class_list":["post-11781270","post","type-post","status-publish","format-standard","has-post-thumbnail","hentry","category-destaque","category-esporte","tag-esporte"],"_links":{"self":[{"href":"https:\/\/www.corumbaonline.com.br\/news\/wp-json\/wp\/v2\/posts\/11781270","targetHints":{"allow":["GET"]}}],"collection":[{"href":"https:\/\/www.corumbaonline.com.br\/news\/wp-json\/wp\/v2\/posts"}],"about":[{"href":"https:\/\/www.corumbaonline.com.br\/news\/wp-json\/wp\/v2\/types\/post"}],"author":[{"embeddable":true,"href":"https:\/\/www.corumbaonline.com.br\/news\/wp-json\/wp\/v2\/users\/70"}],"replies":[{"embeddable":true,"href":"https:\/\/www.corumbaonline.com.br\/news\/wp-json\/wp\/v2\/comments?post=11781270"}],"version-history":[{"count":1,"href":"https:\/\/www.corumbaonline.com.br\/news\/wp-json\/wp\/v2\/posts\/11781270\/revisions"}],"predecessor-version":[{"id":11781277,"href":"https:\/\/www.corumbaonline.com.br\/news\/wp-json\/wp\/v2\/posts\/11781270\/revisions\/11781277"}],"wp:featuredmedia":[{"embeddable":true,"href":"https:\/\/www.corumbaonline.com.br\/news\/wp-json\/wp\/v2\/media\/11781271"}],"wp:attachment":[{"href":"https:\/\/www.corumbaonline.com.br\/news\/wp-json\/wp\/v2\/media?parent=11781270"}],"wp:term":[{"taxonomy":"category","embeddable":true,"href":"https:\/\/www.corumbaonline.com.br\/news\/wp-json\/wp\/v2\/categories?post=11781270"},{"taxonomy":"post_tag","embeddable":true,"href":"https:\/\/www.corumbaonline.com.br\/news\/wp-json\/wp\/v2\/tags?post=11781270"}],"curies":[{"name":"wp","href":"https:\/\/api.w.org\/{rel}","templated":true}]}}