{"id":11781282,"date":"2026-04-28T10:45:00","date_gmt":"2026-04-28T14:45:00","guid":{"rendered":"https:\/\/www.corumbaonline.com.br\/news\/?p=11781282"},"modified":"2026-04-28T11:53:40","modified_gmt":"2026-04-28T15:53:40","slug":"bombeiros-do-amolar-realizam-dois-resgates-em-areas-remotas-do-pantanal","status":"publish","type":"post","link":"https:\/\/www.corumbaonline.com.br\/news\/bombeiros-do-amolar-realizam-dois-resgates-em-areas-remotas-do-pantanal\/","title":{"rendered":"Bombeiros do Amolar realizam dois resgates em \u00e1reas remotas do Pantanal"},"content":{"rendered":"<p>A Base Avan\u00e7ada do Amolar, localizada a cerca de 250 km da \u00e1rea urbana de Corumb\u00e1, refor\u00e7ou neste fim de semana sua import\u00e2ncia estrat\u00e9gica ao realizar dois resgates de emerg\u00eancia em regi\u00f5es de dif\u00edcil acesso do Pantanal.<\/p>\n<p>O primeiro atendimento ocorreu por volta das 8h50, quando a guarni\u00e7\u00e3o foi acionada para socorrer um homem de 68 anos, v\u00edtima de queda de aproximadamente tr\u00eas metros ap\u00f3s acidente em telhado. Consciente e orientado, o paciente apresentava suspeita de fratura no bra\u00e7o direito e dores na regi\u00e3o cervical. Ap\u00f3s os primeiros socorros e imobiliza\u00e7\u00e3o, o transporte foi iniciado por via fluvial, j\u00e1 que as condi\u00e7\u00f5es meteorol\u00f3gicas impediram o apoio a\u00e9reo imediato.<\/p>\n<p>Durante o deslocamento, \u00e0s 12h27, a base recebeu novo chamado: um trabalhador de 57 anos, funcion\u00e1rio de uma embarca\u00e7\u00e3o de turismo, sofreu mal s\u00fabito com dores no t\u00f3rax e musculares. Com hist\u00f3rico card\u00edaco, ele foi atendido ainda na base e tamb\u00e9m encaminhado para avalia\u00e7\u00e3o m\u00e9dica especializada.<\/p>\n<p>Seguindo a log\u00edstica de resgate, ambas as v\u00edtimas foram levadas at\u00e9 o Porto do Tetelo e transferidas para a embarca\u00e7\u00e3o do 3\u00ba GBM, respons\u00e1vel pelo deslocamento final at\u00e9 Corumb\u00e1, garantindo a continuidade do atendimento hospitalar.<\/p>\n<p>As ocorr\u00eancias evidenciam o papel fundamental da Base Avan\u00e7ada do Amolar, que atua n\u00e3o apenas no combate a inc\u00eandios florestais, mas tamb\u00e9m no atendimento a ribeirinhos, trabalhadores e turistas em regi\u00f5es remotas do Pantanal, onde o tempo de resposta \u00e9 decisivo para salvar vidas.<\/p>\n","protected":false},"excerpt":{"rendered":"<p>A Base Avan\u00e7ada do Amolar, localizada a cerca de 250 km da \u00e1rea urbana de&#8230;<\/p>\n","protected":false},"author":6,"featured_media":11781283,"comment_status":"closed","ping_status":"closed","sticky":false,"template":"","format":"standard","meta":{"footnotes":""},"categories":[18],"tags":[249],"class_list":["post-11781282","post","type-post","status-publish","format-standard","has-post-thumbnail","hentry","category-seguranca","tag-seguranca"],"_links":{"self":[{"href":"https:\/\/www.corumbaonline.com.br\/news\/wp-json\/wp\/v2\/posts\/11781282","targetHints":{"allow":["GET"]}}],"collection":[{"href":"https:\/\/www.corumbaonline.com.br\/news\/wp-json\/wp\/v2\/posts"}],"about":[{"href":"https:\/\/www.corumbaonline.com.br\/news\/wp-json\/wp\/v2\/types\/post"}],"author":[{"embeddable":true,"href":"https:\/\/www.corumbaonline.com.br\/news\/wp-json\/wp\/v2\/users\/6"}],"replies":[{"embeddable":true,"href":"https:\/\/www.corumbaonline.com.br\/news\/wp-json\/wp\/v2\/comments?post=11781282"}],"version-history":[{"count":1,"href":"https:\/\/www.corumbaonline.com.br\/news\/wp-json\/wp\/v2\/posts\/11781282\/revisions"}],"predecessor-version":[{"id":11781284,"href":"https:\/\/www.corumbaonline.com.br\/news\/wp-json\/wp\/v2\/posts\/11781282\/revisions\/11781284"}],"wp:featuredmedia":[{"embeddable":true,"href":"https:\/\/www.corumbaonline.com.br\/news\/wp-json\/wp\/v2\/media\/11781283"}],"wp:attachment":[{"href":"https:\/\/www.corumbaonline.com.br\/news\/wp-json\/wp\/v2\/media?parent=11781282"}],"wp:term":[{"taxonomy":"category","embeddable":true,"href":"https:\/\/www.corumbaonline.com.br\/news\/wp-json\/wp\/v2\/categories?post=11781282"},{"taxonomy":"post_tag","embeddable":true,"href":"https:\/\/www.corumbaonline.com.br\/news\/wp-json\/wp\/v2\/tags?post=11781282"}],"curies":[{"name":"wp","href":"https:\/\/api.w.org\/{rel}","templated":true}]}}