{"id":11781285,"date":"2026-04-28T11:24:00","date_gmt":"2026-04-28T15:24:00","guid":{"rendered":"https:\/\/www.corumbaonline.com.br\/news\/?p=11781285"},"modified":"2026-04-28T11:56:36","modified_gmt":"2026-04-28T15:56:36","slug":"policia-militar-prende-homem-por-trafico-de-drogas-e-posse-irregular-de-arma-em-corumba","status":"publish","type":"post","link":"https:\/\/www.corumbaonline.com.br\/news\/policia-militar-prende-homem-por-trafico-de-drogas-e-posse-irregular-de-arma-em-corumba\/","title":{"rendered":"Pol\u00edcia Militar prende homem por tr\u00e1fico de drogas e posse irregular de arma em Corumb\u00e1"},"content":{"rendered":"<p>Na tarde desta segunda-feira (27), a Pol\u00edcia Militar prendeu um homem de 46 anos pelos crimes de tr\u00e1fico de drogas e posse irregular de arma de fogo no bairro Centro Am\u00e9rica, em Corumb\u00e1. A a\u00e7\u00e3o resultou na apreens\u00e3o de um rev\u00f3lver, muni\u00e7\u00f5es, entorpecente e dinheiro em esp\u00e9cie.<\/p>\n<p>A equipe de R\u00e1dio Patrulha de Tr\u00e2nsito realizava rondas pela rua Rubi quando avistou tr\u00eas indiv\u00edduos em atitude suspeita. Com a aproxima\u00e7\u00e3o da viatura, dois deles fugiram e n\u00e3o foram localizados. O terceiro foi abordado e, durante buscas nas imedia\u00e7\u00f5es, os policiais encontraram um rev\u00f3lver calibre .38 com numera\u00e7\u00e3o suprimida, municiado com cinco muni\u00e7\u00f5es intactas e um estojo deflagrado. Tamb\u00e9m foram apreendidas outras muni\u00e7\u00f5es, inclusive de calibre .12, al\u00e9m de aproximadamente 26 gramas de subst\u00e2ncia an\u00e1loga \u00e0 maconha, parte j\u00e1 fracionada e embalada.<\/p>\n<p>No local, foram recolhidos ainda objetos utilizados no preparo da droga, como tesoura e faca, al\u00e9m de dinheiro trocado \u2014 ind\u00edcio comum em atividades de tr\u00e1fico. O suspeito alegou que os materiais pertenciam aos indiv\u00edduos que fugiram, mas diante das evid\u00eancias recebeu voz de pris\u00e3o.<\/p>\n<p>O homem e todo o material apreendido foram encaminhados \u00e0 Primeira Delegacia de Pol\u00edcia Civil para as provid\u00eancias legais cab\u00edveis.<\/p>\n","protected":false},"excerpt":{"rendered":"<p>Na tarde desta segunda-feira (27), a Pol\u00edcia Militar prendeu um homem de 46 anos pelos&#8230;<\/p>\n","protected":false},"author":6,"featured_media":11781286,"comment_status":"closed","ping_status":"closed","sticky":false,"template":"","format":"standard","meta":{"footnotes":""},"categories":[18],"tags":[249],"class_list":["post-11781285","post","type-post","status-publish","format-standard","has-post-thumbnail","hentry","category-seguranca","tag-seguranca"],"_links":{"self":[{"href":"https:\/\/www.corumbaonline.com.br\/news\/wp-json\/wp\/v2\/posts\/11781285","targetHints":{"allow":["GET"]}}],"collection":[{"href":"https:\/\/www.corumbaonline.com.br\/news\/wp-json\/wp\/v2\/posts"}],"about":[{"href":"https:\/\/www.corumbaonline.com.br\/news\/wp-json\/wp\/v2\/types\/post"}],"author":[{"embeddable":true,"href":"https:\/\/www.corumbaonline.com.br\/news\/wp-json\/wp\/v2\/users\/6"}],"replies":[{"embeddable":true,"href":"https:\/\/www.corumbaonline.com.br\/news\/wp-json\/wp\/v2\/comments?post=11781285"}],"version-history":[{"count":1,"href":"https:\/\/www.corumbaonline.com.br\/news\/wp-json\/wp\/v2\/posts\/11781285\/revisions"}],"predecessor-version":[{"id":11781287,"href":"https:\/\/www.corumbaonline.com.br\/news\/wp-json\/wp\/v2\/posts\/11781285\/revisions\/11781287"}],"wp:featuredmedia":[{"embeddable":true,"href":"https:\/\/www.corumbaonline.com.br\/news\/wp-json\/wp\/v2\/media\/11781286"}],"wp:attachment":[{"href":"https:\/\/www.corumbaonline.com.br\/news\/wp-json\/wp\/v2\/media?parent=11781285"}],"wp:term":[{"taxonomy":"category","embeddable":true,"href":"https:\/\/www.corumbaonline.com.br\/news\/wp-json\/wp\/v2\/categories?post=11781285"},{"taxonomy":"post_tag","embeddable":true,"href":"https:\/\/www.corumbaonline.com.br\/news\/wp-json\/wp\/v2\/tags?post=11781285"}],"curies":[{"name":"wp","href":"https:\/\/api.w.org\/{rel}","templated":true}]}}